{"id":21752,"date":"2023-06-21T10:38:40","date_gmt":"2023-06-21T13:38:40","guid":{"rendered":"https:\/\/wpa.wscom.com.br\/?p=907354"},"modified":"2023-06-21T10:38:40","modified_gmt":"2023-06-21T13:38:40","slug":"cicero-descarta-reforma-administrativa-e-diz-que-psb-tem-escancarados-espacos-na-prefeitura","status":"publish","type":"post","link":"https:\/\/sindaopcpb.org.br\/index.php\/2023\/06\/21\/cicero-descarta-reforma-administrativa-e-diz-que-psb-tem-escancarados-espacos-na-prefeitura\/","title":{"rendered":"C\u00edcero descarta reforma administrativa e diz que PSB tem \u2018escancarados\u2019 espa\u00e7os na Prefeitura"},"content":{"rendered":"<p><span style=\"font-weight: 400;\">O prefeito de Jo\u00e3o Pessoa, C\u00edcero Lucena (PP), rebateu nesta quarta-feira (21) boatos de reforma administrativa na Prefeitura de Jo\u00e3o Pessoa.<\/span><\/p>\n<p>Questionado sobre os espa\u00e7os do PSB na gest\u00e3o, ele declarou que o partido tem quadros qualificados e ter\u00e1 os espa\u00e7os que pleitear.<\/p>\n<p><span style=\"font-weight: 400;\">\u201cO PSB tem sempre escancarados os espa\u00e7os na Prefeitura dentro da rela\u00e7\u00e3o que convivemos. Se for interesse do PSB em colaborar com a administra\u00e7\u00e3o, vamos estudar isso com tranquilidade, at\u00e9 porque eles t\u00eam quadros, mas n\u00e3o h\u00e1 essa not\u00edcia de reforma administrativa\u201d, falou.<\/span><\/p>\n<p>&nbsp;<\/p>\n<p><span style=\"font-weight: 400;\">\u00a0C\u00edcero Lucena lan\u00e7ou hoje o Programa de Aquisi\u00e7\u00e3o de Alimentos ( PAA), realizado em parceria com o Governo Federal. Ele destacou a iniciativa que visa melhorar a seguran\u00e7a alimentar da popula\u00e7\u00e3o.<\/span><\/p>\n<p>&nbsp;<\/p>\n<p><span style=\"font-weight: 400;\">\u201cQueremos reduzir a fome, gerar emprego. Faz mais de um ano que Jo\u00e3o Pessoa tem taxas de emprego positivas. Captar empresas para que venhamos e instalar aqui na capital\u201d, declarou.<\/span><\/p>\n<p>O post <a rel=\"nofollow noopener\" href=\"https:\/\/wscom.com.br\/cicero-descarta-reforma-administrativa-e-diz-que-psb-tem-escancarados-espacos-na-prefeitura\/\" target=\"_blank\">C\u00edcero descarta reforma administrativa e diz que PSB tem &#8216;escancarados&#8217; espa\u00e7os na Prefeitura<\/a> apareceu primeiro em <a rel=\"nofollow noopener\" href=\"https:\/\/wscom.com.br\/\" target=\"_blank\">WSCOM<\/a>.<\/p>\n","protected":false},"excerpt":{"rendered":"<p>O prefeito de Jo\u00e3o Pessoa, C\u00edcero Lucena (PP), rebateu nesta quarta-feira (21) boatos de reforma administrativa na Prefeitura de Jo\u00e3o Pessoa. Questionado sobre os espa\u00e7os do PSB na gest\u00e3o, ele declarou que o partido tem quadros qualificados e ter\u00e1 os espa\u00e7os que pleitear. \u201cO PSB tem sempre escancarados os espa\u00e7os na Prefeitura dentro da rela\u00e7\u00e3o [\u2026]<\/p>\n<p>O post <a rel=\"nofollow\" href=\"https:\/\/wscom.com.br\/cicero-descarta-reforma-administrativa-e-diz-que-psb-tem-escancarados-espacos-na-prefeitura\/\">C\u00edcero descarta reforma administrativa e diz que PSB tem \u2018escancarados\u2019 espa\u00e7os na Prefeitura<\/a> apareceu primeiro em <a rel=\"nofollow\" href=\"https:\/\/wscom.com.br\/\">WSCOM<\/a>.<\/p>\n","protected":false},"author":50,"featured_media":0,"comment_status":"closed","ping_status":"closed","sticky":false,"template":"","format":"standard","meta":{"advgb_blocks_editor_width":"","advgb_blocks_columns_visual_guide":"","footnotes":""},"categories":[],"tags":[35],"class_list":["post-21752","post","type-post","status-publish","format-standard","hentry","tag-g1"],"author_meta":{"display_name":"Wallyson","author_link":"https:\/\/sindaopcpb.org.br\/author\/wallyson\/"},"featured_img":null,"coauthors":[],"tax_additional":{"tags":{"linked":["<a href=\"\" class=\"advgb-post-tax-term\">g1<\/a>"],"unlinked":["<span class=\"advgb-post-tax-term\">g1<\/span>"]}},"comment_count":"0","relative_dates":{"created":"Publicado 3 anos atr\u00e1s","modified":"Atualizado 3 anos atr\u00e1s"},"absolute_dates":{"created":"Publicado em 21 de junho de 2023","modified":"Atualizado em 21 de junho de 2023"},"absolute_dates_time":{"created":"Publicado em 21 de junho de 2023 10:38","modified":"Atualizado em 21 de junho de 2023 10:38"},"featured_img_caption":"","series_order":"","_links":{"self":[{"href":"https:\/\/sindaopcpb.org.br\/index.php\/wp-json\/wp\/v2\/posts\/21752","targetHints":{"allow":["GET"]}}],"collection":[{"href":"https:\/\/sindaopcpb.org.br\/index.php\/wp-json\/wp\/v2\/posts"}],"about":[{"href":"https:\/\/sindaopcpb.org.br\/index.php\/wp-json\/wp\/v2\/types\/post"}],"author":[{"embeddable":true,"href":"https:\/\/sindaopcpb.org.br\/index.php\/wp-json\/wp\/v2\/users\/50"}],"replies":[{"embeddable":true,"href":"https:\/\/sindaopcpb.org.br\/index.php\/wp-json\/wp\/v2\/comments?post=21752"}],"version-history":[{"count":1,"href":"https:\/\/sindaopcpb.org.br\/index.php\/wp-json\/wp\/v2\/posts\/21752\/revisions"}],"predecessor-version":[{"id":21753,"href":"https:\/\/sindaopcpb.org.br\/index.php\/wp-json\/wp\/v2\/posts\/21752\/revisions\/21753"}],"wp:attachment":[{"href":"https:\/\/sindaopcpb.org.br\/index.php\/wp-json\/wp\/v2\/media?parent=21752"}],"wp:term":[{"taxonomy":"category","embeddable":true,"href":"https:\/\/sindaopcpb.org.br\/index.php\/wp-json\/wp\/v2\/categories?post=21752"},{"taxonomy":"post_tag","embeddable":true,"href":"https:\/\/sindaopcpb.org.br\/index.php\/wp-json\/wp\/v2\/tags?post=21752"}],"curies":[{"name":"wp","href":"https:\/\/api.w.org\/{rel}","templated":true}]}}