{"id":21746,"date":"2023-06-21T09:57:53","date_gmt":"2023-06-21T12:57:53","guid":{"rendered":"https:\/\/www.infomoney.com.br\/?p=2166506"},"modified":"2023-06-21T09:57:53","modified_gmt":"2023-06-21T12:57:53","slug":"lira-quer-votar-arcabouco-carf-e-reforma-tributaria-a-partir-de-julho","status":"publish","type":"post","link":"https:\/\/sindaopcpb.org.br\/index.php\/2023\/06\/21\/lira-quer-votar-arcabouco-carf-e-reforma-tributaria-a-partir-de-julho\/","title":{"rendered":"Lira quer votar arcabou\u00e7o, Carf e reforma tribut\u00e1ria a partir de julho"},"content":{"rendered":"<p><img loading=\"lazy\" width=\"300\" height=\"225\" src=\"https:\/\/www.infomoney.com.br\/wp-content\/uploads\/2023\/06\/reuniao-arcabouco-fiscal_mcamgo_abr_23052023-16.jpg?fit=300%2C225&amp;quality=70&amp;strip=all\" class=\"attachment-medium size-medium wp-post-image\" alt=\"\" decoding=\"async\" style=\"float:right; margin:0 0 10px 10px;\" srcset=\"https:\/\/www.infomoney.com.br\/wp-content\/uploads\/2023\/06\/reuniao-arcabouco-fiscal_mcamgo_abr_23052023-16.jpg?w=1024&amp;quality=70&amp;strip=all 1024w, https:\/\/www.infomoney.com.br\/wp-content\/uploads\/2023\/06\/reuniao-arcabouco-fiscal_mcamgo_abr_23052023-16.jpg?w=300&amp;quality=70&amp;strip=all 300w, https:\/\/www.infomoney.com.br\/wp-content\/uploads\/2023\/06\/reuniao-arcabouco-fiscal_mcamgo_abr_23052023-16.jpg?w=768&amp;quality=70&amp;strip=all 768w, https:\/\/www.infomoney.com.br\/wp-content\/uploads\/2023\/06\/reuniao-arcabouco-fiscal_mcamgo_abr_23052023-16.jpg?w=150&amp;quality=70&amp;strip=all 150w\" sizes=\"auto, (max-width: 300px) 100vw, 300px\" data-attachment-id=\"2166521\" data-permalink=\"https:\/\/www.infomoney.com.br\/politica\/lira-quer-votar-arcabouco-carf-e-reforma-tributaria-a-partir-de-julho\/attachment\/reuniao-arcabouco-fiscal_mcamgo_abr_23052023-16\/\" data-orig-file=\"https:\/\/www.infomoney.com.br\/wp-content\/uploads\/2023\/06\/reuniao-arcabouco-fiscal_mcamgo_abr_23052023-16.jpg?fit=1024%2C768&amp;quality=70&amp;strip=all\" data-orig-size=\"1024,768\" data-comments-opened=\"0\" data-image-meta=\"{&quot;aperture&quot;:&quot;2.8&quot;,&quot;credit&quot;:&quot;Marcelo Camargo\\\/Ag\\u00eancia Brasil&quot;,&quot;camera&quot;:&quot;Canon EOS-1D X&quot;,&quot;caption&quot;:&quot;Bras\\u00edlia (DF), 23\\\/05\\\/2023 - O ministro da Fazenda, Fernando Haddad, e os presidentes da C\\u00e2mara, Arthur Lira, e do Senado, Rodrigo Pacheco, durante entrevista ap\\u00f3s reuni\\u00e3o na resid\\u00eancia oficial da presid\\u00eancia do Senado. Foto: Marcelo Camargo\\\/Ag\\u00eancia Brasil&quot;,&quot;created_timestamp&quot;:&quot;1684849128&quot;,&quot;copyright&quot;:&quot;Ag\\u00eancia Brasil\\\/EBC&quot;,&quot;focal_length&quot;:&quot;130&quot;,&quot;iso&quot;:&quot;2000&quot;,&quot;shutter_speed&quot;:&quot;0.003125&quot;,&quot;title&quot;:&quot;&quot;,&quot;orientation&quot;:&quot;0&quot;}\" data-image-title=\"reuniao-arcabouco-fiscal_mcamgo_abr_23052023-16\" data-image-description=\"\" data-image-caption=\"&lt;p&gt;Bras\u00edlia (DF), 23\/05\/2023 &#8211; O ministro da Fazenda, Fernando Haddad, e os presidentes da C\u00e2mara, Arthur Lira, e do Senado, Rodrigo Pacheco, durante entrevista ap\u00f3s reuni\u00e3o na resid\u00eancia oficial da presid\u00eancia do Senado. Foto: Marcelo Camargo\/Ag\u00eancia Brasil&lt;\/p&gt;\n\" data-medium-file=\"https:\/\/www.infomoney.com.br\/wp-content\/uploads\/2023\/06\/reuniao-arcabouco-fiscal_mcamgo_abr_23052023-16.jpg?fit=300%2C225&amp;quality=70&amp;strip=all\" data-large-file=\"https:\/\/www.infomoney.com.br\/wp-content\/uploads\/2023\/06\/reuniao-arcabouco-fiscal_mcamgo_abr_23052023-16.jpg?fit=1024%2C768&amp;quality=70&amp;strip=all\" title=\"\"><\/p>\n<p>O presidente da C\u00e2mara dos Deputados, Arthur Lira, disse que a Casa s\u00f3 deve votar a partir de 4 de julho o novo arcabou\u00e7o fiscal alterado pelo Senado, bem como o projeto que reformula o Conselho de Administra\u00e7\u00e3o de Recursos Fiscais (Carf). Apesar da concentra\u00e7\u00e3o de vota\u00e7\u00f5es, ele manteve a promessa de votar a reforma tribut\u00e1ria na primeira semana do pr\u00f3ximo m\u00eas.<\/p>\n<p>O presidente da C\u00e2mara deu a declara\u00e7\u00e3o nesta ter\u00e7a-feira (20) ap\u00f3s se reunir com o ministro da Fazenda, Fernando Haddad, na sede do minist\u00e9rio. Tamb\u00e9m participaram do encontro o ministro da Secretaria de Rela\u00e7\u00f5es Institucionais, Alexandre Padilha, e o l\u00edder do governo na C\u00e2mara, deputado Jos\u00e9 Guimar\u00e3es (PT-CE).<\/p>\n<p>Segundo Lira, a ideia \u00e9 fazer um esfor\u00e7o concentrado na primeira semana de julho para votar os tr\u00eas temas. \u201cQueremos fazer uma semana intensiva. Discutiremos Carf, arcabou\u00e7o e reforma tribut\u00e1ria\u201d, declarou.<\/p>\n<p>Os tr\u00eas trataram com o ministro sobre as altera\u00e7\u00f5es no projeto novo arcabou\u00e7o fiscal, cujo relat\u00f3rio foi apresentado na Comiss\u00e3o de Assuntos Econ\u00f4micos (CAE) do Senado, com altera\u00e7\u00f5es em rela\u00e7\u00e3o ao texto aprovado pelos deputados. O Senado pretende votar a proposta ainda nesta semana e remet\u00ea-la de volta \u00e0 C\u00e2mara.<\/p>\n<h2><strong>Mudan\u00e7as<\/strong><\/h2>\n<p>Al\u00e9m de mudan\u00e7as negociadas anteriormente, como a retirada de gastos do Fundo Constitucional do Distrito Federal (FCDF) e do Fundo de Manuten\u00e7\u00e3o e Desenvolvimento da Educa\u00e7\u00e3o B\u00e1sica (Fundeb), o senador Omar Aziz (PSD-AM) excluiu do arcabou\u00e7o os gastos com ci\u00eancia e tecnologia.<\/p>\n<p>O presidente da C\u00e2mara evitou comentar sobre o arcabou\u00e7o fiscal, mas admitiu que o texto foi mais alterado em rela\u00e7\u00e3o ao inicialmente informado. \u201cNa conversa que tive com o senador Omar Aziz, ele falou de uma ou duas. Hoje j\u00e1 se fala em mais. Ent\u00e3o, a gente tem de esperar. Vamos esperar a vota\u00e7\u00e3o [do arcabou\u00e7o] no Senado com naturalidade\u201d, declarou.<\/p>\n<h2><strong>Reforma tribut\u00e1ria<\/strong><\/h2>\n<p>Em rela\u00e7\u00e3o \u00e0 reforma tribut\u00e1ria, Lira disse que o relat\u00f3rio do deputado Aguinaldo Ribeiro (PP-PB) est\u00e1 pronto e deve ser apresentado nesta quinta-feira (22), ap\u00f3s a reuni\u00e3o com governadores. \u201cComo convidamos governadores, seria deseleg\u00e2ncia liberar o texto hoje. A apresenta\u00e7\u00e3o do relat\u00f3rio fatalmente n\u00e3o passar\u00e1 de quinta-feira\u201d, justificou.<\/p>\n<p>The post <a rel=\"nofollow noopener\" href=\"https:\/\/www.infomoney.com.br\/politica\/lira-quer-votar-arcabouco-carf-e-reforma-tributaria-a-partir-de-julho\/\" target=\"_blank\">Lira quer votar arcabou\u00e7o, Carf e reforma tribut\u00e1ria a partir de julho<\/a> appeared first on <a rel=\"nofollow noopener\" href=\"https:\/\/www.infomoney.com.br\/\" target=\"_blank\">InfoMoney<\/a>.<\/p>\n","protected":false},"excerpt":{"rendered":"<p><img loading=\"lazy\" decoding=\"async\" width=\"300\" height=\"225\" src=\"https:\/\/www.infomoney.com.br\/wp-content\/uploads\/2023\/06\/reuniao-arcabouco-fiscal_mcamgo_abr_23052023-16.jpg?fit=300%2C225&amp;quality=70&amp;strip=all\" class=\"attachment-medium size-medium wp-post-image\" alt=\"\" data-attachment-id=\"2166521\" data-permalink=\"https:\/\/www.infomoney.com.br\/politica\/lira-quer-votar-arcabouco-carf-e-reforma-tributaria-a-partir-de-julho\/attachment\/reuniao-arcabouco-fiscal_mcamgo_abr_23052023-16\/\" data-orig-file=\"https:\/\/www.infomoney.com.br\/wp-content\/uploads\/2023\/06\/reuniao-arcabouco-fiscal_mcamgo_abr_23052023-16.jpg?fit=1024%2C768&amp;quality=70&amp;strip=all\" data-orig-size=\"1024,768\" data-comments-opened=\"0\" data-image-meta='{\"aperture\":\"2.8\",\"credit\":\"Marcelo Camargo\\\/Ag\\u00eancia Brasil\",\"camera\":\"Canon EOS-1D X\",\"caption\":\"Bras\\u00edlia (DF), 23\\\/05\\\/2023 - O ministro da Fazenda, Fernando Haddad, e os presidentes da C\\u00e2mara, Arthur Lira, e do Senado, Rodrigo Pacheco, durante entrevista ap\\u00f3s reuni\\u00e3o na resid\\u00eancia oficial da presid\\u00eancia do Senado. Foto: Marcelo Camargo\\\/Ag\\u00eancia Brasil\",\"created_timestamp\":\"1684849128\",\"copyright\":\"Ag\\u00eancia Brasil\\\/EBC\",\"focal_length\":\"130\",\"iso\":\"2000\",\"shutter_speed\":\"0.003125\",\"title\":\"\",\"orientation\":\"0\"}' data-image-title=\"reuniao-arcabouco-fiscal_mcamgo_abr_23052023-16\" data-image-description=\"\" data-image-caption=\"&lt;p&gt;Bras\u00edlia (DF), 23\/05\/2023 \u2013 O ministro da Fazenda, Fernando Haddad, e os presidentes da C\u00e2mara, Arthur Lira, e do Senado, Rodrigo Pacheco, durante entrevista ap\u00f3s reuni\u00e3o na resid\u00eancia oficial da presid\u00eancia do Senado. Foto: Marcelo Camargo\/Ag\u00eancia Brasil&lt;\/p&gt;\n\" data-medium-file=\"https:\/\/www.infomoney.com.br\/wp-content\/uploads\/2023\/06\/reuniao-arcabouco-fiscal_mcamgo_abr_23052023-16.jpg?fit=300%2C225&amp;quality=70&amp;strip=all\" data-large-file=\"https:\/\/www.infomoney.com.br\/wp-content\/uploads\/2023\/06\/reuniao-arcabouco-fiscal_mcamgo_abr_23052023-16.jpg?fit=1024%2C768&amp;quality=70&amp;strip=all\">Presidente da C\u00e2mara reuniu-se com ministro da Fazenda<\/p>\n<p>The post <a rel=\"nofollow\" href=\"https:\/\/www.infomoney.com.br\/politica\/lira-quer-votar-arcabouco-carf-e-reforma-tributaria-a-partir-de-julho\/\">Lira quer votar arcabou\u00e7o, Carf e reforma tribut\u00e1ria a partir de julho<\/a> appeared first on <a rel=\"nofollow\" href=\"https:\/\/www.infomoney.com.br\/\">InfoMoney<\/a>.<\/p>\n","protected":false},"author":44,"featured_media":0,"comment_status":"closed","ping_status":"closed","sticky":false,"template":"","format":"standard","meta":{"advgb_blocks_editor_width":"","advgb_blocks_columns_visual_guide":"","footnotes":""},"categories":[108,275,276,469,359,34,47,191],"tags":[35],"class_list":["post-21746","post","type-post","status-publish","format-standard","hentry","category-arcabouco-fiscal","category-arthur-lira","category-camara-dos-deputados","category-carf","category-congresso-nacional","category-g1","category-politica","category-reforma-tributaria","tag-g1"],"author_meta":{"display_name":"Ag\u00eancia Brasil","author_link":"https:\/\/sindaopcpb.org.br\/author\/agencia-brasil\/"},"featured_img":null,"coauthors":[],"tax_additional":{"categories":{"linked":["<a href=\"https:\/\/sindaopcpb.org.br\/arcabouco-fiscal\/\" class=\"advgb-post-tax-term\">Arcabou\u00e7o Fiscal<\/a>","<a href=\"https:\/\/sindaopcpb.org.br\/arthur-lira\/\" class=\"advgb-post-tax-term\">Arthur Lira<\/a>","<a href=\"https:\/\/sindaopcpb.org.br\/camara-dos-deputados\/\" class=\"advgb-post-tax-term\">C\u00e2mara dos Deputados<\/a>","<a href=\"https:\/\/sindaopcpb.org.br\/carf\/\" class=\"advgb-post-tax-term\">Carf<\/a>","<a href=\"https:\/\/sindaopcpb.org.br\/congresso-nacional\/\" class=\"advgb-post-tax-term\">Congresso Nacional<\/a>","<a href=\"https:\/\/sindaopcpb.org.br\/g1\/\" class=\"advgb-post-tax-term\">G1<\/a>","<a href=\"https:\/\/sindaopcpb.org.br\/politica\/\" class=\"advgb-post-tax-term\">POLITICA<\/a>","<a href=\"https:\/\/sindaopcpb.org.br\/reforma-tributaria\/\" class=\"advgb-post-tax-term\">reforma tribut\u00e1ria<\/a>"],"unlinked":["<span class=\"advgb-post-tax-term\">Arcabou\u00e7o Fiscal<\/span>","<span class=\"advgb-post-tax-term\">Arthur Lira<\/span>","<span class=\"advgb-post-tax-term\">C\u00e2mara dos Deputados<\/span>","<span class=\"advgb-post-tax-term\">Carf<\/span>","<span class=\"advgb-post-tax-term\">Congresso Nacional<\/span>","<span class=\"advgb-post-tax-term\">G1<\/span>","<span class=\"advgb-post-tax-term\">POLITICA<\/span>","<span class=\"advgb-post-tax-term\">reforma tribut\u00e1ria<\/span>"]},"tags":{"linked":["<a href=\"https:\/\/sindaopcpb.org.br\/reforma-tributaria\/\" class=\"advgb-post-tax-term\">g1<\/a>"],"unlinked":["<span class=\"advgb-post-tax-term\">g1<\/span>"]}},"comment_count":"0","relative_dates":{"created":"Publicado 3 anos atr\u00e1s","modified":"Atualizado 3 anos atr\u00e1s"},"absolute_dates":{"created":"Publicado em 21 de junho de 2023","modified":"Atualizado em 21 de junho de 2023"},"absolute_dates_time":{"created":"Publicado em 21 de junho de 2023 09:57","modified":"Atualizado em 21 de junho de 2023 09:57"},"featured_img_caption":"","series_order":"","_links":{"self":[{"href":"https:\/\/sindaopcpb.org.br\/index.php\/wp-json\/wp\/v2\/posts\/21746","targetHints":{"allow":["GET"]}}],"collection":[{"href":"https:\/\/sindaopcpb.org.br\/index.php\/wp-json\/wp\/v2\/posts"}],"about":[{"href":"https:\/\/sindaopcpb.org.br\/index.php\/wp-json\/wp\/v2\/types\/post"}],"author":[{"embeddable":true,"href":"https:\/\/sindaopcpb.org.br\/index.php\/wp-json\/wp\/v2\/users\/44"}],"replies":[{"embeddable":true,"href":"https:\/\/sindaopcpb.org.br\/index.php\/wp-json\/wp\/v2\/comments?post=21746"}],"version-history":[{"count":1,"href":"https:\/\/sindaopcpb.org.br\/index.php\/wp-json\/wp\/v2\/posts\/21746\/revisions"}],"predecessor-version":[{"id":21747,"href":"https:\/\/sindaopcpb.org.br\/index.php\/wp-json\/wp\/v2\/posts\/21746\/revisions\/21747"}],"wp:attachment":[{"href":"https:\/\/sindaopcpb.org.br\/index.php\/wp-json\/wp\/v2\/media?parent=21746"}],"wp:term":[{"taxonomy":"category","embeddable":true,"href":"https:\/\/sindaopcpb.org.br\/index.php\/wp-json\/wp\/v2\/categories?post=21746"},{"taxonomy":"post_tag","embeddable":true,"href":"https:\/\/sindaopcpb.org.br\/index.php\/wp-json\/wp\/v2\/tags?post=21746"}],"curies":[{"name":"wp","href":"https:\/\/api.w.org\/{rel}","templated":true}]}}