{"id":21744,"date":"2023-06-21T10:21:28","date_gmt":"2023-06-21T13:21:28","guid":{"rendered":"https:\/\/www.infomoney.com.br\/?p=2166502"},"modified":"2023-06-21T10:21:28","modified_gmt":"2023-06-21T13:21:28","slug":"comissao-do-senado-aprova-arcabouco-fiscal-com-3-excecoes-ao-limite-de-gastos","status":"publish","type":"post","link":"https:\/\/sindaopcpb.org.br\/index.php\/2023\/06\/21\/comissao-do-senado-aprova-arcabouco-fiscal-com-3-excecoes-ao-limite-de-gastos\/","title":{"rendered":"Comiss\u00e3o do Senado aprova arcabou\u00e7o fiscal com 3 exce\u00e7\u00f5es ao limite de gastos"},"content":{"rendered":"<p><img loading=\"lazy\" width=\"300\" height=\"200\" src=\"https:\/\/www.infomoney.com.br\/wp-content\/uploads\/2023\/06\/52989010474_99a4f4112e_c.jpg?fit=300%2C200&amp;quality=70&amp;strip=all\" class=\"attachment-medium size-medium wp-post-image\" alt=\"\" decoding=\"async\" style=\"float:right; margin:0 0 10px 10px;\" srcset=\"https:\/\/www.infomoney.com.br\/wp-content\/uploads\/2023\/06\/52989010474_99a4f4112e_c.jpg?w=799&amp;quality=70&amp;strip=all 799w, https:\/\/www.infomoney.com.br\/wp-content\/uploads\/2023\/06\/52989010474_99a4f4112e_c.jpg?w=300&amp;quality=70&amp;strip=all 300w, https:\/\/www.infomoney.com.br\/wp-content\/uploads\/2023\/06\/52989010474_99a4f4112e_c.jpg?w=768&amp;quality=70&amp;strip=all 768w, https:\/\/www.infomoney.com.br\/wp-content\/uploads\/2023\/06\/52989010474_99a4f4112e_c.jpg?w=150&amp;quality=70&amp;strip=all 150w\" sizes=\"auto, (max-width: 300px) 100vw, 300px\" data-attachment-id=\"2166519\" data-permalink=\"https:\/\/www.infomoney.com.br\/politica\/comissao-do-senado-aprova-arcabouco-fiscal-com-3-excecoes-ao-limite-de-gastos\/attachment\/52989010474_99a4f4112e_c\/\" data-orig-file=\"https:\/\/www.infomoney.com.br\/wp-content\/uploads\/2023\/06\/52989010474_99a4f4112e_c.jpg?fit=799%2C533&amp;quality=70&amp;strip=all\" data-orig-size=\"799,533\" data-comments-opened=\"0\" data-image-meta=\"{&quot;aperture&quot;:&quot;0&quot;,&quot;credit&quot;:&quot;Geraldo Magela\\\/Ag\\u00eancia Senado&quot;,&quot;camera&quot;:&quot;&quot;,&quot;caption&quot;:&quot;&quot;,&quot;created_timestamp&quot;:&quot;0&quot;,&quot;copyright&quot;:&quot;Senado Federal do Brasil&quot;,&quot;focal_length&quot;:&quot;0&quot;,&quot;iso&quot;:&quot;0&quot;,&quot;shutter_speed&quot;:&quot;0&quot;,&quot;title&quot;:&quot;&quot;,&quot;orientation&quot;:&quot;0&quot;}\" data-image-title=\"Comiss\u00e3o de Assuntos Econ\u00f4micos (CAE) do Senado Federal\" data-image-description=\"\" data-image-caption=\"&lt;p&gt;A Comiss\u00e3o de Assuntos Econ\u00f4micos (CAE) do Senado Federal (Foto: Geraldo Magela\/Ag\u00eancia Senado)&lt;\/p&gt;\n\" data-medium-file=\"https:\/\/www.infomoney.com.br\/wp-content\/uploads\/2023\/06\/52989010474_99a4f4112e_c.jpg?fit=300%2C200&amp;quality=70&amp;strip=all\" data-large-file=\"https:\/\/www.infomoney.com.br\/wp-content\/uploads\/2023\/06\/52989010474_99a4f4112e_c.jpg?fit=799%2C533&amp;quality=70&amp;strip=all\" title=\"\"><\/p>\n<p>A Comiss\u00e3o de Assuntos Econ\u00f4micos (CAE) do Senado Federal aprovou, por 19 votos a 6, o parecer do relator Omar Aziz (PSD-AM) sobre o projeto de lei complementar que trata do <strong>novo arcabou\u00e7o fiscal<\/strong> (PLP 93\/2023).<\/p>\n<p>O texto ainda depende de an\u00e1lise do plen\u00e1rio, onde \u00e9 necess\u00e1rio apoio m\u00ednimo de 41 senadores. A expectativa \u00e9 que a vota\u00e7\u00e3o ocorra ainda nesta quarta-feira (21). Mas antes disso duas emendas ser\u00e3o votadas separadamente pelo colegiado.<\/p>\n<p>O parecer traz mudan\u00e7as em rela\u00e7\u00e3o \u00e0 vers\u00e3o aprovada pela C\u00e2mara dos Deputados, com a amplia\u00e7\u00e3o do rol de exce\u00e7\u00f5es \u00e0 regra que estabelece um limite para o crescimento das despesas p\u00fablicas de um ano para o outro \u2212 movimento que j\u00e1 havia sido anunciado pelo parlamentar.<\/p>\n<p><a href=\"https:\/\/www.infomoney.com.br\/wp-content\/uploads\/2023\/06\/DOC-SF231036153272-20230620.pdf\" rel=\"nofollow noopener\" target=\"_blank\">Clique aqui para acessar a \u00edntegra do documento<\/a>.<\/p>\n<p>Pelo parecer, ficariam fora do novo \u201cteto\u201d: 1) as despesas referentes \u00e0 complementa\u00e7\u00e3o da Uni\u00e3o ao Fundo de Manuten\u00e7\u00e3o e Desenvolvimento da Educa\u00e7\u00e3o B\u00e1sica e de Valoriza\u00e7\u00e3o dos Profissionais da Educa\u00e7\u00e3o (Fundeb); 2) as transfer\u00eancias constitucionais da Uni\u00e3o ao Fundo Constitucional do Distrito Federal (FCDF); e 3) as despesas com ci\u00eancia, tecnologia e inova\u00e7\u00e3o.<\/p>\n<p>Os tr\u00eas pontos figuraram entre as principais sugest\u00f5es de mudan\u00e7as apresentadas na forma de emendas pelos integrantes da CAE nos \u00faltimos dias. Outras sugest\u00f5es n\u00e3o foram acatadas pelo relator, mas ainda podem entrar no texto ao longo de sua tramita\u00e7\u00e3o, na forma de destaques a serem votados separadamente pelo plen\u00e1rio. Ao todo, 23 senadores protocolaram 75 pedidos de modifica\u00e7\u00e3o \u00e0 vers\u00e3o do projeto aprovada h\u00e1 quase um m\u00eas pelos deputados.<\/p>\n<p>Caso as mudan\u00e7as de m\u00e9rito indicadas por Omar Aziz sejam mantidas pelos senadores na vota\u00e7\u00e3o em plen\u00e1rio, o projeto de lei complementar precisar\u00e1 retornar \u00e0 C\u00e2mara dos Deputados. A casa iniciadora do processo legislativo tem a palavra final sobre a vers\u00e3o a ser levada \u00e0 san\u00e7\u00e3o do presidente Luiz In\u00e1cio Lula da Silva (PT).<\/p>\n<p>O parecer aprovado pelos integrantes da Comiss\u00e3o de Assuntos Econ\u00f4micos do Senado Federal mantiveram todas as regras fiscais aprovadas pelos deputados e os par\u00e2metros definidos pela casa vizinha \u2212 ou seja, as metas de resultado prim\u00e1rio e o crescimento real das despesas em 70% (ou 50% em caso de descumprimento do prim\u00e1rio) da evolu\u00e7\u00e3o das receitas, respeitando o intervalo de 0,6% e 2,5%.<\/p>\n<p>As mudan\u00e7as sugeridas por ele, contudo, reduzem levemente o potencial da norma, mas n\u00e3o devem alterar de forma significativa os cen\u00e1rios de especialistas para as contas p\u00fablicas.<\/p>\n<p><strong>Leia tamb\u00e9m:<\/strong>\u00a0<a href=\"https:\/\/www.infomoney.com.br\/politica\/arcabouco-fiscal-excecoes-com-fundeb-e-fcdf-tem-impacto-reduzido-mas-enfraquecem-regra-diz-xp\/\" rel=\"nofollow noopener\" target=\"_blank\">\u201cExce\u00e7\u00f5es\u201d com Fundeb e FCDF t\u00eam impacto reduzido, mas enfraquecem regra, diz XP<\/a><\/p>\n<p>Um dos pontos de indefini\u00e7\u00e3o at\u00e9 a apresenta\u00e7\u00e3o do relat\u00f3rio, o par\u00e2metro para avalia\u00e7\u00e3o da infla\u00e7\u00e3o que corrigir\u00e1 o limite de despesas foi mantido conforme vers\u00e3o encaminhada pelos deputados. A discuss\u00e3o tem impactos relevantes sobre o Or\u00e7amento de 2024 e dos exerc\u00edcios subsequentes.<\/p>\n<p>Pela regra encaminhada pela C\u00e2mara dos Deputados, o novo \u201cteto\u201d \u00e9 corrigido pela infla\u00e7\u00e3o acumulada em 12 meses at\u00e9 junho do exerc\u00edcio anterior ao que se refere a lei or\u00e7ament\u00e1ria anual \u2212 exatamente como funcionava o teto de gastos antes da mudan\u00e7a feita durante o governo de Jair Bolsonaro (PL).<\/p>\n<p>O texto, no entanto, diz que a diferen\u00e7a entre a infla\u00e7\u00e3o verificada de janeiro a dezembro e a utilizada de par\u00e2metro para a defini\u00e7\u00e3o do limite de despesas pode ser utilizada para ampliar o \u201cteto\u201d autorizado para o governo por meio de cr\u00e9dito suplementar.<\/p>\n<p>A vers\u00e3o aprovada pelos deputados tamb\u00e9m autoriza que, excepcionalmente em 2024, esses valores sejam incorporados na base de c\u00e1lculo do limite de despesas para os exerc\u00edcios seguintes.<\/p>\n<p>Al\u00e9m disso, o texto aprovado pelos deputados permite que o Poder Executivo, ap\u00f3s a segunda avalia\u00e7\u00e3o bimestral de receitas e despesas (que ocorre em maio do ano do exerc\u00edcio), amplie o n\u00edvel de despesas previstas, atrav\u00e9s de cr\u00e9dito suplementar, caso verifique um volume de receitas superior ao projetado na Lei Or\u00e7ament\u00e1ria Anual (LOA).<\/p>\n<p>Na avalia\u00e7\u00e3o de especialistas, os dois dispositivos poderiam dar alguma \u201cgordura\u201d para o governo ajustar o volume de despesas em 2024. Mas, como a infla\u00e7\u00e3o de 12 meses encerrada em junho dever\u00e1 ser menor do que a verificada no acumulado do ano fechado, c\u00e1lculos da equipe econ\u00f4mica indicam que o\u00a0<a href=\"https:\/\/www.infomoney.com.br\/politica\/arcabouco-fiscal-relator-na-camara-diz-nao-ver-espaco-para-retirada-de-fundeb-e-fundo-do-df-da-regra\/\" rel=\"nofollow noopener\" target=\"_blank\">governo ter\u00e1 que encaminhar a LOA com um ajuste entre R$ 32 bilh\u00f5es e R$ 40 bilh\u00f5es<\/a>.<\/p>\n<p>O poss\u00edvel retorno do texto para uma nova delibera\u00e7\u00e3o dos deputados ocorreria em um momento conturbado nas rela\u00e7\u00f5es entre as duas casas legislativas, em que os presidentes da C\u00e2mara dos Deputados, Arthur Lira (PP-AL), e do Senado Federal, Rodrigo Pacheco (PSD-MG), disputam a preval\u00eancia sobre o rito a ser adotado para a tramita\u00e7\u00e3o de medidas provis\u00f3rias.<\/p>\n<p>Nos \u00faltimos dias, no entanto, Aziz intensificou conversas com Lira, com o relator da mat\u00e9ria na C\u00e2mara dos Deputados, Cl\u00e1udio Cajado (PP-BA), e com outros integrantes da casa vizinha para mitigar o risco de problemas para a tramita\u00e7\u00e3o da mat\u00e9ria, mas n\u00e3o obteve garantia de que os pontos inclu\u00eddos durante a tramita\u00e7\u00e3o no Senado Federal seriam mantidos.<\/p>\n<p>The post <a rel=\"nofollow noopener\" href=\"https:\/\/www.infomoney.com.br\/politica\/comissao-do-senado-aprova-arcabouco-fiscal-com-3-excecoes-ao-limite-de-gastos\/\" target=\"_blank\">Comiss\u00e3o do Senado aprova arcabou\u00e7o fiscal com 3 exce\u00e7\u00f5es ao limite de gastos<\/a> appeared first on <a rel=\"nofollow noopener\" href=\"https:\/\/www.infomoney.com.br\/\" target=\"_blank\">InfoMoney<\/a>.<\/p>\n","protected":false},"excerpt":{"rendered":"<p><img loading=\"lazy\" decoding=\"async\" width=\"300\" height=\"200\" src=\"https:\/\/www.infomoney.com.br\/wp-content\/uploads\/2023\/06\/52989010474_99a4f4112e_c.jpg?fit=300%2C200&amp;quality=70&amp;strip=all\" class=\"attachment-medium size-medium wp-post-image\" alt=\"\" data-attachment-id=\"2166519\" data-permalink=\"https:\/\/www.infomoney.com.br\/politica\/comissao-do-senado-aprova-arcabouco-fiscal-com-3-excecoes-ao-limite-de-gastos\/attachment\/52989010474_99a4f4112e_c\/\" data-orig-file=\"https:\/\/www.infomoney.com.br\/wp-content\/uploads\/2023\/06\/52989010474_99a4f4112e_c.jpg?fit=799%2C533&amp;quality=70&amp;strip=all\" data-orig-size=\"799,533\" data-comments-opened=\"0\" data-image-meta='{\"aperture\":\"0\",\"credit\":\"Geraldo Magela\\\/Ag\\u00eancia Senado\",\"camera\":\"\",\"caption\":\"\",\"created_timestamp\":\"0\",\"copyright\":\"Senado Federal do Brasil\",\"focal_length\":\"0\",\"iso\":\"0\",\"shutter_speed\":\"0\",\"title\":\"\",\"orientation\":\"0\"}' data-image-title=\"Comiss\u00e3o de Assuntos Econ\u00f4micos (CAE) do Senado Federal\" data-image-description=\"\" data-image-caption=\"&lt;p&gt;A Comiss\u00e3o de Assuntos Econ\u00f4micos (CAE) do Senado Federal (Foto: Geraldo Magela\/Ag\u00eancia Senado)&lt;\/p&gt;\n\" data-medium-file=\"https:\/\/www.infomoney.com.br\/wp-content\/uploads\/2023\/06\/52989010474_99a4f4112e_c.jpg?fit=300%2C200&amp;quality=70&amp;strip=all\" data-large-file=\"https:\/\/www.infomoney.com.br\/wp-content\/uploads\/2023\/06\/52989010474_99a4f4112e_c.jpg?fit=799%2C533&amp;quality=70&amp;strip=all\">O texto ainda depende de an\u00e1lise do plen\u00e1rio, onde \u00e9 necess\u00e1rio apoio m\u00ednimo de 41 dos 81 senadores<\/p>\n<p>The post <a rel=\"nofollow\" href=\"https:\/\/www.infomoney.com.br\/politica\/comissao-do-senado-aprova-arcabouco-fiscal-com-3-excecoes-ao-limite-de-gastos\/\">Comiss\u00e3o do Senado aprova arcabou\u00e7o fiscal com 3 exce\u00e7\u00f5es ao limite de gastos<\/a> appeared first on <a rel=\"nofollow\" href=\"https:\/\/www.infomoney.com.br\/\">InfoMoney<\/a>.<\/p>\n","protected":false},"author":52,"featured_media":0,"comment_status":"closed","ping_status":"closed","sticky":false,"template":"","format":"standard","meta":{"advgb_blocks_editor_width":"","advgb_blocks_columns_visual_guide":"","footnotes":""},"categories":[108,359,559,69,34,260,47,403],"tags":[35],"class_list":["post-21744","post","type-post","status-publish","format-standard","hentry","category-arcabouco-fiscal","category-congresso-nacional","category-contas-publicas","category-economia","category-g1","category-governo","category-politica","category-senado","tag-g1"],"author_meta":{"display_name":"Marcos Mortari","author_link":"https:\/\/sindaopcpb.org.br\/author\/marcos-mortari\/"},"featured_img":null,"coauthors":[],"tax_additional":{"categories":{"linked":["<a href=\"https:\/\/sindaopcpb.org.br\/arcabouco-fiscal\/\" class=\"advgb-post-tax-term\">Arcabou\u00e7o Fiscal<\/a>","<a href=\"https:\/\/sindaopcpb.org.br\/congresso-nacional\/\" class=\"advgb-post-tax-term\">Congresso Nacional<\/a>","<a href=\"https:\/\/sindaopcpb.org.br\/contas-publicas\/\" class=\"advgb-post-tax-term\">Contas P\u00fablicas<\/a>","<a href=\"https:\/\/sindaopcpb.org.br\/economia\/\" class=\"advgb-post-tax-term\">Economia<\/a>","<a href=\"https:\/\/sindaopcpb.org.br\/g1\/\" class=\"advgb-post-tax-term\">G1<\/a>","<a href=\"https:\/\/sindaopcpb.org.br\/governo\/\" class=\"advgb-post-tax-term\">Governo<\/a>","<a href=\"https:\/\/sindaopcpb.org.br\/politica\/\" class=\"advgb-post-tax-term\">POLITICA<\/a>","<a href=\"https:\/\/sindaopcpb.org.br\/senado\/\" class=\"advgb-post-tax-term\">Senado<\/a>"],"unlinked":["<span class=\"advgb-post-tax-term\">Arcabou\u00e7o Fiscal<\/span>","<span class=\"advgb-post-tax-term\">Congresso Nacional<\/span>","<span class=\"advgb-post-tax-term\">Contas P\u00fablicas<\/span>","<span class=\"advgb-post-tax-term\">Economia<\/span>","<span class=\"advgb-post-tax-term\">G1<\/span>","<span class=\"advgb-post-tax-term\">Governo<\/span>","<span class=\"advgb-post-tax-term\">POLITICA<\/span>","<span class=\"advgb-post-tax-term\">Senado<\/span>"]},"tags":{"linked":["<a href=\"https:\/\/sindaopcpb.org.br\/senado\/\" class=\"advgb-post-tax-term\">g1<\/a>"],"unlinked":["<span class=\"advgb-post-tax-term\">g1<\/span>"]}},"comment_count":"0","relative_dates":{"created":"Publicado 3 anos atr\u00e1s","modified":"Atualizado 3 anos atr\u00e1s"},"absolute_dates":{"created":"Publicado em 21 de junho de 2023","modified":"Atualizado em 21 de junho de 2023"},"absolute_dates_time":{"created":"Publicado em 21 de junho de 2023 10:21","modified":"Atualizado em 21 de junho de 2023 10:21"},"featured_img_caption":"","series_order":"","_links":{"self":[{"href":"https:\/\/sindaopcpb.org.br\/index.php\/wp-json\/wp\/v2\/posts\/21744","targetHints":{"allow":["GET"]}}],"collection":[{"href":"https:\/\/sindaopcpb.org.br\/index.php\/wp-json\/wp\/v2\/posts"}],"about":[{"href":"https:\/\/sindaopcpb.org.br\/index.php\/wp-json\/wp\/v2\/types\/post"}],"author":[{"embeddable":true,"href":"https:\/\/sindaopcpb.org.br\/index.php\/wp-json\/wp\/v2\/users\/52"}],"replies":[{"embeddable":true,"href":"https:\/\/sindaopcpb.org.br\/index.php\/wp-json\/wp\/v2\/comments?post=21744"}],"version-history":[{"count":2,"href":"https:\/\/sindaopcpb.org.br\/index.php\/wp-json\/wp\/v2\/posts\/21744\/revisions"}],"predecessor-version":[{"id":21772,"href":"https:\/\/sindaopcpb.org.br\/index.php\/wp-json\/wp\/v2\/posts\/21744\/revisions\/21772"}],"wp:attachment":[{"href":"https:\/\/sindaopcpb.org.br\/index.php\/wp-json\/wp\/v2\/media?parent=21744"}],"wp:term":[{"taxonomy":"category","embeddable":true,"href":"https:\/\/sindaopcpb.org.br\/index.php\/wp-json\/wp\/v2\/categories?post=21744"},{"taxonomy":"post_tag","embeddable":true,"href":"https:\/\/sindaopcpb.org.br\/index.php\/wp-json\/wp\/v2\/tags?post=21744"}],"curies":[{"name":"wp","href":"https:\/\/api.w.org\/{rel}","templated":true}]}}