{"id":21717,"date":"2023-06-21T08:31:54","date_gmt":"2023-06-21T11:31:54","guid":{"rendered":"https:\/\/g1.globo.com\/pb\/paraiba\/noticia\/2023\/06\/21\/inverno-na-paraiba-comeca-nesta-quarta-feira-21-com-chuvas-no-litoral-e-estiagem-no-sertao.ghtml"},"modified":"2023-06-21T08:31:54","modified_gmt":"2023-06-21T11:31:54","slug":"inverno-na-paraiba-comeca-nesta-quarta-feira-21-com-chuvas-no-litoral-e-estiagem-no-sertao","status":"publish","type":"post","link":"https:\/\/sindaopcpb.org.br\/index.php\/2023\/06\/21\/inverno-na-paraiba-comeca-nesta-quarta-feira-21-com-chuvas-no-litoral-e-estiagem-no-sertao\/","title":{"rendered":"Inverno na Para\u00edba come\u00e7a nesta quarta-feira (21) com chuvas no Litoral e estiagem no Sert\u00e3o"},"content":{"rendered":"   <img src=\"https:\/\/s2.glbimg.com\/bj6fU9fxqsk_QeFD-MdYrnDhfCQ=\/i.s3.glbimg.com\/v1\/AUTH_59edd422c0c84a879bd37670ae4f538a\/internal_photos\/bs\/2023\/Z\/s\/Uyu9qWQkABhi7tCQDB3g\/chuvajp.jpg\" \/><br \/>     Diferen\u00e7a se d\u00e1 porque, nesse per\u00edodo do ano, as nuvens de chuva se formam no Litoral e se deslocam para o Litoral. Jo\u00e3o Pessoa registra chuva forte nos \u00faltimos dias, mas inverno come\u00e7a oficialmente nesta quarta-feira (21)\nPhelipe Caldas\/g1\nO inverno se inicia na Para\u00edba a partir desta quarta-feira (21), data em que o Hemisf\u00e9rio Sul entra na esta\u00e7\u00e3o mais fria do ano. Ao menos oficialmente, o novo per\u00edodo clim\u00e1tico come\u00e7a \u00e0s 11h58 e a expectativa \u00e9 de temperaturas mais baixas.\nDe acordo com a Ag\u00eancia Executiva de Gest\u00e3o das \u00c1guas da Para\u00edba (Aesa-PB), o per\u00edodo representa temperaturas mais amenas, mas isso n\u00e3o significa uma homogeneidade com rela\u00e7\u00e3o a chuvas.\nNo Cariri, no Curimata\u00fa, no ert\u00e3o e no Alto Sert\u00e3o, por exemplo, a esta\u00e7\u00e3o de inverno apresenta totais pluviom\u00e9tricos reduzidos neste per\u00edodo do ano. \nJ\u00e1 no Agreste, no Brejo e no Litoral, inverno \u00e9 sin\u00f4nimo de chuvas fortes. A prop\u00f3sito, a Aesa informa que nessas regi\u00f5es as chuvas representam algo em torno de 40% do total de precipita\u00e7\u00e3o do ano. \nEssa diferen\u00e7a se d\u00e1 porque, durante o inverno, o principal gerador de chuvas na Para\u00edba \u00e9 constitu\u00eddo pelos chamados Dist\u00farbios Ondulat\u00f3rios de Leste (DOL), que s\u00e3o nuvens que se formam no Oceano Atl\u00e2ntico e se deslocam em dire\u00e7\u00e3o \u00e0 costa leste do Nordeste. \nCom rela\u00e7\u00e3o \u00e0s temperaturas, essas atingem valores m\u00ednimos de 16\u00baC, principalmente sobre o Agreste e Brejo. A m\u00e1xima fica em torno de 31\u00baC no Sert\u00e3o e Alto Sert\u00e3o. \nV\u00eddeos mais assistidos da Para\u00edba  ","protected":false},"excerpt":{"rendered":"<p>        Diferen\u00e7a se d\u00e1 porque, nesse per\u00edodo do ano, as nuvens de chuva se formam no Litoral e se deslocam para o Litoral. Jo\u00e3o Pessoa registra chuva forte nos \u00faltimos dias, mas inverno come\u00e7a oficialmente nesta quarta-feira (21)<br \/>\nPhelipe Caldas\/g1<br \/>\nO i&#8230;<\/p>\n","protected":false},"author":2,"featured_media":0,"comment_status":"closed","ping_status":"closed","sticky":false,"template":"","format":"standard","meta":{"advgb_blocks_editor_width":"","advgb_blocks_columns_visual_guide":"","footnotes":""},"categories":[34],"tags":[35],"class_list":["post-21717","post","type-post","status-publish","format-standard","hentry","category-g1","tag-g1"],"author_meta":{"display_name":"g1 &gt; Para\u00edba","author_link":"https:\/\/sindaopcpb.org.br\/author\/g1-paraiba\/"},"featured_img":null,"coauthors":[],"tax_additional":{"categories":{"linked":["<a href=\"https:\/\/sindaopcpb.org.br\/g1\/\" class=\"advgb-post-tax-term\">G1<\/a>"],"unlinked":["<span class=\"advgb-post-tax-term\">G1<\/span>"]},"tags":{"linked":["<a href=\"https:\/\/sindaopcpb.org.br\/g1\/\" class=\"advgb-post-tax-term\">g1<\/a>"],"unlinked":["<span class=\"advgb-post-tax-term\">g1<\/span>"]}},"comment_count":"0","relative_dates":{"created":"Publicado 3 anos atr\u00e1s","modified":"Atualizado 3 anos atr\u00e1s"},"absolute_dates":{"created":"Publicado em 21 de junho de 2023","modified":"Atualizado em 21 de junho de 2023"},"absolute_dates_time":{"created":"Publicado em 21 de junho de 2023 08:31","modified":"Atualizado em 21 de junho de 2023 08:31"},"featured_img_caption":"","series_order":"","_links":{"self":[{"href":"https:\/\/sindaopcpb.org.br\/index.php\/wp-json\/wp\/v2\/posts\/21717","targetHints":{"allow":["GET"]}}],"collection":[{"href":"https:\/\/sindaopcpb.org.br\/index.php\/wp-json\/wp\/v2\/posts"}],"about":[{"href":"https:\/\/sindaopcpb.org.br\/index.php\/wp-json\/wp\/v2\/types\/post"}],"author":[{"embeddable":true,"href":"https:\/\/sindaopcpb.org.br\/index.php\/wp-json\/wp\/v2\/users\/2"}],"replies":[{"embeddable":true,"href":"https:\/\/sindaopcpb.org.br\/index.php\/wp-json\/wp\/v2\/comments?post=21717"}],"version-history":[{"count":1,"href":"https:\/\/sindaopcpb.org.br\/index.php\/wp-json\/wp\/v2\/posts\/21717\/revisions"}],"predecessor-version":[{"id":21718,"href":"https:\/\/sindaopcpb.org.br\/index.php\/wp-json\/wp\/v2\/posts\/21717\/revisions\/21718"}],"wp:attachment":[{"href":"https:\/\/sindaopcpb.org.br\/index.php\/wp-json\/wp\/v2\/media?parent=21717"}],"wp:term":[{"taxonomy":"category","embeddable":true,"href":"https:\/\/sindaopcpb.org.br\/index.php\/wp-json\/wp\/v2\/categories?post=21717"},{"taxonomy":"post_tag","embeddable":true,"href":"https:\/\/sindaopcpb.org.br\/index.php\/wp-json\/wp\/v2\/tags?post=21717"}],"curies":[{"name":"wp","href":"https:\/\/api.w.org\/{rel}","templated":true}]}}