{"id":21629,"date":"2023-06-20T14:49:00","date_gmt":"2023-06-20T17:49:00","guid":{"rendered":"https:\/\/www.infomoney.com.br\/?p=2165696"},"modified":"2023-06-20T14:49:00","modified_gmt":"2023-06-20T17:49:00","slug":"na-vespera-da-decisao-do-copom-rui-costa-diz-que-bc-eleva-o-juro-real-do-pais-ao-manter-selic","status":"publish","type":"post","link":"https:\/\/sindaopcpb.org.br\/index.php\/2023\/06\/20\/na-vespera-da-decisao-do-copom-rui-costa-diz-que-bc-eleva-o-juro-real-do-pais-ao-manter-selic\/","title":{"rendered":"Na v\u00e9spera da decis\u00e3o do Copom, Rui Costa diz que BC eleva o juro real do Pa\u00eds ao manter Selic"},"content":{"rendered":"<p><img loading=\"lazy\" width=\"300\" height=\"225\" src=\"https:\/\/www.infomoney.com.br\/wp-content\/uploads\/2023\/06\/lula6342-21.jpg?fit=300%2C225&amp;quality=70&amp;strip=all\" class=\"attachment-medium size-medium wp-post-image\" alt=\"\" decoding=\"async\" style=\"float:right; margin:0 0 10px 10px;\" srcset=\"https:\/\/www.infomoney.com.br\/wp-content\/uploads\/2023\/06\/lula6342-21.jpg?w=1024&amp;quality=70&amp;strip=all 1024w, https:\/\/www.infomoney.com.br\/wp-content\/uploads\/2023\/06\/lula6342-21.jpg?w=300&amp;quality=70&amp;strip=all 300w, https:\/\/www.infomoney.com.br\/wp-content\/uploads\/2023\/06\/lula6342-21.jpg?w=768&amp;quality=70&amp;strip=all 768w, https:\/\/www.infomoney.com.br\/wp-content\/uploads\/2023\/06\/lula6342-21.jpg?w=150&amp;quality=70&amp;strip=all 150w\" sizes=\"auto, (max-width: 300px) 100vw, 300px\" data-attachment-id=\"2165751\" data-permalink=\"https:\/\/www.infomoney.com.br\/politica\/na-vespera-da-decisao-do-copom-rui-costa-diz-que-bc-eleva-o-juro-real-do-pais-ao-manter-selic\/attachment\/lula6342-21\/\" data-orig-file=\"https:\/\/www.infomoney.com.br\/wp-content\/uploads\/2023\/06\/lula6342-21.jpg?fit=1024%2C768&amp;quality=70&amp;strip=all\" data-orig-size=\"1024,768\" data-comments-opened=\"0\" data-image-meta=\"{&quot;aperture&quot;:&quot;4&quot;,&quot;credit&quot;:&quot;Lula Marques\\\/ Ag\\u00eancia Brasil&quot;,&quot;camera&quot;:&quot;Canon EOS-1D X&quot;,&quot;caption&quot;:&quot;Bras\\u00edlia (DF) 13\\\/06\\\/2023  Ministros das Cidades, Jader Filho, e da Casa Civil, Rui Costa, participam de audi\\u00eancia p\\u00fablica conjunta das Comiss\\u00f5es de Meio Ambiente (CMA), de Infraestrutura (CI) e de Desenvolvimento Regional (CDR), todas do Senado Foto Lula Marques\\\/ Ag\\u00eancia Brasil.&quot;,&quot;created_timestamp&quot;:&quot;1686650003&quot;,&quot;copyright&quot;:&quot;Ag\\u00eancia Brasil\\\/EBC&quot;,&quot;focal_length&quot;:&quot;300&quot;,&quot;iso&quot;:&quot;2000&quot;,&quot;shutter_speed&quot;:&quot;0.005&quot;,&quot;title&quot;:&quot;&quot;,&quot;orientation&quot;:&quot;0&quot;}\" data-image-title=\"lula6342-21\" data-image-description=\"\" data-image-caption=\"&lt;p&gt;Ministro da Casa Civil, Rui Costa, em participa\u00e7\u00e3o na audi\u00eancia p\u00fablica conjunta das Comiss\u00f5es de Meio Ambiente (CMA), de Infraestrutura (CI) e de Desenvolvimento Regional (CDR), todas do Senado. Foto Lula Marques\/ Ag\u00eancia Brasil.&lt;\/p&gt;\n\" data-medium-file=\"https:\/\/www.infomoney.com.br\/wp-content\/uploads\/2023\/06\/lula6342-21.jpg?fit=300%2C225&amp;quality=70&amp;strip=all\" data-large-file=\"https:\/\/www.infomoney.com.br\/wp-content\/uploads\/2023\/06\/lula6342-21.jpg?fit=1024%2C768&amp;quality=70&amp;strip=all\" title=\"\"><\/p>\n<p>O ministro da Casa Civil, Rui Costa, voltou a cobrar o Banco Central pela redu\u00e7\u00e3o da taxa de juros e afirmou que a autoridade monet\u00e1ria, ao manter a Selic em 13,75%, acaba por elevar o juro real do Pa\u00eds. A declara\u00e7\u00e3o, feita nesta ter\u00e7a-feira (20), em almo\u00e7o organizado pela Frente Parlamentar do Empreendedorismo (FPE), vem na v\u00e9spera da decis\u00e3o de pol\u00edtica monet\u00e1ria do Copom. Na quarta-feira, o colegiado deve anunciar a manuten\u00e7\u00e3o dos juros b\u00e1sicos do Pa\u00eds.<\/p>\n<p>&#8220;O Banco Central n\u00e3o est\u00e1 mantendo a taxa de juros, est\u00e1 aumentando todos os meses ao longo desse ano. Porque, se a infla\u00e7\u00e3o est\u00e1 em queda, o que o Banco Central est\u00e1 fazendo ao manter os 13,75% \u00e9 aumentar a taxa real de juros&#8221;, disse o ministro, para quem falta cair a Selic para que o Brasil cres\u00e7a mais. &#8220;N\u00e3o quero entrar em debate, mas se \u00e9 verdade que era necess\u00e1rio 13,75% para combater a queda da infla\u00e7\u00e3o de 8%, 9%, 7%, \u00e9 preciso o mesmo rem\u00e9dio para combater proje\u00e7\u00e3o de infla\u00e7\u00e3o de 5%? Ent\u00e3o, h\u00e1 consenso que \u00e9 absolutamente exagero, fora de qualquer prop\u00f3sito, o Brasil ter a maior taxa de juro real do mundo&#8221;, acrescentou Rui Costa.<\/p>\n<h2><b>Reforma tribut\u00e1ria<\/b><\/h2>\n<p>O ministro da Casa Civil afirmou ainda que o Minist\u00e9rio do Planejamento vai propor, no segundo semestre, mudan\u00e7as na taxa\u00e7\u00e3o de renda no Pa\u00eds.<\/p>\n<p>O auxiliar do presidente Luiz In\u00e1cio Lula da Silva dissociou a medida da reforma tribut\u00e1ria sobre o consumo em discuss\u00e3o no Congresso Nacional, pacote que, para Rui Costa, deve ser votado no Parlamento antes do recesso parlamentar de julho. &#8220;O Brasil tem sistema tribut\u00e1rio de Robin Hood ao contr\u00e1rio&#8221;, disse o ministro.<\/p>\n<p>Rui Costa ainda afirmou que o Brasil tem uma queda sustentada da infla\u00e7\u00e3o &#8211; &#8220;n\u00e3o \u00e9 pontual, nem espor\u00e1dica&#8221; &#8211; o que refor\u00e7a, na sua vis\u00e3o, a necessidade de um corte de juros pelo Banco Central.<\/p>\n<h2><b>PAC<\/b><\/h2>\n<p>O ministro da Casa Civil afirmou ainda que os itens, obras e investimentos que ser\u00e3o adotados no novo Programa de Acelera\u00e7\u00e3o do Investimento (PAC) foram fechados em reuni\u00e3o no per\u00edodo da manh\u00e3. Os detalhes ser\u00e3o anunciados em julho.<\/p>\n<p>Rui Costa reiterou que o presidente Luiz In\u00e1cio Lula da Silva determinou que o programa tenha responsabilidade fiscal para que o governo feche um ano com um d\u00e9ficit menor do que o autorizado pelo Congresso. &#8220;N\u00f3s buscamos olhar diferenciado para que busquemos sempre melhorar a qualidade do gasto p\u00fablico&#8221;, disse.<\/p>\n<p>De acordo com o chefe da Casa Civil, o governo tem compromisso com o equil\u00edbrio fiscal e vai chegar a 2026 com super\u00e1vit de 1% do PIB nas contas p\u00fablicas. &#8220;Outro conceito para n\u00f3s muito relevante \u00e9 a previsibilidade e a seguran\u00e7a jur\u00eddica&#8221;, declarou o ministro.<\/p>\n<p>The post <a rel=\"nofollow noopener\" href=\"https:\/\/www.infomoney.com.br\/politica\/na-vespera-da-decisao-do-copom-rui-costa-diz-que-bc-eleva-o-juro-real-do-pais-ao-manter-selic\/\" target=\"_blank\">Na v\u00e9spera da decis\u00e3o do Copom, Rui Costa diz que BC eleva o juro real do Pa\u00eds ao manter Selic<\/a> appeared first on <a rel=\"nofollow noopener\" href=\"https:\/\/www.infomoney.com.br\/\" target=\"_blank\">InfoMoney<\/a>.<\/p>\n","protected":false},"excerpt":{"rendered":"<p><img loading=\"lazy\" decoding=\"async\" width=\"300\" height=\"225\" src=\"https:\/\/www.infomoney.com.br\/wp-content\/uploads\/2023\/06\/lula6342-21.jpg?fit=300%2C225&amp;quality=70&amp;strip=all\" class=\"attachment-medium size-medium wp-post-image\" alt=\"\" data-attachment-id=\"2165751\" data-permalink=\"https:\/\/www.infomoney.com.br\/politica\/na-vespera-da-decisao-do-copom-rui-costa-diz-que-bc-eleva-o-juro-real-do-pais-ao-manter-selic\/attachment\/lula6342-21\/\" data-orig-file=\"https:\/\/www.infomoney.com.br\/wp-content\/uploads\/2023\/06\/lula6342-21.jpg?fit=1024%2C768&amp;quality=70&amp;strip=all\" data-orig-size=\"1024,768\" data-comments-opened=\"0\" data-image-meta='{\"aperture\":\"4\",\"credit\":\"Lula Marques\\\/ Ag\\u00eancia Brasil\",\"camera\":\"Canon EOS-1D X\",\"caption\":\"Bras\\u00edlia (DF) 13\\\/06\\\/2023  Ministros das Cidades, Jader Filho, e da Casa Civil, Rui Costa, participam de audi\\u00eancia p\\u00fablica conjunta das Comiss\\u00f5es de Meio Ambiente (CMA), de Infraestrutura (CI) e de Desenvolvimento Regional (CDR), todas do Senado Foto Lula Marques\\\/ Ag\\u00eancia Brasil.\",\"created_timestamp\":\"1686650003\",\"copyright\":\"Ag\\u00eancia Brasil\\\/EBC\",\"focal_length\":\"300\",\"iso\":\"2000\",\"shutter_speed\":\"0.005\",\"title\":\"\",\"orientation\":\"0\"}' data-image-title=\"lula6342-21\" data-image-description=\"\" data-image-caption=\"&lt;p&gt;Ministro da Casa Civil, Rui Costa, em participa\u00e7\u00e3o na audi\u00eancia p\u00fablica conjunta das Comiss\u00f5es de Meio Ambiente (CMA), de Infraestrutura (CI) e de Desenvolvimento Regional (CDR), todas do Senado. Foto Lula Marques\/ Ag\u00eancia Brasil.&lt;\/p&gt;\n\" data-medium-file=\"https:\/\/www.infomoney.com.br\/wp-content\/uploads\/2023\/06\/lula6342-21.jpg?fit=300%2C225&amp;quality=70&amp;strip=all\" data-large-file=\"https:\/\/www.infomoney.com.br\/wp-content\/uploads\/2023\/06\/lula6342-21.jpg?fit=1024%2C768&amp;quality=70&amp;strip=all\">Ministro da Casa Civil considera que h\u00e1 consenso de que patamar de 13,75% \u00e9 exagero<\/p>\n<p>The post <a rel=\"nofollow\" href=\"https:\/\/www.infomoney.com.br\/politica\/na-vespera-da-decisao-do-copom-rui-costa-diz-que-bc-eleva-o-juro-real-do-pais-ao-manter-selic\/\">Na v\u00e9spera da decis\u00e3o do Copom, Rui Costa diz que BC eleva o juro real do Pa\u00eds ao manter Selic<\/a> appeared first on <a rel=\"nofollow\" href=\"https:\/\/www.infomoney.com.br\/\">InfoMoney<\/a>.<\/p>\n","protected":false},"author":43,"featured_media":0,"comment_status":"closed","ping_status":"closed","sticky":false,"template":"","format":"standard","meta":{"advgb_blocks_editor_width":"","advgb_blocks_columns_visual_guide":"","footnotes":""},"categories":[279,34,47,573,1110,282],"tags":[35],"class_list":["post-21629","post","type-post","status-publish","format-standard","hentry","category-banco-central","category-g1","category-politica","category-rui-costa","category-selic","category-taxa-de-juros","tag-g1"],"author_meta":{"display_name":"Estad\u00e3o Conte\u00fado","author_link":"https:\/\/sindaopcpb.org.br\/author\/estadao-conteudo\/"},"featured_img":null,"coauthors":[],"tax_additional":{"categories":{"linked":["<a href=\"https:\/\/sindaopcpb.org.br\/banco-central\/\" class=\"advgb-post-tax-term\">Banco Central<\/a>","<a href=\"https:\/\/sindaopcpb.org.br\/g1\/\" class=\"advgb-post-tax-term\">G1<\/a>","<a href=\"https:\/\/sindaopcpb.org.br\/politica\/\" class=\"advgb-post-tax-term\">POLITICA<\/a>","<a href=\"https:\/\/sindaopcpb.org.br\/rui-costa\/\" class=\"advgb-post-tax-term\">Rui Costa<\/a>","<a href=\"https:\/\/sindaopcpb.org.br\/selic\/\" class=\"advgb-post-tax-term\">Selic<\/a>","<a href=\"https:\/\/sindaopcpb.org.br\/taxa-de-juros\/\" class=\"advgb-post-tax-term\">Taxa de Juros<\/a>"],"unlinked":["<span class=\"advgb-post-tax-term\">Banco Central<\/span>","<span class=\"advgb-post-tax-term\">G1<\/span>","<span class=\"advgb-post-tax-term\">POLITICA<\/span>","<span class=\"advgb-post-tax-term\">Rui Costa<\/span>","<span class=\"advgb-post-tax-term\">Selic<\/span>","<span class=\"advgb-post-tax-term\">Taxa de Juros<\/span>"]},"tags":{"linked":["<a href=\"https:\/\/sindaopcpb.org.br\/taxa-de-juros\/\" class=\"advgb-post-tax-term\">g1<\/a>"],"unlinked":["<span class=\"advgb-post-tax-term\">g1<\/span>"]}},"comment_count":"0","relative_dates":{"created":"Publicado 3 anos atr\u00e1s","modified":"Atualizado 3 anos atr\u00e1s"},"absolute_dates":{"created":"Publicado em 20 de junho de 2023","modified":"Atualizado em 20 de junho de 2023"},"absolute_dates_time":{"created":"Publicado em 20 de junho de 2023 14:49","modified":"Atualizado em 20 de junho de 2023 14:49"},"featured_img_caption":"","series_order":"","_links":{"self":[{"href":"https:\/\/sindaopcpb.org.br\/index.php\/wp-json\/wp\/v2\/posts\/21629","targetHints":{"allow":["GET"]}}],"collection":[{"href":"https:\/\/sindaopcpb.org.br\/index.php\/wp-json\/wp\/v2\/posts"}],"about":[{"href":"https:\/\/sindaopcpb.org.br\/index.php\/wp-json\/wp\/v2\/types\/post"}],"author":[{"embeddable":true,"href":"https:\/\/sindaopcpb.org.br\/index.php\/wp-json\/wp\/v2\/users\/43"}],"replies":[{"embeddable":true,"href":"https:\/\/sindaopcpb.org.br\/index.php\/wp-json\/wp\/v2\/comments?post=21629"}],"version-history":[{"count":1,"href":"https:\/\/sindaopcpb.org.br\/index.php\/wp-json\/wp\/v2\/posts\/21629\/revisions"}],"predecessor-version":[{"id":21630,"href":"https:\/\/sindaopcpb.org.br\/index.php\/wp-json\/wp\/v2\/posts\/21629\/revisions\/21630"}],"wp:attachment":[{"href":"https:\/\/sindaopcpb.org.br\/index.php\/wp-json\/wp\/v2\/media?parent=21629"}],"wp:term":[{"taxonomy":"category","embeddable":true,"href":"https:\/\/sindaopcpb.org.br\/index.php\/wp-json\/wp\/v2\/categories?post=21629"},{"taxonomy":"post_tag","embeddable":true,"href":"https:\/\/sindaopcpb.org.br\/index.php\/wp-json\/wp\/v2\/tags?post=21629"}],"curies":[{"name":"wp","href":"https:\/\/api.w.org\/{rel}","templated":true}]}}