{"id":21625,"date":"2023-06-20T15:24:33","date_gmt":"2023-06-20T18:24:33","guid":{"rendered":"https:\/\/www.infomoney.com.br\/?p=2165781"},"modified":"2023-06-20T15:24:33","modified_gmt":"2023-06-20T18:24:33","slug":"sancionada-com-vetos-lei-que-reestrutura-ministerios","status":"publish","type":"post","link":"https:\/\/sindaopcpb.org.br\/index.php\/2023\/06\/20\/sancionada-com-vetos-lei-que-reestrutura-ministerios\/","title":{"rendered":"Sancionada com vetos lei que reestrutura minist\u00e9rios"},"content":{"rendered":"<p><img loading=\"lazy\" width=\"300\" height=\"200\" src=\"https:\/\/www.infomoney.com.br\/wp-content\/uploads\/2021\/08\/23059589949_85b29f21ed_b.jpg?fit=300%2C200&amp;quality=70&amp;strip=all\" class=\"attachment-medium size-medium wp-post-image\" alt=\"Bras\u00edlia\" decoding=\"async\" style=\"float:right; margin:0 0 10px 10px;\" srcset=\"https:\/\/www.infomoney.com.br\/wp-content\/uploads\/2021\/08\/23059589949_85b29f21ed_b.jpg?w=1023&amp;quality=70&amp;strip=all 1023w, https:\/\/www.infomoney.com.br\/wp-content\/uploads\/2021\/08\/23059589949_85b29f21ed_b.jpg?w=300&amp;quality=70&amp;strip=all 300w, https:\/\/www.infomoney.com.br\/wp-content\/uploads\/2021\/08\/23059589949_85b29f21ed_b.jpg?w=768&amp;quality=70&amp;strip=all 768w, https:\/\/www.infomoney.com.br\/wp-content\/uploads\/2021\/08\/23059589949_85b29f21ed_b.jpg?w=150&amp;quality=70&amp;strip=all 150w\" sizes=\"auto, (max-width: 300px) 100vw, 300px\" data-attachment-id=\"1689642\" data-permalink=\"https:\/\/www.infomoney.com.br\/colunistas\/convidados\/o-pais-da-hesitocracia\/attachment\/23059589949_85b29f21ed_b\/\" data-orig-file=\"https:\/\/www.infomoney.com.br\/wp-content\/uploads\/2021\/08\/23059589949_85b29f21ed_b.jpg?fit=1023%2C681&amp;quality=70&amp;strip=all\" data-orig-size=\"1023,681\" data-comments-opened=\"1\" data-image-meta=\"{&quot;aperture&quot;:&quot;0&quot;,&quot;credit&quot;:&quot;Ana Volpe\\\/Ag\\u00eancia Senado&quot;,&quot;camera&quot;:&quot;&quot;,&quot;caption&quot;:&quot;&quot;,&quot;created_timestamp&quot;:&quot;0&quot;,&quot;copyright&quot;:&quot;Senado Federal do Brasil&quot;,&quot;focal_length&quot;:&quot;0&quot;,&quot;iso&quot;:&quot;0&quot;,&quot;shutter_speed&quot;:&quot;0&quot;,&quot;title&quot;:&quot;&quot;,&quot;orientation&quot;:&quot;0&quot;}\" data-image-title=\"Bras\u00edlia\" data-image-description=\"\" data-image-caption=\"&lt;p&gt;IPC-S em Bras\u00edlia ficou negativo em 0,11% em fevereiro  (Ana Volpe\/Ag\u00eancia Senado)&lt;\/p&gt;\n\" data-medium-file=\"https:\/\/www.infomoney.com.br\/wp-content\/uploads\/2021\/08\/23059589949_85b29f21ed_b.jpg?fit=300%2C200&amp;quality=70&amp;strip=all\" data-large-file=\"https:\/\/www.infomoney.com.br\/wp-content\/uploads\/2021\/08\/23059589949_85b29f21ed_b.jpg?fit=1023%2C681&amp;quality=70&amp;strip=all\" title=\"\"><\/p>\n<p>Foi publicada com quatro vetos no Di\u00e1rio Oficial da Uni\u00e3o (DOU), desta ter\u00e7a-feira (20), a Lei 14.600, de 2023, referente \u00e0 organiza\u00e7\u00e3o b\u00e1sica dos \u00f3rg\u00e3os da Presid\u00eancia da Rep\u00fablica e \u00e0 reestrutura\u00e7\u00e3o dos minist\u00e9rios. O presidente da Rep\u00fablica, Luiz In\u00e1cio Lula da Silva, vetou dois dos pontos mais pol\u00eamicos e debatidos no Congresso: o que colocava sob compet\u00eancia do Minist\u00e9rio da Integra\u00e7\u00e3o e do Desenvolvimento Regional a gest\u00e3o de recursos h\u00eddricos, assim como a Pol\u00edtica Nacional de Recursos H\u00eddricos e a Pol\u00edtica Nacional de Seguran\u00e7a H\u00eddrica.<\/p>\n<p>Em sua justificativa, o presidente esclareceu que &#8220;a gest\u00e3o de recursos h\u00eddricos abrange aspectos que v\u00e3o al\u00e9m da garantia da infraestrutura h\u00eddrica, o que pressup\u00f5e compreender a \u00e1gua como um bem de dom\u00ednio p\u00fablico, cuja disponibilidade em qualidade e em quantidade, como insumo para as atividades humanas, \u00e9 indissoci\u00e1vel da manuten\u00e7\u00e3o dos processos ecol\u00f3gicos e sua intera\u00e7\u00e3o com a adapta\u00e7\u00e3o \u00e0s mudan\u00e7as clim\u00e1ticas\u201d.<\/p>\n<p>A gest\u00e3o das \u00e1guas \u00e9 tema central e transversal da pol\u00edtica ambiental, sendo a \u00e1gua um dos recursos ambientais da Pol\u00edtica Nacional do Meio Ambiente, conforme a Lei 6.938, de 1981, defendeu Lula ap\u00f3s ouvir o Minist\u00e9rio do Meio Ambiente e Mudan\u00e7a do Clima (MMA).<\/p>\n<p>&#8220;O \u00eaxito da implementa\u00e7\u00e3o das Pol\u00edticas Nacionais de Recursos H\u00eddricos e de Meio Ambiente, que historicamente no Brasil foram desenvolvidas de forma alinhada, serviu de refer\u00eancia para a constru\u00e7\u00e3o dos modelos estaduais de gerenciamento de recursos h\u00eddricos e meio ambiente, inspirados no modelo da Uni\u00e3o, facilitou a articula\u00e7\u00e3o e o alinhamento necess\u00e1rios para a gest\u00e3o das \u00e1guas em suas diferentes dominialidades&#8221;, complementou o presidente da Rep\u00fablica.<\/p>\n<h2><strong>Medida provis\u00f3ria<\/strong><\/h2>\n<p>A norma \u00e9 resultado da Medida Provis\u00f3ria (MP) 1.154\/2023, a primeira a ser editada pelo governo Lula, para estruturar o Executivo. O texto foi aprovado na forma de um projeto de lei de convers\u00e3o, tendo passado pelo Plen\u00e1rio do Senado em 31 de maio, \u00faltimo dia se sua vig\u00eancia. Foram mantidas as 37 pastas definidas pelo governo federal, mas alterou atribui\u00e7\u00f5es ministeriais de pastas ligadas ao meio ambiente, aos direitos ind\u00edgenas e \u00e0 agricultura familiar.<\/p>\n<p>O Minist\u00e9rio dos Povos Ind\u00edgenas (MPI) perdeu duas atribui\u00e7\u00f5es: o reconhecimento e a demarca\u00e7\u00e3o de terras ind\u00edgenas voltou para o Minist\u00e9rio da Justi\u00e7a e Seguran\u00e7a P\u00fablica. Ao MPI caber\u00e1 defender e gerir terras e territ\u00f3rios ind\u00edgenas e a Funda\u00e7\u00e3o Nacional dos Povos Ind\u00edgenas (Funai).<\/p>\n<p>A gest\u00e3o do Cadastro Ambiental Rural (CAR) em \u00e2mbito federal passou do Minist\u00e9rio do Meio Ambiente para o Minist\u00e9rio de Gest\u00e3o e da Inova\u00e7\u00e3o em Servi\u00e7os P\u00fablicos. O gerenciamento de sistemas de saneamento b\u00e1sico e res\u00edduos s\u00f3lidos tamb\u00e9m saiu do Minist\u00e9rio do Meio Ambiente e foi para o Minist\u00e9rio das Cidades.\u00a0A gest\u00e3o de florestas p\u00fablicas concedidas para a produ\u00e7\u00e3o sustent\u00e1vel seguiu a cargo do MMA. Mas a responsabilidade por florestas plantadas ficou com o Minist\u00e9rio da Agricultura, em articula\u00e7\u00e3o com o do Meio Ambiente.<\/p>\n<p>No caso do Minist\u00e9rio do Desenvolvimento Agr\u00e1rio e Agricultura Familiar, o projeto de lei de convers\u00e3o retirou de sua compet\u00eancia o controle total da Companhia Nacional de Abastecimento (Conab), que passou a ser dividida com o Minist\u00e9rio da Agricultura e Pecu\u00e1ria.<\/p>\n<h2><strong>Vetos<\/strong><\/h2>\n<p>Outro veto presidencial retirou do Gabinete de Seguran\u00e7a Institucional (GSI), da Presid\u00eancia da Rep\u00fablica, a compet\u00eancia de coordenar as atividades de intelig\u00eancia federal. Em sua justificativa, o presidente Lula esclareceu que a Ag\u00eancia Brasileira de Intelig\u00eancia (Abin) \u00e9 o \u00f3rg\u00e3o central do Sistema Brasileiro de Intelig\u00eancia, cabendo a ela ser respons\u00e1vel por planejar, executar, coordenar, supervisionar e controlar as atividades de intelig\u00eancia do pa\u00eds.<\/p>\n<p>Ouvido o Minist\u00e9rio da Sa\u00fade, foi vetado tamb\u00e9m o item que estabelecia como compet\u00eancia do Minist\u00e9rio das Cidades o &#8220;planejamento, coordena\u00e7\u00e3o, execu\u00e7\u00e3o, monitoramento, supervis\u00e3o e avalia\u00e7\u00e3o das a\u00e7\u00f5es referentes ao saneamento e \u00e0s edifica\u00e7\u00f5es nos territ\u00f3rios ind\u00edgenas, observadas as compet\u00eancias do Minist\u00e9rio dos Povos Ind\u00edgenas&#8221;.<\/p>\n<p>De acordo com o Poder Executivo, tal item contraria interesse p\u00fablico, pois inviabiliza &#8220;a utiliza\u00e7\u00e3o do saneamento ambiental e das edifica\u00e7\u00f5es ind\u00edgenas como determinantes ambientais de sa\u00fade, indicadores fundamentais para embasar as tomadas de decis\u00e3o em dados epidemiol\u00f3gicos, conforme estabelecido pela Pol\u00edtica Nacional de Aten\u00e7\u00e3o \u00e0 Sa\u00fade dos Povos Ind\u00edgenas e geraria impactos negativos diretos na sa\u00fade das popula\u00e7\u00f5es ind\u00edgenas&#8221;.<\/p>\n<p>The post <a rel=\"nofollow noopener\" href=\"https:\/\/www.infomoney.com.br\/politica\/sancionada-com-vetos-lei-que-reestrutura-ministerios\/\" target=\"_blank\">Sancionada com vetos lei que reestrutura minist\u00e9rios<\/a> appeared first on <a rel=\"nofollow noopener\" href=\"https:\/\/www.infomoney.com.br\/\" target=\"_blank\">InfoMoney<\/a>.<\/p>\n","protected":false},"excerpt":{"rendered":"<p><img loading=\"lazy\" decoding=\"async\" width=\"300\" height=\"200\" src=\"https:\/\/www.infomoney.com.br\/wp-content\/uploads\/2021\/08\/23059589949_85b29f21ed_b.jpg?fit=300%2C200&amp;quality=70&amp;strip=all\" class=\"attachment-medium size-medium wp-post-image\" alt=\"Bras\u00edlia\" data-attachment-id=\"1689642\" data-permalink=\"https:\/\/www.infomoney.com.br\/colunistas\/convidados\/o-pais-da-hesitocracia\/attachment\/23059589949_85b29f21ed_b\/\" data-orig-file=\"https:\/\/www.infomoney.com.br\/wp-content\/uploads\/2021\/08\/23059589949_85b29f21ed_b.jpg?fit=1023%2C681&amp;quality=70&amp;strip=all\" data-orig-size=\"1023,681\" data-comments-opened=\"1\" data-image-meta='{\"aperture\":\"0\",\"credit\":\"Ana Volpe\\\/Ag\\u00eancia Senado\",\"camera\":\"\",\"caption\":\"\",\"created_timestamp\":\"0\",\"copyright\":\"Senado Federal do Brasil\",\"focal_length\":\"0\",\"iso\":\"0\",\"shutter_speed\":\"0\",\"title\":\"\",\"orientation\":\"0\"}' data-image-title=\"Bras\u00edlia\" data-image-description=\"\" data-image-caption=\"&lt;p&gt;IPC-S em Bras\u00edlia ficou negativo em 0,11% em fevereiro  (Ana Volpe\/Ag\u00eancia Senado)&lt;\/p&gt;\n\" data-medium-file=\"https:\/\/www.infomoney.com.br\/wp-content\/uploads\/2021\/08\/23059589949_85b29f21ed_b.jpg?fit=300%2C200&amp;quality=70&amp;strip=all\" data-large-file=\"https:\/\/www.infomoney.com.br\/wp-content\/uploads\/2021\/08\/23059589949_85b29f21ed_b.jpg?fit=1023%2C681&amp;quality=70&amp;strip=all\">Lula devolveu ao Minist\u00e9rio do Meio Ambiente a Pol\u00edtica Nacional de Recursos H\u00eddricos e a Pol\u00edtica Nacional de Seguran\u00e7a H\u00eddrica<\/p>\n<p>The post <a rel=\"nofollow\" href=\"https:\/\/www.infomoney.com.br\/politica\/sancionada-com-vetos-lei-que-reestrutura-ministerios\/\">Sancionada com vetos lei que reestrutura minist\u00e9rios<\/a> appeared first on <a rel=\"nofollow\" href=\"https:\/\/www.infomoney.com.br\/\">InfoMoney<\/a>.<\/p>\n","protected":false},"author":47,"featured_media":0,"comment_status":"closed","ping_status":"closed","sticky":false,"template":"","format":"standard","meta":{"advgb_blocks_editor_width":"","advgb_blocks_columns_visual_guide":"","footnotes":""},"categories":[3420,34,187,432,47,403],"tags":[35],"class_list":["post-21625","post","type-post","status-publish","format-standard","hentry","category-esplanada-dos-ministerios","category-g1","category-governo-federal","category-medida-provisoria","category-politica","category-senado","tag-g1"],"author_meta":{"display_name":"luispereira","author_link":"https:\/\/sindaopcpb.org.br\/author\/luispereira\/"},"featured_img":null,"coauthors":[],"tax_additional":{"categories":{"linked":["<a href=\"https:\/\/sindaopcpb.org.br\/esplanada-dos-ministerios\/\" class=\"advgb-post-tax-term\">Esplanada dos Minist\u00e9rios<\/a>","<a href=\"https:\/\/sindaopcpb.org.br\/g1\/\" class=\"advgb-post-tax-term\">G1<\/a>","<a href=\"https:\/\/sindaopcpb.org.br\/governo-federal\/\" class=\"advgb-post-tax-term\">Governo Federal<\/a>","<a href=\"https:\/\/sindaopcpb.org.br\/medida-provisoria\/\" class=\"advgb-post-tax-term\">Medida Provis\u00f3ria<\/a>","<a href=\"https:\/\/sindaopcpb.org.br\/politica\/\" class=\"advgb-post-tax-term\">POLITICA<\/a>","<a href=\"https:\/\/sindaopcpb.org.br\/senado\/\" class=\"advgb-post-tax-term\">Senado<\/a>"],"unlinked":["<span class=\"advgb-post-tax-term\">Esplanada dos Minist\u00e9rios<\/span>","<span class=\"advgb-post-tax-term\">G1<\/span>","<span class=\"advgb-post-tax-term\">Governo Federal<\/span>","<span class=\"advgb-post-tax-term\">Medida Provis\u00f3ria<\/span>","<span class=\"advgb-post-tax-term\">POLITICA<\/span>","<span class=\"advgb-post-tax-term\">Senado<\/span>"]},"tags":{"linked":["<a href=\"https:\/\/sindaopcpb.org.br\/senado\/\" class=\"advgb-post-tax-term\">g1<\/a>"],"unlinked":["<span class=\"advgb-post-tax-term\">g1<\/span>"]}},"comment_count":"0","relative_dates":{"created":"Publicado 3 anos atr\u00e1s","modified":"Atualizado 3 anos atr\u00e1s"},"absolute_dates":{"created":"Publicado em 20 de junho de 2023","modified":"Atualizado em 20 de junho de 2023"},"absolute_dates_time":{"created":"Publicado em 20 de junho de 2023 15:24","modified":"Atualizado em 20 de junho de 2023 15:24"},"featured_img_caption":"","series_order":"","_links":{"self":[{"href":"https:\/\/sindaopcpb.org.br\/index.php\/wp-json\/wp\/v2\/posts\/21625","targetHints":{"allow":["GET"]}}],"collection":[{"href":"https:\/\/sindaopcpb.org.br\/index.php\/wp-json\/wp\/v2\/posts"}],"about":[{"href":"https:\/\/sindaopcpb.org.br\/index.php\/wp-json\/wp\/v2\/types\/post"}],"author":[{"embeddable":true,"href":"https:\/\/sindaopcpb.org.br\/index.php\/wp-json\/wp\/v2\/users\/47"}],"replies":[{"embeddable":true,"href":"https:\/\/sindaopcpb.org.br\/index.php\/wp-json\/wp\/v2\/comments?post=21625"}],"version-history":[{"count":1,"href":"https:\/\/sindaopcpb.org.br\/index.php\/wp-json\/wp\/v2\/posts\/21625\/revisions"}],"predecessor-version":[{"id":21626,"href":"https:\/\/sindaopcpb.org.br\/index.php\/wp-json\/wp\/v2\/posts\/21625\/revisions\/21626"}],"wp:attachment":[{"href":"https:\/\/sindaopcpb.org.br\/index.php\/wp-json\/wp\/v2\/media?parent=21625"}],"wp:term":[{"taxonomy":"category","embeddable":true,"href":"https:\/\/sindaopcpb.org.br\/index.php\/wp-json\/wp\/v2\/categories?post=21625"},{"taxonomy":"post_tag","embeddable":true,"href":"https:\/\/sindaopcpb.org.br\/index.php\/wp-json\/wp\/v2\/tags?post=21625"}],"curies":[{"name":"wp","href":"https:\/\/api.w.org\/{rel}","templated":true}]}}