{"id":21604,"date":"2023-06-20T12:36:00","date_gmt":"2023-06-20T15:36:00","guid":{"rendered":"https:\/\/www.infomoney.com.br\/?p=2165558"},"modified":"2023-06-20T12:36:00","modified_gmt":"2023-06-20T15:36:00","slug":"alckmin-diz-que-ideia-da-tributaria-e-neutralidade-mas-reconhece-impacto-negativo-para-sp","status":"publish","type":"post","link":"https:\/\/sindaopcpb.org.br\/index.php\/2023\/06\/20\/alckmin-diz-que-ideia-da-tributaria-e-neutralidade-mas-reconhece-impacto-negativo-para-sp\/","title":{"rendered":"Alckmin diz que ideia da tribut\u00e1ria \u00e9 neutralidade, mas reconhece impacto negativo para SP"},"content":{"rendered":"<p><img loading=\"lazy\" width=\"300\" height=\"225\" src=\"https:\/\/www.infomoney.com.br\/wp-content\/uploads\/2022\/11\/6.-10112022-pzzb2201.jpg?fit=300%2C225&amp;quality=70&amp;strip=all\" class=\"attachment-medium size-medium wp-post-image\" alt=\"\" decoding=\"async\" style=\"float:right; margin:0 0 10px 10px;\" srcset=\"https:\/\/www.infomoney.com.br\/wp-content\/uploads\/2022\/11\/6.-10112022-pzzb2201.jpg?w=1024&amp;quality=70&amp;strip=all 1024w, https:\/\/www.infomoney.com.br\/wp-content\/uploads\/2022\/11\/6.-10112022-pzzb2201.jpg?w=300&amp;quality=70&amp;strip=all 300w, https:\/\/www.infomoney.com.br\/wp-content\/uploads\/2022\/11\/6.-10112022-pzzb2201.jpg?w=768&amp;quality=70&amp;strip=all 768w, https:\/\/www.infomoney.com.br\/wp-content\/uploads\/2022\/11\/6.-10112022-pzzb2201.jpg?w=150&amp;quality=70&amp;strip=all 150w\" sizes=\"auto, (max-width: 300px) 100vw, 300px\" data-attachment-id=\"1987729\" data-permalink=\"https:\/\/www.infomoney.com.br\/politica\/alckmin-governo-lula-vai-fechar-contas-no-azul-e-reduzir-divida-mas-nao-em-24h\/attachment\/6-10112022-pzzb2201\/\" data-orig-file=\"https:\/\/www.infomoney.com.br\/wp-content\/uploads\/2022\/11\/6.-10112022-pzzb2201.jpg?fit=1024%2C768&amp;quality=70&amp;strip=all\" data-orig-size=\"1024,768\" data-comments-opened=\"0\" data-image-meta=\"{&quot;aperture&quot;:&quot;2.8&quot;,&quot;credit&quot;:&quot;Fabio Rodrigues-Pozzebom\\\/ Ag\\u00eancia Brasil&quot;,&quot;camera&quot;:&quot;Canon EOS 7D Mark II&quot;,&quot;caption&quot;:&quot;O vice-presidente eleito e coordenador da Transi\\u00e7\\u00e3o, Geraldo Alckmin apresentou em coletiva os novos nomes que compor\\u00e3o os grupos t\\u00e9cnicos da transi\\u00e7\\u00e3o&quot;,&quot;created_timestamp&quot;:&quot;1668095030&quot;,&quot;copyright&quot;:&quot;Ag\\u00eancia Brasil\\\/EBC&quot;,&quot;focal_length&quot;:&quot;95&quot;,&quot;iso&quot;:&quot;800&quot;,&quot;shutter_speed&quot;:&quot;0.00625&quot;,&quot;title&quot;:&quot;&quot;,&quot;orientation&quot;:&quot;0&quot;}\" data-image-title=\"6. 10112022-pzzb2201\" data-image-description=\"\" data-image-caption=\"&lt;p&gt;O vice-presidente eleito, Geraldo Alckmin (PSB), com a deputada federal Gleisi Hoffmann, presidente nacional do PT, no CCBB, em Bras\u00edlia (Foto: Fabio Rodrigues-Pozzebom\/ Ag\u00eancia Brasil)&lt;\/p&gt;\n\" data-medium-file=\"https:\/\/www.infomoney.com.br\/wp-content\/uploads\/2022\/11\/6.-10112022-pzzb2201.jpg?fit=300%2C225&amp;quality=70&amp;strip=all\" data-large-file=\"https:\/\/www.infomoney.com.br\/wp-content\/uploads\/2022\/11\/6.-10112022-pzzb2201.jpg?fit=1024%2C768&amp;quality=70&amp;strip=all\" title=\"\"><\/p>\n<p>Na tentativa de contemporizar a resist\u00eancia de governadores \u00e0 reforma tribut\u00e1ria, o vice-presidente da Rep\u00fablica, Geraldo Alckmin, afirmou que a ideia da reforma tribut\u00e1ria \u00e9 a &#8220;neutralidade federativa&#8221;. Ainda assim, reconheceu que S\u00e3o Paulo, Estado que mais arrecada no Pa\u00eds, pode ser impactado pelo projeto atual.<\/p>\n<p>&#8220;A ideia \u00e9 neutralidade federativa: no dia seguinte, ningu\u00e9m ganhou nada, ningu\u00e9m perdeu nada. O que se deseja \u00e9 simplifica\u00e7\u00e3o, reduzir Custo Brasil, tirar cumulatividade, estimular exporta\u00e7\u00f5es e diminuir burocracia&#8217;, afirmou o presidente em exerc\u00edcio &#8211; o presidente Luiz In\u00e1cio Lula da Silva est\u00e1 em viagem oficial \u00e0 Europa.<\/p>\n<p>De acordo com Alckmin, o Estado de S\u00e3o Paulo, onde ele foi governador por quatro vezes, pode perder com a reforma tribut\u00e1ria com a passagem da cobran\u00e7a de impostos da origem para o destino.<\/p>\n<p>&#8220;S\u00e3o Paulo \u00e9 exportador l\u00edquido. Quando voc\u00ea muda da origem para o destino, S\u00e3o Paulo perde um pouco. Mas voc\u00ea tem que pensar no conjunto, todos v\u00e3o ganhar se a economia crescer. A reforma tribut\u00e1ria traz efici\u00eancia econ\u00f4mica, pode em 15 anos aumentar 10% do PIB e salvar a ind\u00fastria&#8221;, avaliou o tamb\u00e9m ministro do Desenvolvimento, Ind\u00fastria, Com\u00e9rcio e Servi\u00e7os.<\/p>\n<p>Uma solu\u00e7\u00e3o para o caso, de acordo com o presidente em exerc\u00edcio, seria uma transi\u00e7\u00e3o lenta. &#8220;\u00c9 fundamental a reforma tribut\u00e1ria. A passagem da origem para o destino. No mundo inteiro, imposto se paga onde consome, onde est\u00e3o as pessoas. &#8216;Ah, algu\u00e9m pode perder&#8217;. Voc\u00ea faz uma transi\u00e7\u00e3o lenta. Voc\u00ea pode ter fundos de desenvolvimento para regi\u00f5es. Tem solu\u00e7\u00e3o. O que n\u00e3o pode \u00e9 ficar do jeito que est\u00e1&#8221;, disse o vice-presidente.<\/p>\n<p>&#8220;Tem ajustes a serem feitos? Tem. Pol\u00edtica \u00e9 di\u00e1logo, \u00e9 ouvir bastante e buscar boas solu\u00e7\u00f5es. E eu acredito na boa solu\u00e7\u00e3o&#8221;, seguiu o ministro, em tom conciliador. &#8220;N\u00e3o podemos \u00e9 continuar com o atual manic\u00f4mio tribut\u00e1rio.&#8221;<\/p>\n<p>Alckmin ainda afirmou que o relator da reforma tribut\u00e1ria, deputado Aguinaldo Ribeiro (PP-PB), \u00e9 uma pessoa paciente, resiliente e que ouve bastante. &#8220;Quem ouve mais erra menos&#8221;, disse.<\/p>\n<p>The post <a rel=\"nofollow noopener\" href=\"https:\/\/www.infomoney.com.br\/politica\/alckmin-diz-que-ideia-da-tributaria-e-neutralidade-mas-reconhece-impacto-negativo-para-sp\/\" target=\"_blank\">Alckmin diz que ideia da tribut\u00e1ria \u00e9 neutralidade, mas reconhece impacto negativo para SP<\/a> appeared first on <a rel=\"nofollow noopener\" href=\"https:\/\/www.infomoney.com.br\/\" target=\"_blank\">InfoMoney<\/a>.<\/p>\n","protected":false},"excerpt":{"rendered":"<p><img loading=\"lazy\" decoding=\"async\" width=\"300\" height=\"225\" src=\"https:\/\/www.infomoney.com.br\/wp-content\/uploads\/2022\/11\/6.-10112022-pzzb2201.jpg?fit=300%2C225&amp;quality=70&amp;strip=all\" class=\"attachment-medium size-medium wp-post-image\" alt=\"\" data-attachment-id=\"1987729\" data-permalink=\"https:\/\/www.infomoney.com.br\/politica\/alckmin-governo-lula-vai-fechar-contas-no-azul-e-reduzir-divida-mas-nao-em-24h\/attachment\/6-10112022-pzzb2201\/\" data-orig-file=\"https:\/\/www.infomoney.com.br\/wp-content\/uploads\/2022\/11\/6.-10112022-pzzb2201.jpg?fit=1024%2C768&amp;quality=70&amp;strip=all\" data-orig-size=\"1024,768\" data-comments-opened=\"0\" data-image-meta='{\"aperture\":\"2.8\",\"credit\":\"Fabio Rodrigues-Pozzebom\\\/ Ag\\u00eancia Brasil\",\"camera\":\"Canon EOS 7D Mark II\",\"caption\":\"O vice-presidente eleito e coordenador da Transi\\u00e7\\u00e3o, Geraldo Alckmin apresentou em coletiva os novos nomes que compor\\u00e3o os grupos t\\u00e9cnicos da transi\\u00e7\\u00e3o\",\"created_timestamp\":\"1668095030\",\"copyright\":\"Ag\\u00eancia Brasil\\\/EBC\",\"focal_length\":\"95\",\"iso\":\"800\",\"shutter_speed\":\"0.00625\",\"title\":\"\",\"orientation\":\"0\"}' data-image-title=\"6. 10112022-pzzb2201\" data-image-description=\"\" data-image-caption=\"&lt;p&gt;O vice-presidente eleito, Geraldo Alckmin (PSB), com a deputada federal Gleisi Hoffmann, presidente nacional do PT, no CCBB, em Bras\u00edlia (Foto: Fabio Rodrigues-Pozzebom\/ Ag\u00eancia Brasil)&lt;\/p&gt;\n\" data-medium-file=\"https:\/\/www.infomoney.com.br\/wp-content\/uploads\/2022\/11\/6.-10112022-pzzb2201.jpg?fit=300%2C225&amp;quality=70&amp;strip=all\" data-large-file=\"https:\/\/www.infomoney.com.br\/wp-content\/uploads\/2022\/11\/6.-10112022-pzzb2201.jpg?fit=1024%2C768&amp;quality=70&amp;strip=all\">Uma solu\u00e7\u00e3o para o caso, de acordo com o presidente em exerc\u00edcio, seria uma transi\u00e7\u00e3o lenta.<\/p>\n<p>The post <a rel=\"nofollow\" href=\"https:\/\/www.infomoney.com.br\/politica\/alckmin-diz-que-ideia-da-tributaria-e-neutralidade-mas-reconhece-impacto-negativo-para-sp\/\">Alckmin diz que ideia da tribut\u00e1ria \u00e9 neutralidade, mas reconhece impacto negativo para SP<\/a> appeared first on <a rel=\"nofollow\" href=\"https:\/\/www.infomoney.com.br\/\">InfoMoney<\/a>.<\/p>\n","protected":false},"author":43,"featured_media":0,"comment_status":"closed","ping_status":"closed","sticky":false,"template":"","format":"standard","meta":{"advgb_blocks_editor_width":"","advgb_blocks_columns_visual_guide":"","footnotes":""},"categories":[535,34,340,556,47,191,424],"tags":[35],"class_list":["post-21604","post","type-post","status-publish","format-standard","hentry","category-arrecadacao","category-g1","category-geraldo-alckmin","category-impostos","category-politica","category-reforma-tributaria","category-sao-paulo","tag-g1"],"author_meta":{"display_name":"Estad\u00e3o Conte\u00fado","author_link":"https:\/\/sindaopcpb.org.br\/author\/estadao-conteudo\/"},"featured_img":null,"coauthors":[],"tax_additional":{"categories":{"linked":["<a href=\"https:\/\/sindaopcpb.org.br\/arrecadacao\/\" class=\"advgb-post-tax-term\">Arrecada\u00e7\u00e3o<\/a>","<a href=\"https:\/\/sindaopcpb.org.br\/g1\/\" class=\"advgb-post-tax-term\">G1<\/a>","<a href=\"https:\/\/sindaopcpb.org.br\/geraldo-alckmin\/\" class=\"advgb-post-tax-term\">Geraldo Alckmin<\/a>","<a href=\"https:\/\/sindaopcpb.org.br\/impostos\/\" class=\"advgb-post-tax-term\">Impostos<\/a>","<a href=\"https:\/\/sindaopcpb.org.br\/politica\/\" class=\"advgb-post-tax-term\">POLITICA<\/a>","<a href=\"https:\/\/sindaopcpb.org.br\/reforma-tributaria\/\" class=\"advgb-post-tax-term\">reforma tribut\u00e1ria<\/a>","<a href=\"https:\/\/sindaopcpb.org.br\/sao-paulo\/\" class=\"advgb-post-tax-term\">S\u00e3o Paulo<\/a>"],"unlinked":["<span class=\"advgb-post-tax-term\">Arrecada\u00e7\u00e3o<\/span>","<span class=\"advgb-post-tax-term\">G1<\/span>","<span class=\"advgb-post-tax-term\">Geraldo Alckmin<\/span>","<span class=\"advgb-post-tax-term\">Impostos<\/span>","<span class=\"advgb-post-tax-term\">POLITICA<\/span>","<span class=\"advgb-post-tax-term\">reforma tribut\u00e1ria<\/span>","<span class=\"advgb-post-tax-term\">S\u00e3o Paulo<\/span>"]},"tags":{"linked":["<a href=\"https:\/\/sindaopcpb.org.br\/sao-paulo\/\" class=\"advgb-post-tax-term\">g1<\/a>"],"unlinked":["<span class=\"advgb-post-tax-term\">g1<\/span>"]}},"comment_count":"0","relative_dates":{"created":"Publicado 3 anos atr\u00e1s","modified":"Atualizado 3 anos atr\u00e1s"},"absolute_dates":{"created":"Publicado em 20 de junho de 2023","modified":"Atualizado em 20 de junho de 2023"},"absolute_dates_time":{"created":"Publicado em 20 de junho de 2023 12:36","modified":"Atualizado em 20 de junho de 2023 12:36"},"featured_img_caption":"","series_order":"","_links":{"self":[{"href":"https:\/\/sindaopcpb.org.br\/index.php\/wp-json\/wp\/v2\/posts\/21604","targetHints":{"allow":["GET"]}}],"collection":[{"href":"https:\/\/sindaopcpb.org.br\/index.php\/wp-json\/wp\/v2\/posts"}],"about":[{"href":"https:\/\/sindaopcpb.org.br\/index.php\/wp-json\/wp\/v2\/types\/post"}],"author":[{"embeddable":true,"href":"https:\/\/sindaopcpb.org.br\/index.php\/wp-json\/wp\/v2\/users\/43"}],"replies":[{"embeddable":true,"href":"https:\/\/sindaopcpb.org.br\/index.php\/wp-json\/wp\/v2\/comments?post=21604"}],"version-history":[{"count":1,"href":"https:\/\/sindaopcpb.org.br\/index.php\/wp-json\/wp\/v2\/posts\/21604\/revisions"}],"predecessor-version":[{"id":21605,"href":"https:\/\/sindaopcpb.org.br\/index.php\/wp-json\/wp\/v2\/posts\/21604\/revisions\/21605"}],"wp:attachment":[{"href":"https:\/\/sindaopcpb.org.br\/index.php\/wp-json\/wp\/v2\/media?parent=21604"}],"wp:term":[{"taxonomy":"category","embeddable":true,"href":"https:\/\/sindaopcpb.org.br\/index.php\/wp-json\/wp\/v2\/categories?post=21604"},{"taxonomy":"post_tag","embeddable":true,"href":"https:\/\/sindaopcpb.org.br\/index.php\/wp-json\/wp\/v2\/tags?post=21604"}],"curies":[{"name":"wp","href":"https:\/\/api.w.org\/{rel}","templated":true}]}}