{"id":21594,"date":"2023-06-20T12:05:00","date_gmt":"2023-06-20T15:05:00","guid":{"rendered":"https:\/\/g1.globo.com\/pb\/paraiba\/noticia\/2023\/06\/20\/motociclistas-pedem-para-que-transporte-de-passageiro-por-moto-seja-regularizado-em-joao-pessoa.ghtml"},"modified":"2023-06-20T12:05:00","modified_gmt":"2023-06-20T15:05:00","slug":"motociclistas-pedem-para-que-transporte-de-passageiro-por-moto-seja-regularizado-em-joao-pessoa","status":"publish","type":"post","link":"https:\/\/sindaopcpb.org.br\/index.php\/2023\/06\/20\/motociclistas-pedem-para-que-transporte-de-passageiro-por-moto-seja-regularizado-em-joao-pessoa\/","title":{"rendered":"Motociclistas pedem para que transporte de passageiro por moto seja regularizado em Jo\u00e3o Pessoa"},"content":{"rendered":"   <img src=\"https:\/\/s2.glbimg.com\/wkiN69_xo-3QVO-Qiv9t07_UJVc=\/i.s3.glbimg.com\/v1\/AUTH_59edd422c0c84a879bd37670ae4f538a\/internal_photos\/bs\/2023\/t\/S\/MoAykyTbeaosuzgyfJ0A\/mototaxi.jpeg\" \/><br \/>     Categoria est\u00e1 resguardada por liminar da justi\u00e7a, mas eles querem mais seguran\u00e7a jur\u00eddica. Protesto de motociclistas em Jo\u00e3o Pessoa\nSemob-JP\/Divulga\u00e7\u00e3o\nMotociclistas fizeram uma mobiliza\u00e7\u00e3o na manh\u00e3 desta ter\u00e7a-feira (20) na C\u00e2mara Municipal de Jo\u00e3o Pessoa em que cobram a regulariza\u00e7\u00e3o de transporte de passageiros por moto na capital paraibana. Eles se concentraram nos arredores do Est\u00e1dio Almeid\u00e3o e de l\u00e1 foram todos at\u00e9 a sede do parlamento municipal, localizada na rua Trincheiras, no Centro.\nOs participantes do ato fecharam a rua, justo na parte em frente da C\u00e2mara, e exigiam ser recebidos pelos parlamentares. Nomes como os vereadores Milanez Neto (PV) e Bruno Farias (Cidadania) improvisaram uma comiss\u00e3o e receberam os l\u00edderes do movimento.\nA pauta principal gira em torno da Lei n. 8.210 de 2 de abril de 1997, que estabelece e regulamenta o transporte de encomendas em motocicletas e similares. Pois, a mesma lei que na pr\u00e1tica regulariza a profiss\u00e3o de motoboy, pro\u00edbe a de mototaxista.\nIsso porque o artigo 3\u00ba da legisla\u00e7\u00e3o municipal determina que \u201c\u00e9 proibido o transporte remunerado de passageiros em motocicletas\u201d no munic\u00edpio de Jo\u00e3o Pessoa. \nA quest\u00e3o \u00e9 que, com a chegada de aplicativos de transporte de passageiros, e com a previs\u00e3o desses aplicativos de contratar viagens por moto, muitos motociclistas come\u00e7aram a oferecer o servi\u00e7o. Por ora, existe uma liminar na justi\u00e7a que permite o servi\u00e7o, mas a categoria quer uma mudan\u00e7a na lei para que os profissionais tenham mais seguran\u00e7a jur\u00eddica.\nOs parlamentares que conversaram com o motociclistas prometeram trabalhar na quest\u00e3o. O objetivo \u00e9 levar o caso inicialmente para parecer da Superinted\u00eancia Executiva de Mobilidade Urbana de Jo\u00e3o Pessoa (Semob-JP) para que assim o Poder Executivo envie um projeto de lei tratando da quest\u00e3o. Depois disso o projeto passaria pelos tr\u00e2mites no Poder Legislativo.\nOs motocilistas chegaram \u00e0 C\u00e2mara por volta das 8h e desobstru\u00edram a rua por volta das 10h30, ap\u00f3s a reuni\u00e3o com os vereadores.\nV\u00eddeos mais assistidos da Para\u00edba  ","protected":false},"excerpt":{"rendered":"<p>        Categoria est\u00e1 resguardada por liminar da justi\u00e7a, mas eles querem mais seguran\u00e7a jur\u00eddica. Protesto de motociclistas em Jo\u00e3o Pessoa<br \/>\nSemob-JP\/Divulga\u00e7\u00e3o<br \/>\nMotociclistas fizeram uma mobiliza\u00e7\u00e3o na manh\u00e3 desta ter\u00e7a-feira (20) na C\u00e2mara Municipal d&#8230;<\/p>\n","protected":false},"author":2,"featured_media":0,"comment_status":"closed","ping_status":"closed","sticky":false,"template":"","format":"standard","meta":{"advgb_blocks_editor_width":"","advgb_blocks_columns_visual_guide":"","footnotes":""},"categories":[34],"tags":[35],"class_list":["post-21594","post","type-post","status-publish","format-standard","hentry","category-g1","tag-g1"],"author_meta":{"display_name":"g1 &gt; Para\u00edba","author_link":"https:\/\/sindaopcpb.org.br\/author\/g1-paraiba\/"},"featured_img":null,"coauthors":[],"tax_additional":{"categories":{"linked":["<a href=\"https:\/\/sindaopcpb.org.br\/g1\/\" class=\"advgb-post-tax-term\">G1<\/a>"],"unlinked":["<span class=\"advgb-post-tax-term\">G1<\/span>"]},"tags":{"linked":["<a href=\"https:\/\/sindaopcpb.org.br\/g1\/\" class=\"advgb-post-tax-term\">g1<\/a>"],"unlinked":["<span class=\"advgb-post-tax-term\">g1<\/span>"]}},"comment_count":"0","relative_dates":{"created":"Publicado 3 anos atr\u00e1s","modified":"Atualizado 3 anos atr\u00e1s"},"absolute_dates":{"created":"Publicado em 20 de junho de 2023","modified":"Atualizado em 20 de junho de 2023"},"absolute_dates_time":{"created":"Publicado em 20 de junho de 2023 12:05","modified":"Atualizado em 20 de junho de 2023 12:05"},"featured_img_caption":"","series_order":"","_links":{"self":[{"href":"https:\/\/sindaopcpb.org.br\/index.php\/wp-json\/wp\/v2\/posts\/21594","targetHints":{"allow":["GET"]}}],"collection":[{"href":"https:\/\/sindaopcpb.org.br\/index.php\/wp-json\/wp\/v2\/posts"}],"about":[{"href":"https:\/\/sindaopcpb.org.br\/index.php\/wp-json\/wp\/v2\/types\/post"}],"author":[{"embeddable":true,"href":"https:\/\/sindaopcpb.org.br\/index.php\/wp-json\/wp\/v2\/users\/2"}],"replies":[{"embeddable":true,"href":"https:\/\/sindaopcpb.org.br\/index.php\/wp-json\/wp\/v2\/comments?post=21594"}],"version-history":[{"count":1,"href":"https:\/\/sindaopcpb.org.br\/index.php\/wp-json\/wp\/v2\/posts\/21594\/revisions"}],"predecessor-version":[{"id":21597,"href":"https:\/\/sindaopcpb.org.br\/index.php\/wp-json\/wp\/v2\/posts\/21594\/revisions\/21597"}],"wp:attachment":[{"href":"https:\/\/sindaopcpb.org.br\/index.php\/wp-json\/wp\/v2\/media?parent=21594"}],"wp:term":[{"taxonomy":"category","embeddable":true,"href":"https:\/\/sindaopcpb.org.br\/index.php\/wp-json\/wp\/v2\/categories?post=21594"},{"taxonomy":"post_tag","embeddable":true,"href":"https:\/\/sindaopcpb.org.br\/index.php\/wp-json\/wp\/v2\/tags?post=21594"}],"curies":[{"name":"wp","href":"https:\/\/api.w.org\/{rel}","templated":true}]}}