{"id":21590,"date":"2023-06-20T12:09:02","date_gmt":"2023-06-20T15:09:02","guid":{"rendered":"https:\/\/g1.globo.com\/pb\/paraiba\/noticia\/2023\/06\/20\/festival-de-milho-comeca-nesta-terca-feira-em-joao-pessoa.ghtml"},"modified":"2023-06-20T12:09:02","modified_gmt":"2023-06-20T15:09:02","slug":"festival-de-milho-comeca-nesta-terca-feira-em-joao-pessoa","status":"publish","type":"post","link":"https:\/\/sindaopcpb.org.br\/index.php\/2023\/06\/20\/festival-de-milho-comeca-nesta-terca-feira-em-joao-pessoa\/","title":{"rendered":"Festival de Milho come\u00e7a nesta ter\u00e7a-feira, em Jo\u00e3o Pessoa"},"content":{"rendered":"   <img src=\"https:\/\/s2.glbimg.com\/nCbB77VRnRYVci0vSDqfuuWfI8o=\/i.s3.glbimg.com\/v1\/AUTH_59edd422c0c84a879bd37670ae4f538a\/internal_photos\/bs\/2023\/p\/q\/1XS6wvQiOdyAZXA1Ddpg\/festival-do-milho-cecaf.jpeg\" \/><br \/>     Evento acontece na Cecaf, no bairro do Jos\u00e9 Am\u00e9rico, at\u00e9 o s\u00e1bado, e tem m\u00e3o de milho a R$ 35.\n Festival de Milho da Cecaf 2023\nDivulga\u00e7\u00e3o\/PMJP\nCome\u00e7ou nesta ter\u00e7a-feira (20) a edi\u00e7\u00e3o 2023 do Festival de Milho da Central de Comercializa\u00e7\u00e3o da Agricultura Familiar (Cecaf), no bairro do Jos\u00e9 Am\u00e9rico, em Jo\u00e3o Pessoa. O evento acontece at\u00e9 o pr\u00f3ximo s\u00e1bado (24) e se destaca pela venda de milho a pre\u00e7os acess\u00edveis, al\u00e9m de comidas t\u00edpicas, gastronomia regional, artesanato e outros produtos da agricultura familiar. \nSegundo o diretor da Cecaf, Jer\u00f4nimo J\u00fanior, a m\u00e3o de milho, com 52 espigas, est\u00e1 sendo vendida ao pre\u00e7o de R$ 35, mas os agricultores tamb\u00e9m est\u00e3o abertos \u00e0 negocia\u00e7\u00e3o, de acordo com a quantidade que os clientes querem comprar. \nM\u00e3o de milho custa R$ 35 na Feira de Milho da Cecaf\nDivulga\u00e7\u00e3o\/PMJP\nAo todo, 180 fam\u00edlias agricultoras fazem parte da opera\u00e7\u00e3o. \u201cS\u00e3o 120 fam\u00edlias cadastradas na Cecaf e al\u00e9m delas outras 60 que n\u00e3o comercializam seus produtos aqui o ano inteiro, mas que v\u00eam para o Festival vender seu milho e os subprodutos\u201d, explicou Jer\u00f4nimo.\nDurante os dias do festival, acontecer\u00e3o apresenta\u00e7\u00f5es de quadrilhas juninas e grupos de forr\u00f3 e xaxado, em parceria com a Funda\u00e7\u00e3o Cultural de Jo\u00e3o Pessoa (Funjope). No local, ainda haver\u00e1 estandes de servi\u00e7os de sa\u00fade, como atualiza\u00e7\u00e3o do cart\u00e3o de vacina\u00e7\u00e3o, em parceria com a Secretaria Municipal de Sa\u00fade (SMS).\nV\u00eddeos mais assistidos da Para\u00edba  ","protected":false},"excerpt":{"rendered":"<p>        Evento acontece na Cecaf, no bairro do Jos\u00e9 Am\u00e9rico, at\u00e9 o s\u00e1bado, e tem m\u00e3o de milho a R$ 35.<br \/>\n Festival de Milho da Cecaf 2023<br \/>\nDivulga\u00e7\u00e3o\/PMJP<br \/>\nCome\u00e7ou nesta ter\u00e7a-feira (20) a edi\u00e7\u00e3o 2023 do Festival de Milho da Central de Comercializa\u00e7\u00e3o da A&#8230;<\/p>\n","protected":false},"author":2,"featured_media":0,"comment_status":"closed","ping_status":"closed","sticky":false,"template":"","format":"standard","meta":{"advgb_blocks_editor_width":"","advgb_blocks_columns_visual_guide":"","footnotes":""},"categories":[34],"tags":[35],"class_list":["post-21590","post","type-post","status-publish","format-standard","hentry","category-g1","tag-g1"],"author_meta":{"display_name":"g1 &gt; Para\u00edba","author_link":"https:\/\/sindaopcpb.org.br\/author\/g1-paraiba\/"},"featured_img":null,"coauthors":[],"tax_additional":{"categories":{"linked":["<a href=\"https:\/\/sindaopcpb.org.br\/g1\/\" class=\"advgb-post-tax-term\">G1<\/a>"],"unlinked":["<span class=\"advgb-post-tax-term\">G1<\/span>"]},"tags":{"linked":["<a href=\"https:\/\/sindaopcpb.org.br\/g1\/\" class=\"advgb-post-tax-term\">g1<\/a>"],"unlinked":["<span class=\"advgb-post-tax-term\">g1<\/span>"]}},"comment_count":"0","relative_dates":{"created":"Publicado 3 anos atr\u00e1s","modified":"Atualizado 3 anos atr\u00e1s"},"absolute_dates":{"created":"Publicado em 20 de junho de 2023","modified":"Atualizado em 20 de junho de 2023"},"absolute_dates_time":{"created":"Publicado em 20 de junho de 2023 12:09","modified":"Atualizado em 20 de junho de 2023 12:09"},"featured_img_caption":"","series_order":"","_links":{"self":[{"href":"https:\/\/sindaopcpb.org.br\/index.php\/wp-json\/wp\/v2\/posts\/21590","targetHints":{"allow":["GET"]}}],"collection":[{"href":"https:\/\/sindaopcpb.org.br\/index.php\/wp-json\/wp\/v2\/posts"}],"about":[{"href":"https:\/\/sindaopcpb.org.br\/index.php\/wp-json\/wp\/v2\/types\/post"}],"author":[{"embeddable":true,"href":"https:\/\/sindaopcpb.org.br\/index.php\/wp-json\/wp\/v2\/users\/2"}],"replies":[{"embeddable":true,"href":"https:\/\/sindaopcpb.org.br\/index.php\/wp-json\/wp\/v2\/comments?post=21590"}],"version-history":[{"count":1,"href":"https:\/\/sindaopcpb.org.br\/index.php\/wp-json\/wp\/v2\/posts\/21590\/revisions"}],"predecessor-version":[{"id":21592,"href":"https:\/\/sindaopcpb.org.br\/index.php\/wp-json\/wp\/v2\/posts\/21590\/revisions\/21592"}],"wp:attachment":[{"href":"https:\/\/sindaopcpb.org.br\/index.php\/wp-json\/wp\/v2\/media?parent=21590"}],"wp:term":[{"taxonomy":"category","embeddable":true,"href":"https:\/\/sindaopcpb.org.br\/index.php\/wp-json\/wp\/v2\/categories?post=21590"},{"taxonomy":"post_tag","embeddable":true,"href":"https:\/\/sindaopcpb.org.br\/index.php\/wp-json\/wp\/v2\/tags?post=21590"}],"curies":[{"name":"wp","href":"https:\/\/api.w.org\/{rel}","templated":true}]}}