{"id":21580,"date":"2023-06-20T11:27:00","date_gmt":"2023-06-20T14:27:00","guid":{"rendered":"https:\/\/g1.globo.com\/pb\/paraiba\/sao-joao\/2023\/noticia\/2023\/06\/20\/sao-joao-2023-veja-o-que-abre-e-o-que-fecha-em-campina-grande.ghtml"},"modified":"2023-06-20T11:27:00","modified_gmt":"2023-06-20T14:27:00","slug":"sao-joao-2023-veja-o-que-abre-e-o-que-fecha-em-campina-grande","status":"publish","type":"post","link":"https:\/\/sindaopcpb.org.br\/index.php\/2023\/06\/20\/sao-joao-2023-veja-o-que-abre-e-o-que-fecha-em-campina-grande\/","title":{"rendered":"S\u00e3o Jo\u00e3o 2023: veja o que abre e o que fecha em Campina Grande"},"content":{"rendered":"   <img src=\"https:\/\/s2.glbimg.com\/em_VMRlBhJhV6uJ3Y0mNl0oMG4I=\/i.s3.glbimg.com\/v1\/AUTH_59edd422c0c84a879bd37670ae4f538a\/internal_photos\/bs\/2023\/5\/q\/CyAUiMQeegdjmthNnmZw\/abertura-sao-joao-campina-grande.jpg\" \/><br \/>     Alguns setores t\u00eam mudan\u00e7as no esquema de funcionamento desde a sexta-feira (23). Parque do Povo na noite de abertura do S\u00e3o Jo\u00e3o 2023 de Campina Grande\nDivulga\u00e7\u00e3o\nO feriado de S\u00e3o Jo\u00e3o acontece neste s\u00e1bado (24), mas desde a v\u00e9spera, na sexta-feira (23), alguns estabelecimentos t\u00eam hor\u00e1rios alterados. Veja o que abre e o que fecha durante esse S\u00e3o Jo\u00e3o em Campina Grande:\nReparti\u00e7\u00f5es p\u00fablicas\nAinda n\u00e3o foi informado o funcionamento das reparti\u00e7\u00f5es p\u00fablicas em Campina Grande.\nBancos\nNa sexta-feira (23), o funcionamento das ag\u00eancias banc\u00e1rias ocorre de forma normal. No s\u00e1bado (24) e domingo (25) n\u00e3o h\u00e1 funcionamento, por ser final de semana. \nAs \u00e1reas de autoatendimento ficar\u00e3o dispon\u00edveis para os clientes, assim como os canais digitais e remotos de atendimento (internet e mobile banking).\nOs bancos retomam o funcionamento na segunda-feira (26), em hor\u00e1rio normal.\nCorreios\nEm nota, os Correios informaram que na sexta-feira (23) os Correios funcionar\u00e3o normalmente. No s\u00e1bado (24), as unidades que funcionam neste dia ser\u00e3o fechadas e, no domingo (25), todas as unidades estar\u00e3o fechadas.\nCom\u00e9rcio\nNa sexta-feira (23) e no domingo (25), o com\u00e9rcio funciona normalmente em Campina Grande. J\u00e1 no s\u00e1bado (24), o com\u00e9rcio pode funcionar seguindo os acordos descritos na Conven\u00e7\u00e3o Coletiva de Trabalho vigente. Pagar o dia de trabalho e dar uma folga em at\u00e9 45 dias.\nJusti\u00e7a Federal\nA Justi\u00e7a Federal na Para\u00edba (JFPB) ter\u00e1 um hor\u00e1rio de atendimento especial na sexta-feira (23), v\u00e9spera de S\u00e3o Jo\u00e3o. Na data, a Se\u00e7\u00e3o Judici\u00e1ria funcionar\u00e1 com expediente exclusivamente remoto, das 8h \u00e0s 12h, conforme estabelece a portaria interna da Dire\u00e7\u00e3o do Foro, de n\u00ba 96\/2023.  \nOs cidad\u00e3os que necessitarem dos servi\u00e7os da Justi\u00e7a devem fazer contato por meio da lista de e-mails e n\u00fameros de telefone das unidades judiciais e administrativas da JFPB.\nOs prazos processuais que se vencerem no dia 23 de junho ser\u00e3o automaticamente prorrogados para a segunda-feira (26), quando o expediente da JFPB ser\u00e1 retomado em seu hor\u00e1rio habitual, das 09h \u00e0s 16h. \nFeira Central\nA administra\u00e7\u00e3o da Feira Central informou que funcionar\u00e1 normalmente na sexta-feira (23). No s\u00e1bado (24) e no domingo (25) n\u00e3o haver\u00e1 funcionamento.\nParque da Crian\u00e7a\nO Parque da Crian\u00e7a informou que durante o final de semana de S\u00e3o Jo\u00e3o, sexta-feira (23), s\u00e1bado (24) e domingo (25), o funcionamneto ser\u00e1 das 5h \u00e0s 18h.\nShoppings\nPartage: O Partage Shopping estar\u00e1 aberto normalmente na sexta-feira (23), s\u00e1bado (24) e domingo (25). Lojas, quiosques e Pra\u00e7a de Alimenta\u00e7\u00e3o funcionam das 10h \u00e0s 22h. O Cinema segue conforme programa\u00e7\u00e3o.\nLuiza Motta: O Shopping Luiza Motta funcionar\u00e1 na sexta-feira (23) e no s\u00e1bado (24) das 9h \u00e0s 20h. J\u00e1 no domingo (25), o funcionamento \u00e9 das 11h \u00e0s 18h.\nV\u00eddeos mais assistidos do g1 Para\u00edba  ","protected":false},"excerpt":{"rendered":"<p>        Alguns setores t\u00eam mudan\u00e7as no esquema de funcionamento desde a sexta-feira (23). Parque do Povo na noite de abertura do S\u00e3o Jo\u00e3o 2023 de Campina Grande<br \/>\nDivulga\u00e7\u00e3o<br \/>\nO feriado de S\u00e3o Jo\u00e3o acontece neste s\u00e1bado (24), mas desde a v\u00e9spera, na sexta-&#8230;<\/p>\n","protected":false},"author":2,"featured_media":0,"comment_status":"closed","ping_status":"closed","sticky":false,"template":"","format":"standard","meta":{"advgb_blocks_editor_width":"","advgb_blocks_columns_visual_guide":"","footnotes":""},"categories":[34],"tags":[35],"class_list":["post-21580","post","type-post","status-publish","format-standard","hentry","category-g1","tag-g1"],"author_meta":{"display_name":"g1 &gt; Para\u00edba","author_link":"https:\/\/sindaopcpb.org.br\/author\/g1-paraiba\/"},"featured_img":null,"coauthors":[],"tax_additional":{"categories":{"linked":["<a href=\"https:\/\/sindaopcpb.org.br\/g1\/\" class=\"advgb-post-tax-term\">G1<\/a>"],"unlinked":["<span class=\"advgb-post-tax-term\">G1<\/span>"]},"tags":{"linked":["<a href=\"https:\/\/sindaopcpb.org.br\/g1\/\" class=\"advgb-post-tax-term\">g1<\/a>"],"unlinked":["<span class=\"advgb-post-tax-term\">g1<\/span>"]}},"comment_count":"0","relative_dates":{"created":"Publicado 3 anos atr\u00e1s","modified":"Atualizado 3 anos atr\u00e1s"},"absolute_dates":{"created":"Publicado em 20 de junho de 2023","modified":"Atualizado em 20 de junho de 2023"},"absolute_dates_time":{"created":"Publicado em 20 de junho de 2023 11:27","modified":"Atualizado em 20 de junho de 2023 11:27"},"featured_img_caption":"","series_order":"","_links":{"self":[{"href":"https:\/\/sindaopcpb.org.br\/index.php\/wp-json\/wp\/v2\/posts\/21580","targetHints":{"allow":["GET"]}}],"collection":[{"href":"https:\/\/sindaopcpb.org.br\/index.php\/wp-json\/wp\/v2\/posts"}],"about":[{"href":"https:\/\/sindaopcpb.org.br\/index.php\/wp-json\/wp\/v2\/types\/post"}],"author":[{"embeddable":true,"href":"https:\/\/sindaopcpb.org.br\/index.php\/wp-json\/wp\/v2\/users\/2"}],"replies":[{"embeddable":true,"href":"https:\/\/sindaopcpb.org.br\/index.php\/wp-json\/wp\/v2\/comments?post=21580"}],"version-history":[{"count":2,"href":"https:\/\/sindaopcpb.org.br\/index.php\/wp-json\/wp\/v2\/posts\/21580\/revisions"}],"predecessor-version":[{"id":21631,"href":"https:\/\/sindaopcpb.org.br\/index.php\/wp-json\/wp\/v2\/posts\/21580\/revisions\/21631"}],"wp:attachment":[{"href":"https:\/\/sindaopcpb.org.br\/index.php\/wp-json\/wp\/v2\/media?parent=21580"}],"wp:term":[{"taxonomy":"category","embeddable":true,"href":"https:\/\/sindaopcpb.org.br\/index.php\/wp-json\/wp\/v2\/categories?post=21580"},{"taxonomy":"post_tag","embeddable":true,"href":"https:\/\/sindaopcpb.org.br\/index.php\/wp-json\/wp\/v2\/tags?post=21580"}],"curies":[{"name":"wp","href":"https:\/\/api.w.org\/{rel}","templated":true}]}}