{"id":21578,"date":"2023-06-20T11:27:01","date_gmt":"2023-06-20T14:27:01","guid":{"rendered":"https:\/\/g1.globo.com\/pb\/paraiba\/sao-joao\/2023\/noticia\/2023\/06\/20\/sao-joao-2023-veja-o-que-abre-e-o-que-fecha-em-joao-pessoa.ghtml"},"modified":"2023-06-20T11:27:01","modified_gmt":"2023-06-20T14:27:01","slug":"sao-joao-2023-veja-o-que-abre-e-o-que-fecha-em-joao-pessoa","status":"publish","type":"post","link":"https:\/\/sindaopcpb.org.br\/index.php\/2023\/06\/20\/sao-joao-2023-veja-o-que-abre-e-o-que-fecha-em-joao-pessoa\/","title":{"rendered":"S\u00e3o Jo\u00e3o 2023: veja o que abre e o que fecha em Jo\u00e3o Pessoa"},"content":{"rendered":"   <img src=\"https:\/\/s2.glbimg.com\/DgVgDSXw4LBAn60U2QwUEHgYg_Y=\/i.s3.glbimg.com\/v1\/AUTH_59edd422c0c84a879bd37670ae4f538a\/internal_photos\/bs\/2023\/K\/q\/WQPug3SuS1WxAH5jT8AQ\/quadrilha-joao-pessoa.jpg\" \/><br \/>     Alguns setores t\u00eam mudan\u00e7as no esquema de funcionamento desde a sexta-feira (23). Quadrilha junina no S\u00e3o Jo\u00e3o 2023 de Jo\u00e3o Pessoa\nDaniel Silva\/Secom-JP\nO feriado de S\u00e3o Jo\u00e3o acontece neste s\u00e1bado (24), mas desde a v\u00e9spera, na sexta-feira (23), alguns estabelecimentos t\u00eam hor\u00e1rios alterados. Veja o que abre e o que fecha durante esse S\u00e3o Jo\u00e3o em Jo\u00e3o Pessoa:\nShoppings\n Mana\u00edra e Mangabeira Shopping\nOs shoppings Mana\u00edra e Mangabeira permanecer\u00e3o com os hor\u00e1rios regulares durante todo o feriado. Abrindo \u00e0s 10h e fechando \u00e0s 22h.\nMag Shopping\nNa sexta-feira (23), v\u00e9spera de S\u00e3o Jo\u00e3o, o Mag Shopping estar\u00e1 aberto normalmente. J\u00e1 no s\u00e1bado (24), as lojas e a alameda de servi\u00e7os estar\u00e3o fechadas, mas a pra\u00e7a de alimenta\u00e7\u00e3o estar\u00e1 aberta das 10h at\u00e9 as 22h e o cinema estar\u00e1 aberto das 13h at\u00e9 as 22h. No domingo (25), o Mag Shopping volta a funcionar normalmente.\nShopping Tambi\u00e1 \nNa v\u00e9spera de S\u00e3o Jo\u00e3o, o Shopping Tambi\u00e1 funcionar\u00e1 normalmente. Lojas, playtoy e pra\u00e7a de alimenta\u00e7\u00e3o est\u00e3o abertas das 9h \u00e0s 18h, e o cinema funcionar\u00e1 de acordo com as sess\u00f5es. J\u00e1 no dia 24, o shopping estar\u00e1 fechado, mas o cinema funcionar\u00e1 de acordo com as sess\u00f5es dispon\u00edveis.\nLiv Mall\nTodo o shopping vai estar aberto nesta sexta-feira (23). As lojas e a pra\u00e7a de alimenta\u00e7\u00e3o funcionar\u00e3o das 10h \u00e0s 19h, o parque Esta\u00e7\u00e3o Turma da M\u00f4nica funcionar\u00e1 das 10h \u00e0s 21h e o espa\u00e7o gourmet ficar\u00e1 aberto a partir das 12h.\nJ\u00e1 no dia 24, as lojas e pra\u00e7a de alimenta\u00e7\u00e3o estar\u00e3o fechadas, o parque Esta\u00e7\u00e3o Turma da M\u00f4nica funcionar\u00e1 das 12h at\u00e9 as 21h e o espa\u00e7o gourmet ficar\u00e1 aberto a partir das 12h.\nShopping Sebrae\nNa sexta-feira (23), o Shopping Sebrae estar\u00e1 aberto das 10h \u00e0s 18h. No s\u00e1bado (24) o shopping ficar\u00e1 fechado e s\u00f3 retornar\u00e1 no dia 26, a partir das 10h.\nShopping Sul\nNa v\u00e9spera de S\u00e3o Jo\u00e3o, nesta sexta-feira (23), o Shopping Sul funcionar\u00e1 das 10h \u00e0s 18h. J\u00e1 no s\u00e1bado (24), dia de S\u00e3o Jo\u00e3o, o shopping estar\u00e1 fechado, mas no domingo (25), o shopping volta a funcionar normalmente.\nBancos\nNa sexta-feira (23), o funcionamento das ag\u00eancias banc\u00e1rias ocorre de forma normal. No s\u00e1bado (24) e domingo (25) n\u00e3o h\u00e1 funcionamento, por ser final de semana. \nAs \u00e1reas de autoatendimento ficar\u00e3o dispon\u00edveis para os clientes, assim como os canais digitais e remotos de atendimento (internet e mobile banking).\nOs bancos retomam o funcionamento na segunda-feira (26), em hor\u00e1rio normal.\nCom\u00e9rcio\nNa sexta-feira (23) e no domingo (25), o com\u00e9rcio funciona normalmente em Jo\u00e3o Pessoa. J\u00e1 no s\u00e1bado (24), feriado de S\u00e3o Jo\u00e3o, o com\u00e9rcio deve estar fechado. No entanto, fica a crit\u00e9rio dos comerciantes abrir ou n\u00e3o, mas os trabalhadores devem receber o valor atribu\u00eddo ao dia, conforme conven\u00e7\u00e3o trabalhista.\nVLTs\nDe acordo com informa\u00e7\u00f5es da Companhia Brasileira de Trens Urbanos (CBTU), os Ve\u00edculos Leves Sobre Trilhos (VLTs) funcionar\u00e3o normalmente, das 4h58 \u00e0s 19h51, na sexta-feira (23). \nNo s\u00e1bado (24), feriado de S\u00e3o Jo\u00e3o, n\u00e3o haver\u00e1 funcionamento. J\u00e1 no domingo (25), n\u00e3o h\u00e1 opera\u00e7\u00e3o comercial.\nReparti\u00e7\u00f5es P\u00fablicas\nAs reparti\u00e7\u00f5es p\u00fablicas municipais e estaduais n\u00e3o funcionam na sexta-feira (23), v\u00e9spera de S\u00e3o Jo\u00e3o, pois foi decretado ponto facultativo. Os servi\u00e7os essenciais s\u00e3o mantidos. \nBica \nO Parque Zoobot\u00e2nico Arruda C\u00e2mara (Bica) informou que abre durante esses tr\u00eas dias do per\u00edodo junino, em hor\u00e1rio normal,  das 8h \u00e0s 17h, com bilheteria aberta at\u00e9 as 16h.\nJusti\u00e7a\nA Justi\u00e7a Federal na Para\u00edba (JFPB) ter\u00e1 um hor\u00e1rio de atendimento especial na sexta-feira (23), v\u00e9spera de S\u00e3o Jo\u00e3o. Na data, a Se\u00e7\u00e3o Judici\u00e1ria funcionar\u00e1 com expediente exclusivamente remoto, das 8h \u00e0s 12h, conforme estabelece a portaria interna da Dire\u00e7\u00e3o do Foro, de n\u00ba 96\/2023.  \nDe acordo com o documento, no per\u00edodo, os cidad\u00e3os que necessitarem dos servi\u00e7os da Justi\u00e7a devem fazer contato por meio da lista de e-mails e n\u00fameros de telefone das unidades judiciais e administrativas da JFPB.\nOs prazos processuais que se vencerem no dia 23 de junho ser\u00e3o automaticamente prorrogados para a segunda-feira (26), quando o expediente da JFPB ser\u00e1 retomado em seu hor\u00e1rio habitual, das 09h \u00e0s 16h. \nCorreios\nEm nota, os Correios informaram que na sexta-feira (23) os Correios funcionar\u00e3o normalmente. No s\u00e1bado (24), as unidades que funcionam neste dia ser\u00e3o fechadas e, no domingo (25), todas as unidades estar\u00e3o fechadas.\nV\u00eddeos mais assistidos do g1 Para\u00edba  ","protected":false},"excerpt":{"rendered":"<p>        Alguns setores t\u00eam mudan\u00e7as no esquema de funcionamento desde a sexta-feira (23). Quadrilha junina no S\u00e3o Jo\u00e3o 2023 de Jo\u00e3o Pessoa<br \/>\nDaniel Silva\/Secom-JP<br \/>\nO feriado de S\u00e3o Jo\u00e3o acontece neste s\u00e1bado (24), mas desde a v\u00e9spera, na sexta-feira (23),&#8230;<\/p>\n","protected":false},"author":2,"featured_media":0,"comment_status":"closed","ping_status":"closed","sticky":false,"template":"","format":"standard","meta":{"advgb_blocks_editor_width":"","advgb_blocks_columns_visual_guide":"","footnotes":""},"categories":[34],"tags":[35],"class_list":["post-21578","post","type-post","status-publish","format-standard","hentry","category-g1","tag-g1"],"author_meta":{"display_name":"g1 &gt; Para\u00edba","author_link":"https:\/\/sindaopcpb.org.br\/author\/g1-paraiba\/"},"featured_img":null,"coauthors":[],"tax_additional":{"categories":{"linked":["<a href=\"https:\/\/sindaopcpb.org.br\/g1\/\" class=\"advgb-post-tax-term\">G1<\/a>"],"unlinked":["<span class=\"advgb-post-tax-term\">G1<\/span>"]},"tags":{"linked":["<a href=\"https:\/\/sindaopcpb.org.br\/g1\/\" class=\"advgb-post-tax-term\">g1<\/a>"],"unlinked":["<span class=\"advgb-post-tax-term\">g1<\/span>"]}},"comment_count":"0","relative_dates":{"created":"Publicado 3 anos atr\u00e1s","modified":"Atualizado 3 anos atr\u00e1s"},"absolute_dates":{"created":"Publicado em 20 de junho de 2023","modified":"Atualizado em 20 de junho de 2023"},"absolute_dates_time":{"created":"Publicado em 20 de junho de 2023 11:27","modified":"Atualizado em 20 de junho de 2023 11:27"},"featured_img_caption":"","series_order":"","_links":{"self":[{"href":"https:\/\/sindaopcpb.org.br\/index.php\/wp-json\/wp\/v2\/posts\/21578","targetHints":{"allow":["GET"]}}],"collection":[{"href":"https:\/\/sindaopcpb.org.br\/index.php\/wp-json\/wp\/v2\/posts"}],"about":[{"href":"https:\/\/sindaopcpb.org.br\/index.php\/wp-json\/wp\/v2\/types\/post"}],"author":[{"embeddable":true,"href":"https:\/\/sindaopcpb.org.br\/index.php\/wp-json\/wp\/v2\/users\/2"}],"replies":[{"embeddable":true,"href":"https:\/\/sindaopcpb.org.br\/index.php\/wp-json\/wp\/v2\/comments?post=21578"}],"version-history":[{"count":2,"href":"https:\/\/sindaopcpb.org.br\/index.php\/wp-json\/wp\/v2\/posts\/21578\/revisions"}],"predecessor-version":[{"id":21786,"href":"https:\/\/sindaopcpb.org.br\/index.php\/wp-json\/wp\/v2\/posts\/21578\/revisions\/21786"}],"wp:attachment":[{"href":"https:\/\/sindaopcpb.org.br\/index.php\/wp-json\/wp\/v2\/media?parent=21578"}],"wp:term":[{"taxonomy":"category","embeddable":true,"href":"https:\/\/sindaopcpb.org.br\/index.php\/wp-json\/wp\/v2\/categories?post=21578"},{"taxonomy":"post_tag","embeddable":true,"href":"https:\/\/sindaopcpb.org.br\/index.php\/wp-json\/wp\/v2\/tags?post=21578"}],"curies":[{"name":"wp","href":"https:\/\/api.w.org\/{rel}","templated":true}]}}