{"id":21567,"date":"2023-06-20T09:36:00","date_gmt":"2023-06-20T12:36:00","guid":{"rendered":"https:\/\/www.infomoney.com.br\/?p=2165053"},"modified":"2023-06-20T09:36:00","modified_gmt":"2023-06-20T12:36:00","slug":"lira-afirma-que-votacao-de-reforma-tributaria-esta-mantida-para-julho","status":"publish","type":"post","link":"https:\/\/sindaopcpb.org.br\/index.php\/2023\/06\/20\/lira-afirma-que-votacao-de-reforma-tributaria-esta-mantida-para-julho\/","title":{"rendered":"Lira afirma que vota\u00e7\u00e3o de reforma tribut\u00e1ria est\u00e1 mantida para julho"},"content":{"rendered":"<p><img loading=\"lazy\" width=\"300\" height=\"200\" src=\"https:\/\/www.infomoney.com.br\/wp-content\/uploads\/2023\/02\/Arthur_Lira1.jpg?fit=300%2C200&amp;quality=70&amp;strip=all\" class=\"attachment-medium size-medium wp-post-image\" alt=\"\" decoding=\"async\" style=\"float:right; margin:0 0 10px 10px;\" srcset=\"https:\/\/www.infomoney.com.br\/wp-content\/uploads\/2023\/02\/Arthur_Lira1.jpg?w=1000&amp;quality=70&amp;strip=all 1000w, https:\/\/www.infomoney.com.br\/wp-content\/uploads\/2023\/02\/Arthur_Lira1.jpg?w=300&amp;quality=70&amp;strip=all 300w, https:\/\/www.infomoney.com.br\/wp-content\/uploads\/2023\/02\/Arthur_Lira1.jpg?w=768&amp;quality=70&amp;strip=all 768w, https:\/\/www.infomoney.com.br\/wp-content\/uploads\/2023\/02\/Arthur_Lira1.jpg?w=150&amp;quality=70&amp;strip=all 150w\" sizes=\"auto, (max-width: 300px) 100vw, 300px\" data-attachment-id=\"2047371\" data-permalink=\"https:\/\/www.infomoney.com.br\/politica\/arthur-lira-e-reeleito-presidente-da-camara-dos-deputados-com-464-votos\/attachment\/arthur_lira1-2\/\" data-orig-file=\"https:\/\/www.infomoney.com.br\/wp-content\/uploads\/2023\/02\/Arthur_Lira1.jpg?fit=1000%2C667&amp;quality=70&amp;strip=all\" data-orig-size=\"1000,667\" data-comments-opened=\"0\" data-image-meta=\"{&quot;aperture&quot;:&quot;0&quot;,&quot;credit&quot;:&quot;&quot;,&quot;camera&quot;:&quot;&quot;,&quot;caption&quot;:&quot;&quot;,&quot;created_timestamp&quot;:&quot;0&quot;,&quot;copyright&quot;:&quot;&quot;,&quot;focal_length&quot;:&quot;0&quot;,&quot;iso&quot;:&quot;0&quot;,&quot;shutter_speed&quot;:&quot;0&quot;,&quot;title&quot;:&quot;&quot;,&quot;orientation&quot;:&quot;0&quot;}\" data-image-title=\"Arthur Lira\" data-image-description=\"\" data-image-caption=\"&lt;p&gt;O presidente da C\u00e2mara dos Deputados, Arthur Lira (PP-AL), durante sess\u00e3o de posse dos deputados eleitos para a 57\u00aa legislatura (Foto: Pablo Valadares\/C\u00e2mara dos Deputados)&lt;\/p&gt;\n\" data-medium-file=\"https:\/\/www.infomoney.com.br\/wp-content\/uploads\/2023\/02\/Arthur_Lira1.jpg?fit=300%2C200&amp;quality=70&amp;strip=all\" data-large-file=\"https:\/\/www.infomoney.com.br\/wp-content\/uploads\/2023\/02\/Arthur_Lira1.jpg?fit=1000%2C667&amp;quality=70&amp;strip=all\" title=\"\"><\/p>\n<p>Em meio a especula\u00e7\u00f5es e torcida de alguns setores, como o varejista, de adiamento da vota\u00e7\u00e3o da reforma tribut\u00e1ria, o presidente da C\u00e2mara, Arthur Lira (PP-AL), disse ao <b>Estad\u00e3o<\/b> que o calend\u00e1rio est\u00e1 mantido para a primeira semana de julho. Segundo ele, essas especula\u00e7\u00f5es de atraso n\u00e3o s\u00e3o verdadeiras.<\/p>\n<p>Lira afirmou que a sua viagem para Portugal, onde participa da abertura do F\u00f3rum Jur\u00eddico de Lisboa na pr\u00f3xima semana, n\u00e3o atrapalha as negocia\u00e7\u00f5es da reforma e nem atrasa o calend\u00e1rio. &#8220;A reforma j\u00e1 teve discuss\u00e3o em todos os \u00e2mbitos e precisa agora do texto (parecer)&#8221;, disse. Na sua avalia\u00e7\u00e3o, o prazo de 15 dias para que o texto possa ser criticado e negociado \u00e9 suficiente at\u00e9 a vota\u00e7\u00e3o. &#8220;Vou chegar para ajustar a parte pol\u00edtica&#8221;, afirmou.<\/p>\n<p>Desde a tarde de sexta-feira, cresceram rumores de que a reforma seria adiada para agosto por press\u00e3o de parlamentares. Um dos motivos \u00e9 a demora na apresenta\u00e7\u00e3o, pelo relator, do substitutivo da Proposta de Emenda \u00e0 Constitui\u00e7\u00e3o (PEC) 45 da reforma tribut\u00e1ria. Parlamentares, governadores, prefeitos e empres\u00e1rios cobram os detalhes da proposta.<\/p>\n<p>Presidente da Frente do Com\u00e9rcio e Servi\u00e7os, o deputado Domingos S\u00e1vio (PL-MG) \u00e9 um dos que defendem que a proposta seja apresentada agora mas votada somente no segundo semestre, na volta do recesso parlamentar de julho.<\/p>\n<p>&#8220;N\u00e3o d\u00e1 para uma reforma tribut\u00e1ria, que pode impactar a economia por meio s\u00e9culo, ser apresentada na hora de votar. Essa \u00e9 a maior preocupa\u00e7\u00e3o tanto de deputados da oposi\u00e7\u00e3o quanto de governistas da frente do com\u00e9rcio&#8221;, disse o parlamentar.<\/p>\n<p>The post <a rel=\"nofollow noopener\" href=\"https:\/\/www.infomoney.com.br\/politica\/lira-afirma-que-votacao-de-reforma-tributaria-esta-mantida-para-julho\/\" target=\"_blank\">Lira afirma que vota\u00e7\u00e3o de reforma tribut\u00e1ria est\u00e1 mantida para julho<\/a> appeared first on <a rel=\"nofollow noopener\" href=\"https:\/\/www.infomoney.com.br\/\" target=\"_blank\">InfoMoney<\/a>.<\/p>\n","protected":false},"excerpt":{"rendered":"<p><img loading=\"lazy\" decoding=\"async\" width=\"300\" height=\"200\" src=\"https:\/\/www.infomoney.com.br\/wp-content\/uploads\/2023\/02\/Arthur_Lira1.jpg?fit=300%2C200&amp;quality=70&amp;strip=all\" class=\"attachment-medium size-medium wp-post-image\" alt=\"\" data-attachment-id=\"2047371\" data-permalink=\"https:\/\/www.infomoney.com.br\/politica\/arthur-lira-e-reeleito-presidente-da-camara-dos-deputados-com-464-votos\/attachment\/arthur_lira1-2\/\" data-orig-file=\"https:\/\/www.infomoney.com.br\/wp-content\/uploads\/2023\/02\/Arthur_Lira1.jpg?fit=1000%2C667&amp;quality=70&amp;strip=all\" data-orig-size=\"1000,667\" data-comments-opened=\"0\" data-image-meta='{\"aperture\":\"0\",\"credit\":\"\",\"camera\":\"\",\"caption\":\"\",\"created_timestamp\":\"0\",\"copyright\":\"\",\"focal_length\":\"0\",\"iso\":\"0\",\"shutter_speed\":\"0\",\"title\":\"\",\"orientation\":\"0\"}' data-image-title=\"Arthur Lira\" data-image-description=\"\" data-image-caption=\"&lt;p&gt;O presidente da C\u00e2mara dos Deputados, Arthur Lira (PP-AL), durante sess\u00e3o de posse dos deputados eleitos para a 57\u00aa legislatura (Foto: Pablo Valadares\/C\u00e2mara dos Deputados)&lt;\/p&gt;\n\" data-medium-file=\"https:\/\/www.infomoney.com.br\/wp-content\/uploads\/2023\/02\/Arthur_Lira1.jpg?fit=300%2C200&amp;quality=70&amp;strip=all\" data-large-file=\"https:\/\/www.infomoney.com.br\/wp-content\/uploads\/2023\/02\/Arthur_Lira1.jpg?fit=1000%2C667&amp;quality=70&amp;strip=all\">Presidente da C\u00e2mara afirmou que a sua viagem para Portugal n\u00e3o atrapalha as negocia\u00e7\u00f5es da reforma e nem atrasa o calend\u00e1rio<\/p>\n<p>The post <a rel=\"nofollow\" href=\"https:\/\/www.infomoney.com.br\/politica\/lira-afirma-que-votacao-de-reforma-tributaria-esta-mantida-para-julho\/\">Lira afirma que vota\u00e7\u00e3o de reforma tribut\u00e1ria est\u00e1 mantida para julho<\/a> appeared first on <a rel=\"nofollow\" href=\"https:\/\/www.infomoney.com.br\/\">InfoMoney<\/a>.<\/p>\n","protected":false},"author":43,"featured_media":0,"comment_status":"closed","ping_status":"closed","sticky":false,"template":"","format":"standard","meta":{"advgb_blocks_editor_width":"","advgb_blocks_columns_visual_guide":"","footnotes":""},"categories":[275,276,34,47,191],"tags":[35],"class_list":["post-21567","post","type-post","status-publish","format-standard","hentry","category-arthur-lira","category-camara-dos-deputados","category-g1","category-politica","category-reforma-tributaria","tag-g1"],"author_meta":{"display_name":"Estad\u00e3o Conte\u00fado","author_link":"https:\/\/sindaopcpb.org.br\/author\/estadao-conteudo\/"},"featured_img":null,"coauthors":[],"tax_additional":{"categories":{"linked":["<a href=\"https:\/\/sindaopcpb.org.br\/arthur-lira\/\" class=\"advgb-post-tax-term\">Arthur Lira<\/a>","<a href=\"https:\/\/sindaopcpb.org.br\/camara-dos-deputados\/\" class=\"advgb-post-tax-term\">C\u00e2mara dos Deputados<\/a>","<a href=\"https:\/\/sindaopcpb.org.br\/g1\/\" class=\"advgb-post-tax-term\">G1<\/a>","<a href=\"https:\/\/sindaopcpb.org.br\/politica\/\" class=\"advgb-post-tax-term\">POLITICA<\/a>","<a href=\"https:\/\/sindaopcpb.org.br\/reforma-tributaria\/\" class=\"advgb-post-tax-term\">reforma tribut\u00e1ria<\/a>"],"unlinked":["<span class=\"advgb-post-tax-term\">Arthur Lira<\/span>","<span class=\"advgb-post-tax-term\">C\u00e2mara dos Deputados<\/span>","<span class=\"advgb-post-tax-term\">G1<\/span>","<span class=\"advgb-post-tax-term\">POLITICA<\/span>","<span class=\"advgb-post-tax-term\">reforma tribut\u00e1ria<\/span>"]},"tags":{"linked":["<a href=\"https:\/\/sindaopcpb.org.br\/reforma-tributaria\/\" class=\"advgb-post-tax-term\">g1<\/a>"],"unlinked":["<span class=\"advgb-post-tax-term\">g1<\/span>"]}},"comment_count":"0","relative_dates":{"created":"Publicado 3 anos atr\u00e1s","modified":"Atualizado 3 anos atr\u00e1s"},"absolute_dates":{"created":"Publicado em 20 de junho de 2023","modified":"Atualizado em 20 de junho de 2023"},"absolute_dates_time":{"created":"Publicado em 20 de junho de 2023 09:36","modified":"Atualizado em 20 de junho de 2023 09:36"},"featured_img_caption":"","series_order":"","_links":{"self":[{"href":"https:\/\/sindaopcpb.org.br\/index.php\/wp-json\/wp\/v2\/posts\/21567","targetHints":{"allow":["GET"]}}],"collection":[{"href":"https:\/\/sindaopcpb.org.br\/index.php\/wp-json\/wp\/v2\/posts"}],"about":[{"href":"https:\/\/sindaopcpb.org.br\/index.php\/wp-json\/wp\/v2\/types\/post"}],"author":[{"embeddable":true,"href":"https:\/\/sindaopcpb.org.br\/index.php\/wp-json\/wp\/v2\/users\/43"}],"replies":[{"embeddable":true,"href":"https:\/\/sindaopcpb.org.br\/index.php\/wp-json\/wp\/v2\/comments?post=21567"}],"version-history":[{"count":1,"href":"https:\/\/sindaopcpb.org.br\/index.php\/wp-json\/wp\/v2\/posts\/21567\/revisions"}],"predecessor-version":[{"id":21568,"href":"https:\/\/sindaopcpb.org.br\/index.php\/wp-json\/wp\/v2\/posts\/21567\/revisions\/21568"}],"wp:attachment":[{"href":"https:\/\/sindaopcpb.org.br\/index.php\/wp-json\/wp\/v2\/media?parent=21567"}],"wp:term":[{"taxonomy":"category","embeddable":true,"href":"https:\/\/sindaopcpb.org.br\/index.php\/wp-json\/wp\/v2\/categories?post=21567"},{"taxonomy":"post_tag","embeddable":true,"href":"https:\/\/sindaopcpb.org.br\/index.php\/wp-json\/wp\/v2\/tags?post=21567"}],"curies":[{"name":"wp","href":"https:\/\/api.w.org\/{rel}","templated":true}]}}