{"id":21544,"date":"2023-06-20T08:14:14","date_gmt":"2023-06-20T11:14:14","guid":{"rendered":"https:\/\/g1.globo.com\/pb\/paraiba\/noticia\/2023\/06\/20\/policia-federal-deflagra-operacao-para-combater-extracao-ilegal-de-areia-no-conde-pb.ghtml"},"modified":"2023-06-20T08:14:14","modified_gmt":"2023-06-20T11:14:14","slug":"policia-federal-deflagra-operacao-para-combater-extracao-ilegal-de-areia-no-conde-pb","status":"publish","type":"post","link":"https:\/\/sindaopcpb.org.br\/index.php\/2023\/06\/20\/policia-federal-deflagra-operacao-para-combater-extracao-ilegal-de-areia-no-conde-pb\/","title":{"rendered":"Pol\u00edcia Federal deflagra opera\u00e7\u00e3o para combater extra\u00e7\u00e3o ilegal de areia no Conde, PB"},"content":{"rendered":"   <img src=\"https:\/\/s2.glbimg.com\/Dc0dinbBjYlOY-vDQ_KMtzTHfpI=\/i.s3.glbimg.com\/v1\/AUTH_59edd422c0c84a879bd37670ae4f538a\/internal_photos\/bs\/2023\/a\/P\/WUCwLET7mqVXAnU84mrA\/extracao-de-areia.jpeg\" \/><br \/>     Foram cumpridos dois mandados de busca e apreens\u00e3o na Opera\u00e7\u00e3o Gafanhoto em resid\u00eancias na cidade, expedidos pela 16\u00aa Vara da Justi\u00e7a Federal da Para\u00edba. Pol\u00edcia Federal deflagra opera\u00e7\u00e3o para combater extra\u00e7\u00e3o ilegal de areia no Conde, PB\nPF-PB\/Divulga\u00e7\u00e3o\nA Pol\u00edcia Federal deflagrou na manh\u00e3 desta ter\u00e7a-feira (20) uma opera\u00e7\u00e3o para combater a extra\u00e7\u00e3o ilegal de areia no munic\u00edpio do Conde, no litoral sul da Para\u00edba. Foram cumpridos dois mandados de busca e apreens\u00e3o na Opera\u00e7\u00e3o Gafanhoto em resid\u00eancias na cidade, expedidos pela 16\u00aa Vara da Justi\u00e7a Federal da Para\u00edba.\nDe acordo com a investiga\u00e7\u00e3o da PF, donos de areeiros clandestinos extraem e comercializam o min\u00e9rio e, ap\u00f3s o esgotamento da reserva, abandonam a \u00e1rea e a deixam totalmente degradada. N\u00e3o pagam royalties, taxas ou impostos. \nOs empres\u00e1rios atuam nessa atividade sem autoriza\u00e7\u00e3o espec\u00edfica da Ag\u00eancia Nacional de Minera\u00e7\u00e3o e da Sudema.  Eles vendem a carrada de areia extra\u00edda ilegalmente por um valor bem menor, prejudicando quem vende de forma legalizada, fazendo concorr\u00eancia desleal. ,\nAl\u00e9m dos donos dos areeiros, os ficheiros, operadores de m\u00e1quinas e ca\u00e7ambeiros tamb\u00e9m podem ser indiciados por usurpa\u00e7\u00e3o de mat\u00e9ria-prima da Uni\u00e3o e crime ambiental.\nA areia \u00e9 um dos recursos mais relevantes para a ind\u00fastria da constru\u00e7\u00e3o civil, sendo usadas em todo mundo, por volta de 40 a 50 bilh\u00f5es de toneladas\/ano desse recurso mineral, conforme estimativa das Na\u00e7\u00f5es Unidas no ano de 2019.\nDe acordo com Lu\u00eds Fernando Ramadon, agente de Pol\u00edcia Federal, Especialista em Direito Ambiental, \u201calguns danos ambientais provocados pela explora\u00e7\u00e3o mineral s\u00e3o: altera\u00e7\u00f5es dos cursos d'\u00e1gua; aumento do teor do material sedimentado em suspens\u00e3o, promovendo assoreamento; desmatamento; descaracteriza\u00e7\u00e3o do relevo; forma\u00e7\u00e3o das cavas; assoreamento de cursos d'\u00e1gua, presentes; destrui\u00e7\u00e3o de \u00e1reas de preserva\u00e7\u00e3o permanente; destrui\u00e7\u00e3o da flora e fauna; altera\u00e7\u00e3o do meio atmosf\u00e9rico (aumento da quantidade de poeira no ar); altera\u00e7\u00e3o dos processos geol\u00f3gicos (eros\u00e3o), entre outros\u201d.\nV\u00eddeos mais assistidos da Para\u00edba  ","protected":false},"excerpt":{"rendered":"<p>        Foram cumpridos dois mandados de busca e apreens\u00e3o na Opera\u00e7\u00e3o Gafanhoto em resid\u00eancias na cidade, expedidos pela 16\u00aa Vara da Justi\u00e7a Federal da Para\u00edba. Pol\u00edcia Federal deflagra opera\u00e7\u00e3o para combater extra\u00e7\u00e3o ilegal de areia no Conde, PB<br \/>\nPF-P&#8230;<\/p>\n","protected":false},"author":2,"featured_media":0,"comment_status":"closed","ping_status":"closed","sticky":false,"template":"","format":"standard","meta":{"advgb_blocks_editor_width":"","advgb_blocks_columns_visual_guide":"","footnotes":""},"categories":[34],"tags":[35],"class_list":["post-21544","post","type-post","status-publish","format-standard","hentry","category-g1","tag-g1"],"author_meta":{"display_name":"g1 &gt; Para\u00edba","author_link":"https:\/\/sindaopcpb.org.br\/author\/g1-paraiba\/"},"featured_img":null,"coauthors":[],"tax_additional":{"categories":{"linked":["<a href=\"https:\/\/sindaopcpb.org.br\/g1\/\" class=\"advgb-post-tax-term\">G1<\/a>"],"unlinked":["<span class=\"advgb-post-tax-term\">G1<\/span>"]},"tags":{"linked":["<a href=\"https:\/\/sindaopcpb.org.br\/g1\/\" class=\"advgb-post-tax-term\">g1<\/a>"],"unlinked":["<span class=\"advgb-post-tax-term\">g1<\/span>"]}},"comment_count":"0","relative_dates":{"created":"Publicado 3 anos atr\u00e1s","modified":"Atualizado 3 anos atr\u00e1s"},"absolute_dates":{"created":"Publicado em 20 de junho de 2023","modified":"Atualizado em 20 de junho de 2023"},"absolute_dates_time":{"created":"Publicado em 20 de junho de 2023 08:14","modified":"Atualizado em 20 de junho de 2023 08:14"},"featured_img_caption":"","series_order":"","_links":{"self":[{"href":"https:\/\/sindaopcpb.org.br\/index.php\/wp-json\/wp\/v2\/posts\/21544","targetHints":{"allow":["GET"]}}],"collection":[{"href":"https:\/\/sindaopcpb.org.br\/index.php\/wp-json\/wp\/v2\/posts"}],"about":[{"href":"https:\/\/sindaopcpb.org.br\/index.php\/wp-json\/wp\/v2\/types\/post"}],"author":[{"embeddable":true,"href":"https:\/\/sindaopcpb.org.br\/index.php\/wp-json\/wp\/v2\/users\/2"}],"replies":[{"embeddable":true,"href":"https:\/\/sindaopcpb.org.br\/index.php\/wp-json\/wp\/v2\/comments?post=21544"}],"version-history":[{"count":1,"href":"https:\/\/sindaopcpb.org.br\/index.php\/wp-json\/wp\/v2\/posts\/21544\/revisions"}],"predecessor-version":[{"id":21545,"href":"https:\/\/sindaopcpb.org.br\/index.php\/wp-json\/wp\/v2\/posts\/21544\/revisions\/21545"}],"wp:attachment":[{"href":"https:\/\/sindaopcpb.org.br\/index.php\/wp-json\/wp\/v2\/media?parent=21544"}],"wp:term":[{"taxonomy":"category","embeddable":true,"href":"https:\/\/sindaopcpb.org.br\/index.php\/wp-json\/wp\/v2\/categories?post=21544"},{"taxonomy":"post_tag","embeddable":true,"href":"https:\/\/sindaopcpb.org.br\/index.php\/wp-json\/wp\/v2\/tags?post=21544"}],"curies":[{"name":"wp","href":"https:\/\/api.w.org\/{rel}","templated":true}]}}