{"id":21533,"date":"2023-06-20T06:46:58","date_gmt":"2023-06-20T09:46:58","guid":{"rendered":"https:\/\/g1.globo.com\/pb\/paraiba\/sao-joao\/2023\/noticia\/2023\/06\/20\/sao-joao-2023-de-campina-grande-tem-show-de-padre-fabio-de-melo-nesta-terca-20.ghtml"},"modified":"2023-06-20T06:46:58","modified_gmt":"2023-06-20T09:46:58","slug":"sao-joao-2023-de-campina-grande-tem-show-de-padre-fabio-de-melo-nesta-terca-20","status":"publish","type":"post","link":"https:\/\/sindaopcpb.org.br\/index.php\/2023\/06\/20\/sao-joao-2023-de-campina-grande-tem-show-de-padre-fabio-de-melo-nesta-terca-20\/","title":{"rendered":"S\u00e3o Jo\u00e3o 2023 de Campina Grande tem show de Padre F\u00e1bio de Melo nesta ter\u00e7a (20)"},"content":{"rendered":"   <img src=\"https:\/\/s2.glbimg.com\/3-w4-eAy7EOTzdRM0tfzpqOgZSY=\/i.s3.glbimg.com\/v1\/AUTH_59edd422c0c84a879bd37670ae4f538a\/internal_photos\/bs\/2020\/i\/G\/dodxtfTwuLAkCOBNjWEQ\/fabiodemelofoto.jpg\" \/><br \/>     Shows no palco principal do Parque do Povo come\u00e7am por volta das 19h.  Padre F\u00e1bio de Melo canta no S\u00e3o Jo\u00e3o 2023 de Campina Grande \nDivulga\u00e7\u00e3o\nO S\u00e3o Jo\u00e3o 2023 de Campina Grande ter\u00e1 shows de Padre F\u00e1bio de Melo e Elson J\u00fanior, nesta ter\u00e7a-feira (20), dia destinado \u00e0 programa\u00e7\u00e3o religiosa no Parque do Povo. O evento come\u00e7ou no dia 1\u00ba de junho e acontece at\u00e9 o dia 2 de julho.\nCompartilhe no WhatsApp\nCompartilhe no Telegram\nA previs\u00e3o \u00e9 que os shows no palco principal do Parque do Povo comecem de 19h. \nEntre as principais atra\u00e7\u00f5es de renome nacional confirmadas na programa\u00e7\u00e3o do S\u00e3o Jo\u00e3o 2023 de Campina Grande tamb\u00e9m est\u00e3o L\u00e9o Santana, Mari Fernandez, Z\u00e9 Vaqueiro e Alok.\nLEIA TAMB\u00c9M:\nLista de estreantes vai de Jo\u00e3o Gomes ao pagode do Menos \u00e9 Mais\nSaiba todas as informa\u00e7\u00f5es sobre o S\u00e3o Jo\u00e3o 2023 na Para\u00edba\nEst\u00e3o tamb\u00e9m nomes como Elba Ramalho, que mais uma vez se apresenta na v\u00e9spera de S\u00e3o Jo\u00e3o, e os de Fagner e Roberta Miranda, que v\u00e3o se apresentar no dia 24 de junho, dia de S\u00e3o Jo\u00e3o. \nV\u00eddeos mais assistidos do g1 Para\u00edba  ","protected":false},"excerpt":{"rendered":"<p>        Shows no palco principal do Parque do Povo come\u00e7am por volta das 19h.  Padre F\u00e1bio de Melo canta no S\u00e3o Jo\u00e3o 2023 de Campina Grande<br \/>\nDivulga\u00e7\u00e3o<br \/>\nO S\u00e3o Jo\u00e3o 2023 de Campina Grande ter\u00e1 shows de Padre F\u00e1bio de Melo e Elson J\u00fanior, nesta ter\u00e7a-feir&#8230;<\/p>\n","protected":false},"author":2,"featured_media":0,"comment_status":"closed","ping_status":"closed","sticky":false,"template":"","format":"standard","meta":{"advgb_blocks_editor_width":"","advgb_blocks_columns_visual_guide":"","footnotes":""},"categories":[34],"tags":[35],"class_list":["post-21533","post","type-post","status-publish","format-standard","hentry","category-g1","tag-g1"],"author_meta":{"display_name":"g1 &gt; Para\u00edba","author_link":"https:\/\/sindaopcpb.org.br\/author\/g1-paraiba\/"},"featured_img":null,"coauthors":[],"tax_additional":{"categories":{"linked":["<a href=\"https:\/\/sindaopcpb.org.br\/g1\/\" class=\"advgb-post-tax-term\">G1<\/a>"],"unlinked":["<span class=\"advgb-post-tax-term\">G1<\/span>"]},"tags":{"linked":["<a href=\"https:\/\/sindaopcpb.org.br\/g1\/\" class=\"advgb-post-tax-term\">g1<\/a>"],"unlinked":["<span class=\"advgb-post-tax-term\">g1<\/span>"]}},"comment_count":"0","relative_dates":{"created":"Publicado 3 anos atr\u00e1s","modified":"Atualizado 3 anos atr\u00e1s"},"absolute_dates":{"created":"Publicado em 20 de junho de 2023","modified":"Atualizado em 20 de junho de 2023"},"absolute_dates_time":{"created":"Publicado em 20 de junho de 2023 06:46","modified":"Atualizado em 20 de junho de 2023 06:46"},"featured_img_caption":"","series_order":"","_links":{"self":[{"href":"https:\/\/sindaopcpb.org.br\/index.php\/wp-json\/wp\/v2\/posts\/21533","targetHints":{"allow":["GET"]}}],"collection":[{"href":"https:\/\/sindaopcpb.org.br\/index.php\/wp-json\/wp\/v2\/posts"}],"about":[{"href":"https:\/\/sindaopcpb.org.br\/index.php\/wp-json\/wp\/v2\/types\/post"}],"author":[{"embeddable":true,"href":"https:\/\/sindaopcpb.org.br\/index.php\/wp-json\/wp\/v2\/users\/2"}],"replies":[{"embeddable":true,"href":"https:\/\/sindaopcpb.org.br\/index.php\/wp-json\/wp\/v2\/comments?post=21533"}],"version-history":[{"count":1,"href":"https:\/\/sindaopcpb.org.br\/index.php\/wp-json\/wp\/v2\/posts\/21533\/revisions"}],"predecessor-version":[{"id":21534,"href":"https:\/\/sindaopcpb.org.br\/index.php\/wp-json\/wp\/v2\/posts\/21533\/revisions\/21534"}],"wp:attachment":[{"href":"https:\/\/sindaopcpb.org.br\/index.php\/wp-json\/wp\/v2\/media?parent=21533"}],"wp:term":[{"taxonomy":"category","embeddable":true,"href":"https:\/\/sindaopcpb.org.br\/index.php\/wp-json\/wp\/v2\/categories?post=21533"},{"taxonomy":"post_tag","embeddable":true,"href":"https:\/\/sindaopcpb.org.br\/index.php\/wp-json\/wp\/v2\/tags?post=21533"}],"curies":[{"name":"wp","href":"https:\/\/api.w.org\/{rel}","templated":true}]}}