{"id":21531,"date":"2023-06-20T06:47:53","date_gmt":"2023-06-20T09:47:53","guid":{"rendered":"https:\/\/g1.globo.com\/pb\/paraiba\/sao-joao\/2023\/noticia\/2023\/06\/20\/sao-joao-2023-de-patos-pb-tem-shows-de-alok-e-xand-aviao-nesta-terca-feira-20.ghtml"},"modified":"2023-06-20T06:47:53","modified_gmt":"2023-06-20T09:47:53","slug":"sao-joao-2023-de-patos-pb-tem-shows-de-alok-e-xand-aviao-nesta-terca-feira-20","status":"publish","type":"post","link":"https:\/\/sindaopcpb.org.br\/index.php\/2023\/06\/20\/sao-joao-2023-de-patos-pb-tem-shows-de-alok-e-xand-aviao-nesta-terca-feira-20\/","title":{"rendered":"S\u00e3o Jo\u00e3o 2023 de Patos, PB, tem shows de Alok e Xand Avi\u00e3o nesta ter\u00e7a-feira (20)"},"content":{"rendered":"   <img src=\"https:\/\/s2.glbimg.com\/TkpEjD2llFfAPmqmfvcFClUz6kE=\/i.s3.glbimg.com\/v1\/AUTH_59edd422c0c84a879bd37670ae4f538a\/internal_photos\/bs\/2023\/B\/h\/BHBuj4Sha7ATCQlYyWDw\/whatsapp-image-2023-06-10-at-08.06.22-1-.jpeg\" \/><br \/>     Festa acontece no Terreiro do Forr\u00f3, at\u00e9 23 de junho, v\u00e9spera de S\u00e3o Jo\u00e3o.  Alok \u00e9 uma das atra\u00e7\u00f5es do S\u00e3o Jo\u00e3o 2023 de Patos, PB\nJ\u00falio C\u00e9sar Costa\/g1\nO S\u00e3o Jo\u00e3o 2023 de Patos, no Sert\u00e3o da Para\u00edba, segue acontecendo no Terreiro do Forr\u00f3, at\u00e9 23 de junho. Nesta ter\u00e7a-feira (20) se apresentam Alok, Xand Avi\u00e3o e Jonas Esticado.\nTudo sobre o S\u00e3o Jo\u00e3o 2023 na Para\u00edba\nPrograma\u00e7\u00e3o completa do S\u00e3o Jo\u00e3o 2023 de Patos\nO S\u00e3o Jo\u00e3o de Patos \u00e9 um dos mais tradicionais da Para\u00edba. A festa re\u00fane shows no palco principal e tamb\u00e9m em outras \u00e1reas do Terreiro do Forr\u00f3.\nDe acordo com a Prefeitura Municipal de Patos, a expectativa \u00e9 quem 450 mil pessoas passem pela cidade durante os dias de festa. S\u00e3o 4 mil trabalhadores envolvidos direta e indiretamente na organiza\u00e7\u00e3o do evento.\nEntre as principais atra\u00e7\u00f5es confirmadas na programa\u00e7\u00e3o do S\u00e3o Jo\u00e3o 2023 de Patos est\u00e3o Luan Santana, Jorge e Mateus, Alok e Wesley Safad\u00e3o.\nConfira o Guia Qual \u00e9 a Boa\nXand Avi\u00e3o tamb\u00e9m se apresenta no S\u00e3o Jo\u00e3o 2023 de Patos, PB\nEduarda Cabral\nShows do S\u00e3o Jo\u00e3o 2023 de Patos nesta ter\u00e7a-feira (20)\nXand Avi\u00e3o\nJonas Esticado\nAlok\nV\u00eddeos mais assistidos do g1 Para\u00edba  ","protected":false},"excerpt":{"rendered":"<p>        Festa acontece no Terreiro do Forr\u00f3, at\u00e9 23 de junho, v\u00e9spera de S\u00e3o Jo\u00e3o.  Alok \u00e9 uma das atra\u00e7\u00f5es do S\u00e3o Jo\u00e3o 2023 de Patos, PB<br \/>\nJ\u00falio C\u00e9sar Costa\/g1<br \/>\nO S\u00e3o Jo\u00e3o 2023 de Patos, no Sert\u00e3o da Para\u00edba, segue acontecendo no Terreiro do Forr\u00f3, at\u00e9 2&#8230;<\/p>\n","protected":false},"author":2,"featured_media":0,"comment_status":"closed","ping_status":"closed","sticky":false,"template":"","format":"standard","meta":{"advgb_blocks_editor_width":"","advgb_blocks_columns_visual_guide":"","footnotes":""},"categories":[34],"tags":[35],"class_list":["post-21531","post","type-post","status-publish","format-standard","hentry","category-g1","tag-g1"],"author_meta":{"display_name":"g1 &gt; Para\u00edba","author_link":"https:\/\/sindaopcpb.org.br\/author\/g1-paraiba\/"},"featured_img":null,"coauthors":[],"tax_additional":{"categories":{"linked":["<a href=\"https:\/\/sindaopcpb.org.br\/g1\/\" class=\"advgb-post-tax-term\">G1<\/a>"],"unlinked":["<span class=\"advgb-post-tax-term\">G1<\/span>"]},"tags":{"linked":["<a href=\"https:\/\/sindaopcpb.org.br\/g1\/\" class=\"advgb-post-tax-term\">g1<\/a>"],"unlinked":["<span class=\"advgb-post-tax-term\">g1<\/span>"]}},"comment_count":"0","relative_dates":{"created":"Publicado 3 anos atr\u00e1s","modified":"Atualizado 3 anos atr\u00e1s"},"absolute_dates":{"created":"Publicado em 20 de junho de 2023","modified":"Atualizado em 20 de junho de 2023"},"absolute_dates_time":{"created":"Publicado em 20 de junho de 2023 06:47","modified":"Atualizado em 20 de junho de 2023 06:47"},"featured_img_caption":"","series_order":"","_links":{"self":[{"href":"https:\/\/sindaopcpb.org.br\/index.php\/wp-json\/wp\/v2\/posts\/21531","targetHints":{"allow":["GET"]}}],"collection":[{"href":"https:\/\/sindaopcpb.org.br\/index.php\/wp-json\/wp\/v2\/posts"}],"about":[{"href":"https:\/\/sindaopcpb.org.br\/index.php\/wp-json\/wp\/v2\/types\/post"}],"author":[{"embeddable":true,"href":"https:\/\/sindaopcpb.org.br\/index.php\/wp-json\/wp\/v2\/users\/2"}],"replies":[{"embeddable":true,"href":"https:\/\/sindaopcpb.org.br\/index.php\/wp-json\/wp\/v2\/comments?post=21531"}],"version-history":[{"count":1,"href":"https:\/\/sindaopcpb.org.br\/index.php\/wp-json\/wp\/v2\/posts\/21531\/revisions"}],"predecessor-version":[{"id":21532,"href":"https:\/\/sindaopcpb.org.br\/index.php\/wp-json\/wp\/v2\/posts\/21531\/revisions\/21532"}],"wp:attachment":[{"href":"https:\/\/sindaopcpb.org.br\/index.php\/wp-json\/wp\/v2\/media?parent=21531"}],"wp:term":[{"taxonomy":"category","embeddable":true,"href":"https:\/\/sindaopcpb.org.br\/index.php\/wp-json\/wp\/v2\/categories?post=21531"},{"taxonomy":"post_tag","embeddable":true,"href":"https:\/\/sindaopcpb.org.br\/index.php\/wp-json\/wp\/v2\/tags?post=21531"}],"curies":[{"name":"wp","href":"https:\/\/api.w.org\/{rel}","templated":true}]}}