{"id":21451,"date":"2023-06-19T14:52:55","date_gmt":"2023-06-19T17:52:55","guid":{"rendered":"https:\/\/g1.globo.com\/pb\/paraiba\/noticia\/2023\/06\/19\/servidores-estaduais-da-pb-vao-ter-ponto-facultativo-nesta-sexta-feira-23-vespera-de-sao-joao.ghtml"},"modified":"2023-06-19T14:52:55","modified_gmt":"2023-06-19T17:52:55","slug":"servidores-estaduais-da-pb-vao-ter-ponto-facultativo-nesta-sexta-feira-23-vespera-de-sao-joao","status":"publish","type":"post","link":"https:\/\/sindaopcpb.org.br\/index.php\/2023\/06\/19\/servidores-estaduais-da-pb-vao-ter-ponto-facultativo-nesta-sexta-feira-23-vespera-de-sao-joao\/","title":{"rendered":"Servidores estaduais da PB v\u00e3o ter ponto facultativo nesta sexta-feira (23), v\u00e9spera de S\u00e3o Jo\u00e3o"},"content":{"rendered":"   <img src=\"https:\/\/s2.glbimg.com\/RBrBqBIBkaxcd3zbUgAj5QbBXCY=\/i.s3.glbimg.com\/v1\/AUTH_59edd422c0c84a879bd37670ae4f538a\/internal_photos\/bs\/2018\/s\/y\/YdE2SDTuiviEkJcN1TTQ\/palacio-da-redencao-joao-pessoa-paraiba.jpg\" \/><br \/>     An\u00fancio foi feito nesta segunda-feira (19) pelo governador Jo\u00e3o Azev\u00eado (PSB). Pal\u00e1cio da Reden\u00e7\u00e3o Jo\u00e3o Pessoa Para\u00edba\nAndr\u00e9 Resende\/G1\nOs servidores p\u00fablicos estaduais da Para\u00edba v\u00e3o ter direito a ponto facultativo na sexta-feira (23), v\u00e9spera de S\u00e3o Jo\u00e3o. O an\u00fancio foi feito nesta segunda-feira (19) pelo governador Jo\u00e3o Azev\u00eado (PSB), que usou as redes sociais para confirmar a medida. A portaria que institui o ponto facultativo, contudo, ainda n\u00e3o foi publicado oficialmente.\nO feriado de S\u00e3o Jo\u00e3o acontece oficialmente do s\u00e1bado (24), mas com a medida ele \u00e9 antecipado em um dia para permitir que os servidores aproveitem melhor as festividades de S\u00e3o Jo\u00e3o. \"Aproveitem para curtir as festas com muita alegria e forr\u00f3, ao lado da fam\u00edlia e dos amigos\", escreveu o gestor.\nA medida, no entanto, n\u00e3o \u00e9 extensiva aos servi\u00e7os essenciais, que dever\u00e3o permanecer funcionando normalmente durante a sexta-feira (23). \nJo\u00e3o Azev\u00eado (PSB) segue se recuperando de uma cirurgia que ele se submeteu na \u00faltima quinta-feira (15), mas segue despachando de casa.\nA Prefeitura de Jo\u00e3o Pessoa j\u00e1 havia tomado a mesma medida para os servidores municipais da administra\u00e7\u00e3o direta e indireta.\nV\u00eddeos mais assistidos da Para\u00edba  ","protected":false},"excerpt":{"rendered":"<p>        An\u00fancio foi feito nesta segunda-feira (19) pelo governador Jo\u00e3o Azev\u00eado (PSB). Pal\u00e1cio da Reden\u00e7\u00e3o Jo\u00e3o Pessoa Para\u00edba<br \/>\nAndr\u00e9 Resende\/G1<br \/>\nOs servidores p\u00fablicos estaduais da Para\u00edba v\u00e3o ter direito a ponto facultativo na sexta-feira (23), v\u00e9spera&#8230;<\/p>\n","protected":false},"author":2,"featured_media":0,"comment_status":"closed","ping_status":"closed","sticky":false,"template":"","format":"standard","meta":{"advgb_blocks_editor_width":"","advgb_blocks_columns_visual_guide":"","footnotes":""},"categories":[34],"tags":[35],"class_list":["post-21451","post","type-post","status-publish","format-standard","hentry","category-g1","tag-g1"],"author_meta":{"display_name":"g1 &gt; Para\u00edba","author_link":"https:\/\/sindaopcpb.org.br\/author\/g1-paraiba\/"},"featured_img":null,"coauthors":[],"tax_additional":{"categories":{"linked":["<a href=\"https:\/\/sindaopcpb.org.br\/g1\/\" class=\"advgb-post-tax-term\">G1<\/a>"],"unlinked":["<span class=\"advgb-post-tax-term\">G1<\/span>"]},"tags":{"linked":["<a href=\"https:\/\/sindaopcpb.org.br\/g1\/\" class=\"advgb-post-tax-term\">g1<\/a>"],"unlinked":["<span class=\"advgb-post-tax-term\">g1<\/span>"]}},"comment_count":"0","relative_dates":{"created":"Publicado 3 anos atr\u00e1s","modified":"Atualizado 3 anos atr\u00e1s"},"absolute_dates":{"created":"Publicado em 19 de junho de 2023","modified":"Atualizado em 19 de junho de 2023"},"absolute_dates_time":{"created":"Publicado em 19 de junho de 2023 14:52","modified":"Atualizado em 19 de junho de 2023 14:52"},"featured_img_caption":"","series_order":"","_links":{"self":[{"href":"https:\/\/sindaopcpb.org.br\/index.php\/wp-json\/wp\/v2\/posts\/21451","targetHints":{"allow":["GET"]}}],"collection":[{"href":"https:\/\/sindaopcpb.org.br\/index.php\/wp-json\/wp\/v2\/posts"}],"about":[{"href":"https:\/\/sindaopcpb.org.br\/index.php\/wp-json\/wp\/v2\/types\/post"}],"author":[{"embeddable":true,"href":"https:\/\/sindaopcpb.org.br\/index.php\/wp-json\/wp\/v2\/users\/2"}],"replies":[{"embeddable":true,"href":"https:\/\/sindaopcpb.org.br\/index.php\/wp-json\/wp\/v2\/comments?post=21451"}],"version-history":[{"count":1,"href":"https:\/\/sindaopcpb.org.br\/index.php\/wp-json\/wp\/v2\/posts\/21451\/revisions"}],"predecessor-version":[{"id":21452,"href":"https:\/\/sindaopcpb.org.br\/index.php\/wp-json\/wp\/v2\/posts\/21451\/revisions\/21452"}],"wp:attachment":[{"href":"https:\/\/sindaopcpb.org.br\/index.php\/wp-json\/wp\/v2\/media?parent=21451"}],"wp:term":[{"taxonomy":"category","embeddable":true,"href":"https:\/\/sindaopcpb.org.br\/index.php\/wp-json\/wp\/v2\/categories?post=21451"},{"taxonomy":"post_tag","embeddable":true,"href":"https:\/\/sindaopcpb.org.br\/index.php\/wp-json\/wp\/v2\/tags?post=21451"}],"curies":[{"name":"wp","href":"https:\/\/api.w.org\/{rel}","templated":true}]}}