{"id":21430,"date":"2023-06-19T12:44:17","date_gmt":"2023-06-19T15:44:17","guid":{"rendered":"https:\/\/g1.globo.com\/pb\/paraiba\/noticia\/2023\/06\/19\/servidores-de-joao-pessoa-vao-ter-ponto-facultativo-na-sexta-feira-23-vespera-de-sao-joao.ghtml"},"modified":"2023-06-19T12:44:17","modified_gmt":"2023-06-19T15:44:17","slug":"servidores-de-joao-pessoa-vao-ter-ponto-facultativo-na-sexta-feira-23-vespera-de-sao-joao","status":"publish","type":"post","link":"https:\/\/sindaopcpb.org.br\/index.php\/2023\/06\/19\/servidores-de-joao-pessoa-vao-ter-ponto-facultativo-na-sexta-feira-23-vespera-de-sao-joao\/","title":{"rendered":"Servidores de Jo\u00e3o Pessoa v\u00e3o ter ponto facultativo na sexta-feira (23), v\u00e9spera de S\u00e3o Jo\u00e3o"},"content":{"rendered":"   <img src=\"https:\/\/s2.glbimg.com\/meLZyxWe0TK-DlQZHmfEih5gI1A=\/i.s3.glbimg.com\/v1\/AUTH_59edd422c0c84a879bd37670ae4f538a\/internal_photos\/bs\/2022\/G\/k\/2gtGzlTFWDp66GZEu0dw\/cam-joao-pessoa.jpg\" \/><br \/>     Feriado de s\u00e1bado (24) foi antecipado em um dia, mas n\u00e3o vale para servi\u00e7os essenciais. Centro Administrativo Municipal de Jo\u00e3o Pessoa\nSecom-JP\nOs servidores da Prefeitura de Jo\u00e3o Pessoa v\u00e3o ter ponto facultativo na sexta-feira (23), v\u00e9spera de S\u00e3o Jo\u00e3o, segundo portaria publicada no Di\u00e1rio Oficial da Prefeitura Municipal de Jo\u00e3o Pessoa. A decis\u00e3o antecipa o feriado que aconteceria no s\u00e1bado (24).\nA portaria \u00e9 assinada pelo secret\u00e1rio municipal de Administra\u00e7\u00e3o, Ariosvaldo de Andrade Alves, e vale para todas as reparti\u00e7\u00f5es p\u00fablicas da administra\u00e7\u00e3o direta e indireta do Poder Executivo. Apesar disso, os servi\u00e7os considerados essenciais n\u00e3o s\u00e3o abarcados pela portaria.\nAinda de acordo com o documento, todos os carros oficiais da administra\u00e7\u00e3o p\u00fablica dever\u00e3o ser recolhidos ap\u00f3s o expediente de quinta-feira (22), e s\u00f3 dever\u00e1 ser liberado \u00e0s 7h de segunda-feira (27). Pelo mesmo motivo, os ve\u00edculos de servi\u00e7os essenciais poder\u00e3o seguir circulando.\nPor fim, as reparti\u00e7\u00f5es poder\u00e3o, a crit\u00e9rio de seus coordenadores, realizar festas juninas na quinta-feira (22), para se confraternizarem entre si dentro do hor\u00e1rio de expediente. Nesse caso, contudo, as horas em que as atividades forem suspensas dever\u00e3o ser repostas. Ou come\u00e7ando os trabalhos mais cedo ou finalizando-os mais tarde.\nV\u00eddeos mais assistidos da Para\u00edba  ","protected":false},"excerpt":{"rendered":"<p>        Feriado de s\u00e1bado (24) foi antecipado em um dia, mas n\u00e3o vale para servi\u00e7os essenciais. Centro Administrativo Municipal de Jo\u00e3o Pessoa<br \/>\nSecom-JP<br \/>\nOs servidores da Prefeitura de Jo\u00e3o Pessoa v\u00e3o ter ponto facultativo na sexta-feira (23), v\u00e9spera de&#8230;<\/p>\n","protected":false},"author":2,"featured_media":0,"comment_status":"closed","ping_status":"closed","sticky":false,"template":"","format":"standard","meta":{"advgb_blocks_editor_width":"","advgb_blocks_columns_visual_guide":"","footnotes":""},"categories":[34],"tags":[35],"class_list":["post-21430","post","type-post","status-publish","format-standard","hentry","category-g1","tag-g1"],"author_meta":{"display_name":"g1 &gt; Para\u00edba","author_link":"https:\/\/sindaopcpb.org.br\/author\/g1-paraiba\/"},"featured_img":null,"coauthors":[],"tax_additional":{"categories":{"linked":["<a href=\"https:\/\/sindaopcpb.org.br\/g1\/\" class=\"advgb-post-tax-term\">G1<\/a>"],"unlinked":["<span class=\"advgb-post-tax-term\">G1<\/span>"]},"tags":{"linked":["<a href=\"https:\/\/sindaopcpb.org.br\/g1\/\" class=\"advgb-post-tax-term\">g1<\/a>"],"unlinked":["<span class=\"advgb-post-tax-term\">g1<\/span>"]}},"comment_count":"0","relative_dates":{"created":"Publicado 3 anos atr\u00e1s","modified":"Atualizado 3 anos atr\u00e1s"},"absolute_dates":{"created":"Publicado em 19 de junho de 2023","modified":"Atualizado em 19 de junho de 2023"},"absolute_dates_time":{"created":"Publicado em 19 de junho de 2023 12:44","modified":"Atualizado em 19 de junho de 2023 12:44"},"featured_img_caption":"","series_order":"","_links":{"self":[{"href":"https:\/\/sindaopcpb.org.br\/index.php\/wp-json\/wp\/v2\/posts\/21430","targetHints":{"allow":["GET"]}}],"collection":[{"href":"https:\/\/sindaopcpb.org.br\/index.php\/wp-json\/wp\/v2\/posts"}],"about":[{"href":"https:\/\/sindaopcpb.org.br\/index.php\/wp-json\/wp\/v2\/types\/post"}],"author":[{"embeddable":true,"href":"https:\/\/sindaopcpb.org.br\/index.php\/wp-json\/wp\/v2\/users\/2"}],"replies":[{"embeddable":true,"href":"https:\/\/sindaopcpb.org.br\/index.php\/wp-json\/wp\/v2\/comments?post=21430"}],"version-history":[{"count":1,"href":"https:\/\/sindaopcpb.org.br\/index.php\/wp-json\/wp\/v2\/posts\/21430\/revisions"}],"predecessor-version":[{"id":21431,"href":"https:\/\/sindaopcpb.org.br\/index.php\/wp-json\/wp\/v2\/posts\/21430\/revisions\/21431"}],"wp:attachment":[{"href":"https:\/\/sindaopcpb.org.br\/index.php\/wp-json\/wp\/v2\/media?parent=21430"}],"wp:term":[{"taxonomy":"category","embeddable":true,"href":"https:\/\/sindaopcpb.org.br\/index.php\/wp-json\/wp\/v2\/categories?post=21430"},{"taxonomy":"post_tag","embeddable":true,"href":"https:\/\/sindaopcpb.org.br\/index.php\/wp-json\/wp\/v2\/tags?post=21430"}],"curies":[{"name":"wp","href":"https:\/\/api.w.org\/{rel}","templated":true}]}}