{"id":21406,"date":"2023-06-19T12:30:34","date_gmt":"2023-06-19T15:30:34","guid":{"rendered":"https:\/\/g1.globo.com\/pb\/paraiba\/noticia\/2023\/06\/19\/chacina-de-pioz-absolvido-na-paraiba-vira-youtuber-e-nao-quer-ser-ligado-a-assassino.ghtml"},"modified":"2023-06-19T12:30:34","modified_gmt":"2023-06-19T15:30:34","slug":"chacina-de-pioz-absolvido-na-paraiba-vira-youtuber-e-nao-quer-ser-ligado-a-assassino","status":"publish","type":"post","link":"https:\/\/sindaopcpb.org.br\/index.php\/2023\/06\/19\/chacina-de-pioz-absolvido-na-paraiba-vira-youtuber-e-nao-quer-ser-ligado-a-assassino\/","title":{"rendered":"Chacina de Pioz: absolvido na Para\u00edba vira youtuber e n\u00e3o quer ser ligado a assassino"},"content":{"rendered":"   <img src=\"https:\/\/s2.glbimg.com\/vZ9IYKK7K5gT6x3sHmTR250gIkI=\/s.glbimg.com\/jo\/g1\/f\/original\/2016\/12\/02\/marvin_e_patrick_reu.jpg\" \/><br \/>     '[Patrick] \u00e9 uma pessoa que eu gostaria de deixar no passado', disse Marvin Henriques, que falou publicamente pela primeira vez, sete anos ap\u00f3s o crime, em s\u00e9rie espanhola. Assista ao trailer de 'No se lo digas a nadie'\nMarvin Henriques Correia - jovem paraibano que chegou a trocar mensagens com Patrick Nogueira, sobrinho de uma das v\u00edtimas e condenado pela morte de quatro pessoas da mesma fam\u00edlia de brasileiros na Espanha, no crime que ficou conhecido como a Chacina de Pioz - falou publicamente pela primeira vez, sete anos ap\u00f3s o crime, que aconteceu em agosto de 2016. \n\u201cFiz um canal no YouTube. Eu quero realmente que as pessoas pesquisem meu nome e descubram que eu tenho muito mais coisa a oferecer do que apenas essa mancha no meu passado, que mostra uma imagem de algu\u00e9m que eu n\u00e3o sou\u201d, disse Marvin.\n O depoimento foi exibido no \u00faltimo epis\u00f3dio da s\u00e9rie espanhola \u201cNo se lo digas a nadie\u201d (\u201cN\u00e3o conte a ningu\u00e9m\u201d, em tradu\u00e7\u00e3o livre), disponibilizado na plataforma Atresplayer Premium, do conglomerado de m\u00eddia Atresmedia Group, no domingo (18). Assista ao trailer acima, em espanhol.\nMarvin foi absolvido sumariamente da acusa\u00e7\u00e3o de ser part\u00edcipe da chacina, em 2021, pois a Justi\u00e7a entendeu que ele n\u00e3o participou do homic\u00eddio e n\u00e3o praticou nenhum crime tipificado no C\u00f3digo Penal Brasileiro.\nPatrick Nogueira (direita) foi condenado por matar tio e esposa e os sobrinhos crian\u00e7as, no crime que ficou conhecido como Chacina de Pioz. Marvin (esquerda) conversou com Patrick pelo WhatsApp, durante o crime, estando em Jo\u00e3o Pessoa.\nReprodu\u00e7\u00e3o\/Twitter\/Arquivo\nMarvin foi acusado pela Pol\u00edcia Civil da Para\u00edba de ser part\u00edcipe do crime - por ter trocado mensagens em tempo real com Patrick, pelo WhatsApp e \u201cincentivado\u201d o condenado pelo crime a matar o pr\u00f3prio tio, Marcos Nogueira, horas depois de Patrick j\u00e1 ter assassinado a esposa de Marcos, Jana\u00edna Am\u00e9rico, e os primos de um e quatro anos - e de \u201cdar dicas de como esconder os corpos\u201d.  \n\u201cEu mudei muito desde que o fato aconteceu. Quanto ao Patrick, eu lamento que tenha acontecido assim. Eu n\u00e3o gosto de saber da vida dele, \u00e9 uma pessoa que eu gostaria de deixar no passado. [...] Acredito que paguei uma boa dose de sofrimento e que fui bem punido em rela\u00e7\u00e3o ao meu erro. Meu passado n\u00e3o pode ser uma senten\u00e7a eterna, o passado para mim \u00e9 mais uma li\u00e7\u00e3o\u201d, contou o jovem. \nMarvin Henriques Correia falou publicamente sobre a Chacina de Pioz ap\u00f3s sete anos do crime, em s\u00e9rie espanhola\nReprodu\u00e7\u00e3o\/Atresplayer\n'N\u00e3o conte a ningu\u00e9m'\nA s\u00e9rie espanhola foi exibida em cinco epis\u00f3dios no Atresplayer e o g1 assistiu a todos. O document\u00e1rio reconta o caso, relatando desde a ida da fam\u00edlia brasileira para a Espanha; a hist\u00f3ria de Patrick; o crime propriamente dito; a descoberta do caso; a reviravolta em rela\u00e7\u00e3o \u00e0s mensagens entre Patrick, em Pioz, e Marvin, em Jo\u00e3o Pessoa, que foram fundamentais para a solu\u00e7\u00e3o do crime; a rea\u00e7\u00e3o de amigos e da fam\u00edlia dos jovens, e o julgamento de Patrick, que foi condenado \u00e0 pris\u00e3o permanente revis\u00e1vel, na Espanha, em 2018.\nAl\u00e9m de imagens da imprensa, o document\u00e1rio \u00e9 contado por meio de entrevistas exclusivas com Marvin; amigos dele e de Patrick; familiares das v\u00edtimas; jornalistas e policiais do Brasil e da Espanha; e advogados do caso. A s\u00e9rie foi gravada em 2021 e exibida aos domingos ao longo deste m\u00eas de junho. \nDirigida por Juan Carlos Arroyo e com produ\u00e7\u00e3o executiva de Luz Aldama e Teresa Latorre, o document\u00e1rio contou com uma equipe de investiga\u00e7\u00e3o na Espanha e no Brasil, formada por Raquel Hern\u00e1ndez Mor\u00e1n, Patr\u00edcia Zaidan e Paula L\u00f3pez Barba. Ainda n\u00e3o h\u00e1 previs\u00e3o de transmiss\u00e3o por nenhuma plataforma brasileira. \n'No se lo digas a nadie' \u00e9 uma s\u00e9rie documental que vai focar no crime conhecido como Chacina da Espanha\nDivulga\u00e7\u00e3o\/Atresmedia Player\nFamiliares tamb\u00e9m comentam o caso\nUm dos relatos disponibilizados no \u00faltimo epis\u00f3dio da s\u00e9rie foi o de Jaqueline Campos, irm\u00e3 de Marcos Nogueira e tia de Patrick. Ela relata que espera que o sobrinho se arrependa e mude dentro da pris\u00e3o, e que perdoou os envolvidos. \u201cN\u00e3o seria justo perdoar Patrick e n\u00e3o perdoar Marvin\u201d, contou. \nA m\u00e3e dela e av\u00f3 de Patrick, Maria das Gra\u00e7as Campos, tamb\u00e9m diz que a fam\u00edlia permanece unida, apesar da tristeza.\n\u201cMeu filho se foi, n\u00e3o volta mais, ent\u00e3o eu tenho que continuar. [...] N\u00e3o vou dizer que eu esque\u00e7o o que houve com meu filho, de maneira alguma. O que Patrick fez eu n\u00e3o esque\u00e7o, mas n\u00e3o existe aquele \u00f3dio, existe aquela tristeza, pelo que ele fez. \u00c9 uma tristeza grande, mas dizer \u2018eu odeio, eu n\u00e3o perdoo\u2019, isso n\u00e3o existe na minha casa\u201d, completou. \nJ\u00e1 para a fam\u00edlia de Jana\u00edna Am\u00e9rico, esposa de Marcos Nogueira, ainda h\u00e1 uma sensa\u00e7\u00e3o de impunidade, em rela\u00e7\u00e3o \u00e0 situa\u00e7\u00e3o de Marvin. \u201cEsses rapazes, tanto Patrick, quanto Marvin, destru\u00edram a fam\u00edlia da gente. [...] O lado bom \u00e9 que a gente viu que o Patrick foi julgado, n\u00e3o teve mais volta para esse. O daqui, Marvin, est\u00e1 vivendo em flores\u201d, disse George Am\u00e9rico, irm\u00e3o de Jana\u00edna. \nChacina de Pioz\nOs corpos da fam\u00edlia de paraibanos foram encontrados pela Guarda Civil espanhola no dia 18 de setembro de 2016, cerca de um m\u00eas depois do crime. Eles estavam em sacolas, dentro da casa que havia sido alugada pela fam\u00edlia.\nA fam\u00edlia era de Jo\u00e3o Pessoa e tinha ido morar na Europa por causa de uma oportunidade de emprego que Marcos conseguiu em um restaurante. As mortes s\u00f3 foram descobertas ap\u00f3s vizinhos notarem um odor saindo da resid\u00eancia. A fam\u00edlia, no Brasil, n\u00e3o desconfiou da morte pois era comum que o casal passasse algum tempo sem dar not\u00edcias. \nMarcos Nogueira, Jana\u00edna Am\u00e9rico e os dois filhos do casal foram encontrados mortos na Espanha\nReprodu\u00e7\u00e3o\/Facebook\/Janaina Diniz Diniz\nFran\u00e7ois Patrick Nogueira Gouveia matou a pr\u00f3pria fam\u00edlia \nInicialmente a Guarda Civil espanhola trabalhou com a possibilidade de que o crime tivesse acontecido por ajuste de contas. Por\u00e9m, com o avan\u00e7ar das investiga\u00e7\u00f5es, descartou-se essa tese e, 15 dias ap\u00f3s a descoberta dos corpos, o caso foi dado como encerrado. Fran\u00e7ois Patrick Nogueira Gouveia, sobrinho de Marcos, foi apontado como \u00fanico suspeito, ap\u00f3s a pol\u00edcia achar material gen\u00e9tico dele no local do crime.\nCaso Pioz: Fant\u00e1stico mostra, com exclusividade, conversa entre Patrick e Marvin\nSurpreendentemente, no dia 28 de outubro, a Pol\u00edcia Civil da Para\u00edba anunciou a pris\u00e3o de um segundo suspeito de envolvimento nas mortes. A pris\u00e3o preventiva de Marvin Henriques Correia foi pedida pelo Minist\u00e9rio P\u00fablico, que acreditava que o jovem de 18 anos participou do crime, mesmo \u00e0 dist\u00e2ncia. Ele trocou mensagens via WhatsApp com Patrick, enquanto este executava o crime.\nMarvin alerta Patrick sobre a sa\u00edda dele do local do crime durante a conversa\nReprodu\u00e7\u00e3o\/Pol\u00edcia Civil da Para\u00edba\nCondenado \u00e0 pris\u00e3o perp\u00e9tua na Espanha\nEm 2018, Patrick foi condenado a tr\u00eas penas de pris\u00e3o perp\u00e9tua por ter matado o tio e primos. Patrick tamb\u00e9m foi condenado a uma quarta pena, de 25 anos de pris\u00e3o, pelo assassinato da esposa do tio dele, na mesma ocasi\u00e3o. Ao revisar um recurso feito pela defesa dele, o Supremo Tribunal da Espanha manteve a condena\u00e7\u00e3o e reuniu as penas em uma s\u00f3 condena\u00e7\u00e3o.\nNa Espanha, a pris\u00e3o perp\u00e9tua acontece por meio da pris\u00e3o permanente revis\u00e1vel, que \u00e9 a puni\u00e7\u00e3o mais grave existente no pa\u00eds. No caso, a pena pode ser revista a cada 25 anos. Al\u00e9m desta decis\u00e3o, a Justi\u00e7a tamb\u00e9m condenou Patrick a pagar uma indeniza\u00e7\u00e3o de 411.915 euros para a fam\u00edlia das v\u00edtimas e para o propriet\u00e1rio da casa onde o crime aconteceu.\nPatrick foi condenado \u00e0 pris\u00e3o permanente revis\u00e1vel, uma esp\u00e9cie de pris\u00e3o perp\u00e9tua, na Espanha, em 2018\nTV Cabo Branco\/Reprodu\u00e7\u00e3o\nAbsolvi\u00e7\u00e3o de Marvin\nMarvin Henriques, que havia sido acusado de ter participado da morte do tio de Patrick, uma vez que teria trocado mensagens e dado dicas ao assassino, foi absolvido de ser c\u00famplice da chacina em julho de 2021. A Justi\u00e7a paraibana entendeu que ele n\u00e3o praticou nenhum crime tipificado no C\u00f3digo Penal Brasileiro, sendo assim imposs\u00edvel de ser condenado.\nNa senten\u00e7a, a ju\u00edza Aylzia Fabiana Borges Carrilho, do Segundo Tribunal do J\u00fari de Jo\u00e3o Pessoa, argumentou que \u201cn\u00e3o restam d\u00favidas que os fatos narrados na den\u00fancia, no que diz respeito ao r\u00e9u Marvin, n\u00e3o constituem uma infra\u00e7\u00e3o penal. No m\u00e1ximo, poderiam ser considerados como atos preparat\u00f3rios; contudo, em nosso ordenamento jur\u00eddico n\u00e3o h\u00e1 tipicidade em condutas subjetivas\u201d.\nEla ainda ressaltou que \u201ca fun\u00e7\u00e3o do Poder Judici\u00e1rio \u00e9 fazer justi\u00e7a, mas n\u00e3o a qualquer custo. Ao poder discricion\u00e1rio de julgar de um magistrado cabe os limites do nosso ordenamento jur\u00eddico\u201d.\nV\u00eddeos mais assistidos da Para\u00edba\nInitial plugin text  ","protected":false},"excerpt":{"rendered":"<p>        &#8216;[Patrick] \u00e9 uma pessoa que eu gostaria de deixar no passado&#8217;, disse Marvin Henriques, que falou publicamente pela primeira vez, sete anos ap\u00f3s o crime, em s\u00e9rie espanhola. Assista ao trailer de &#8216;No se lo digas a nadie&#8217;<br \/>\nMarvin Henriques Correia&#8230;<\/p>\n","protected":false},"author":2,"featured_media":0,"comment_status":"closed","ping_status":"closed","sticky":false,"template":"","format":"standard","meta":{"advgb_blocks_editor_width":"","advgb_blocks_columns_visual_guide":"","footnotes":""},"categories":[34],"tags":[35],"class_list":["post-21406","post","type-post","status-publish","format-standard","hentry","category-g1","tag-g1"],"author_meta":{"display_name":"g1 &gt; Para\u00edba","author_link":"https:\/\/sindaopcpb.org.br\/author\/g1-paraiba\/"},"featured_img":null,"coauthors":[],"tax_additional":{"categories":{"linked":["<a href=\"https:\/\/sindaopcpb.org.br\/g1\/\" class=\"advgb-post-tax-term\">G1<\/a>"],"unlinked":["<span class=\"advgb-post-tax-term\">G1<\/span>"]},"tags":{"linked":["<a href=\"https:\/\/sindaopcpb.org.br\/g1\/\" class=\"advgb-post-tax-term\">g1<\/a>"],"unlinked":["<span class=\"advgb-post-tax-term\">g1<\/span>"]}},"comment_count":"0","relative_dates":{"created":"Publicado 3 anos atr\u00e1s","modified":"Atualizado 3 anos atr\u00e1s"},"absolute_dates":{"created":"Publicado em 19 de junho de 2023","modified":"Atualizado em 19 de junho de 2023"},"absolute_dates_time":{"created":"Publicado em 19 de junho de 2023 12:30","modified":"Atualizado em 19 de junho de 2023 12:30"},"featured_img_caption":"","series_order":"","_links":{"self":[{"href":"https:\/\/sindaopcpb.org.br\/index.php\/wp-json\/wp\/v2\/posts\/21406","targetHints":{"allow":["GET"]}}],"collection":[{"href":"https:\/\/sindaopcpb.org.br\/index.php\/wp-json\/wp\/v2\/posts"}],"about":[{"href":"https:\/\/sindaopcpb.org.br\/index.php\/wp-json\/wp\/v2\/types\/post"}],"author":[{"embeddable":true,"href":"https:\/\/sindaopcpb.org.br\/index.php\/wp-json\/wp\/v2\/users\/2"}],"replies":[{"embeddable":true,"href":"https:\/\/sindaopcpb.org.br\/index.php\/wp-json\/wp\/v2\/comments?post=21406"}],"version-history":[{"count":2,"href":"https:\/\/sindaopcpb.org.br\/index.php\/wp-json\/wp\/v2\/posts\/21406\/revisions"}],"predecessor-version":[{"id":21432,"href":"https:\/\/sindaopcpb.org.br\/index.php\/wp-json\/wp\/v2\/posts\/21406\/revisions\/21432"}],"wp:attachment":[{"href":"https:\/\/sindaopcpb.org.br\/index.php\/wp-json\/wp\/v2\/media?parent=21406"}],"wp:term":[{"taxonomy":"category","embeddable":true,"href":"https:\/\/sindaopcpb.org.br\/index.php\/wp-json\/wp\/v2\/categories?post=21406"},{"taxonomy":"post_tag","embeddable":true,"href":"https:\/\/sindaopcpb.org.br\/index.php\/wp-json\/wp\/v2\/tags?post=21406"}],"curies":[{"name":"wp","href":"https:\/\/api.w.org\/{rel}","templated":true}]}}