{"id":21403,"date":"2023-06-19T11:48:48","date_gmt":"2023-06-19T14:48:48","guid":{"rendered":"https:\/\/www.infomoney.com.br\/?p=2164461"},"modified":"2023-06-19T11:48:48","modified_gmt":"2023-06-19T14:48:48","slug":"lula-volta-a-criticar-juros-altos-e-diz-que-bc-tem-que-dar-explicacoes-ao-senado-e-ao-povo","status":"publish","type":"post","link":"https:\/\/sindaopcpb.org.br\/index.php\/2023\/06\/19\/lula-volta-a-criticar-juros-altos-e-diz-que-bc-tem-que-dar-explicacoes-ao-senado-e-ao-povo\/","title":{"rendered":"Lula volta a criticar juros altos e diz que BC tem que dar explica\u00e7\u00f5es ao Senado e ao povo"},"content":{"rendered":"<p><img loading=\"lazy\" width=\"300\" height=\"225\" src=\"https:\/\/www.infomoney.com.br\/wp-content\/uploads\/2023\/04\/ja_2180.jpg?fit=300%2C225&amp;quality=70&amp;strip=all\" class=\"attachment-medium size-medium wp-post-image\" alt=\"Bras\u00edlia (DF) 10-04-2023 - O presidente Luiz In\u00e1cio Lula da Silva participa no Pal\u00e1cio do Planalto da Reuni\u00e3o ministerial dos 100 dias de governo. Foto: Jo\u00e9dson Alves\/Ag\u00eancia Brasil\" decoding=\"async\" style=\"float:right; margin:0 0 10px 10px;\" srcset=\"https:\/\/www.infomoney.com.br\/wp-content\/uploads\/2023\/04\/ja_2180.jpg?w=1024&amp;quality=70&amp;strip=all 1024w, https:\/\/www.infomoney.com.br\/wp-content\/uploads\/2023\/04\/ja_2180.jpg?w=300&amp;quality=70&amp;strip=all 300w, https:\/\/www.infomoney.com.br\/wp-content\/uploads\/2023\/04\/ja_2180.jpg?w=768&amp;quality=70&amp;strip=all 768w, https:\/\/www.infomoney.com.br\/wp-content\/uploads\/2023\/04\/ja_2180.jpg?w=150&amp;quality=70&amp;strip=all 150w\" sizes=\"auto, (max-width: 300px) 100vw, 300px\" data-attachment-id=\"2103809\" data-permalink=\"https:\/\/www.infomoney.com.br\/_ja_2180\/\" data-orig-file=\"https:\/\/www.infomoney.com.br\/wp-content\/uploads\/2023\/04\/ja_2180.jpg?fit=1024%2C768&amp;quality=70&amp;strip=all\" data-orig-size=\"1024,768\" data-comments-opened=\"0\" data-image-meta=\"{&quot;aperture&quot;:&quot;4&quot;,&quot;credit&quot;:&quot;&quot;,&quot;camera&quot;:&quot;Canon EOS 5D Mark IV&quot;,&quot;caption&quot;:&quot;&quot;,&quot;created_timestamp&quot;:&quot;1681127125&quot;,&quot;copyright&quot;:&quot;&quot;,&quot;focal_length&quot;:&quot;600&quot;,&quot;iso&quot;:&quot;800&quot;,&quot;shutter_speed&quot;:&quot;0.003125&quot;,&quot;title&quot;:&quot;&quot;,&quot;orientation&quot;:&quot;1&quot;}\" data-image-title=\"Bras\u00edlia (DF) 10-04-2023 &#8211; O presidente Luiz In\u00e1cio Lula da Silva participa no Pal\u00e1cio do Planalto da Reuni\u00e3o ministerial dos 100 dias de governo. Foto: Jo\u00e9dson Alves\/Ag\u00eancia Brasil\" data-image-description=\"&lt;p&gt;Bras\u00edlia (DF) 10-04-2023 &#8211; O presidente Luiz In\u00e1cio Lula da Silva participa no Pal\u00e1cio do Planalto da Reuni\u00e3o ministerial dos 100 dias de governo. Foto: Jo\u00e9dson Alves\/Ag\u00eancia Brasil&lt;\/p&gt;\n\" data-image-caption=\"&lt;p&gt;Bras\u00edlia (DF) 10-04-2023 &#8211; O presidente Luiz In\u00e1cio Lula da Silva participa no Pal\u00e1cio do Planalto da Reuni\u00e3o ministerial dos 100 dias de governo. Foto: Jo\u00e9dson Alves\/Ag\u00eancia Brasil&lt;\/p&gt;\n\" data-medium-file=\"https:\/\/www.infomoney.com.br\/wp-content\/uploads\/2023\/04\/ja_2180.jpg?fit=300%2C225&amp;quality=70&amp;strip=all\" data-large-file=\"https:\/\/www.infomoney.com.br\/wp-content\/uploads\/2023\/04\/ja_2180.jpg?fit=1024%2C768&amp;quality=70&amp;strip=all\" title=\"\"><\/p>\n<p>A dois dias de o Comit\u00ea de Pol\u00edtica Monet\u00e1ria do Banco Central (Copom) anunciar o novo patamar da taxa b\u00e1sica de juros (a Selic), o presidente <strong>Luiz In\u00e1cio Lula da Silva (PT)<\/strong> voltou a intensificar as cr\u00edticas \u00e0 condu\u00e7\u00e3o da pol\u00edtica monet\u00e1ria e ao presidente da autarquia, Roberto Campos Neto.<\/p>\n<p>Na segunda edi\u00e7\u00e3o da\u00a0<em>live<\/em> &#8220;Conversa com o Presidente&#8221;, transmitida nesta segunda-feira (19), em seu canal do YouTube e redes sociais, Lula disse que a manuten\u00e7\u00e3o da Selic no atual patamar de 13,75% ao ano &#8220;n\u00e3o tem explica\u00e7\u00e3o&#8221;.<\/p>\n<p>A expectativa da maioria dos agentes econ\u00f4micos \u00e9 que o Copom mantenha os juros na pr\u00f3xima reuni\u00e3o e apenas inicie um ciclo de afrouxamento monet\u00e1rio no segundo semestre.<\/p>\n<p>Durante a transmiss\u00e3o, Lula comemorou o melhor desempenho da economia brasileira, chamando aten\u00e7\u00e3o para a desacelera\u00e7\u00e3o da infla\u00e7\u00e3o e exaltou a redu\u00e7\u00e3o dos pre\u00e7os de alguns alimentos, citando a carne, o arroz e o \u00f3leo de soja, e a queda recente do d\u00f3lar.<\/p>\n<p>&#8220;A infla\u00e7\u00e3o est\u00e1 abaixando. O d\u00f3lar est\u00e1 caindo. Apenas o juro precisa baixar, porque tamb\u00e9m n\u00e3o tem explica\u00e7\u00e3o&#8221;, afirmou.<\/p>\n<p>&#8220;O presidente do Banco Central precisa explicar, n\u00e3o a mim, porque j\u00e1 sei por que ele n\u00e3o baixa, mas ao povo brasileiro e ao Senado que o elegeu por que ele mant\u00e9m essas taxas de juros de 13,75% em um pa\u00eds que est\u00e1 com uma infla\u00e7\u00e3o anual de 5%&#8221;, prosseguiu.<\/p>\n<p>Na <em>live<\/em>, Lula disse que o governo ir\u00e1 apresentar, no segundo semestre, um conjunto de metas a serem executadas at\u00e9 2026. Mesmo sem apresentar detalhes, ele refor\u00e7ou o compromisso de ampliar o programa Minha Casa Minha Vida, prometendo a entrega de mais de 2 milh\u00f5es de casas at\u00e9 o fim do mandato, e repetiu a inten\u00e7\u00e3o de criar um instrumento que contemple faixas mais altas da classe m\u00e9dia.<\/p>\n<p>&#8220;N\u00f3s vamos inaugurar casas e ao mesmo tempo vamos lan\u00e7ar um programa de fazer, at\u00e9 dia 31 de dezembro de 2026, mais de 2 milh\u00f5es de casas. E essas casas ser\u00e3o n\u00e3o apenas para as pessoas mais pobres, mas tamb\u00e9m vamos construir casas para o setor m\u00e9dio da sociedade \u2212 aquele trabalhador que ganha R$ 8 mil, R$ 9 mil, aquele pequeno empreendedor, aquela pessoa que trabalha por conta pr\u00f3pria&#8221;, disse.<\/p>\n<p>&#8220;N\u00f3s vamos tentar criar condi\u00e7\u00f5es de fazer uma casa para quem pode pagar um pouco melhor tamb\u00e9m ter condi\u00e7\u00f5es de fazer um financiamento&#8221;, pontuou.<\/p>\n<p>The post <a rel=\"nofollow noopener\" href=\"https:\/\/www.infomoney.com.br\/politica\/lula-volta-a-criticar-juros-altos-e-diz-que-bc-tem-que-dar-explicacoes-ao-senado-e-ao-povo\/\" target=\"_blank\">Lula volta a criticar juros altos e diz que BC tem que dar explica\u00e7\u00f5es ao Senado e ao povo<\/a> appeared first on <a rel=\"nofollow noopener\" href=\"https:\/\/www.infomoney.com.br\/\" target=\"_blank\">InfoMoney<\/a>.<\/p>\n","protected":false},"excerpt":{"rendered":"<p><img loading=\"lazy\" decoding=\"async\" width=\"300\" height=\"225\" src=\"https:\/\/www.infomoney.com.br\/wp-content\/uploads\/2023\/04\/ja_2180.jpg?fit=300%2C225&amp;quality=70&amp;strip=all\" class=\"attachment-medium size-medium wp-post-image\" alt=\"Bras\u00edlia (DF) 10-04-2023 - O presidente Luiz In\u00e1cio Lula da Silva participa no Pal\u00e1cio do Planalto da Reuni\u00e3o ministerial dos 100 dias de governo. Foto: Jo\u00e9dson Alves\/Ag\u00eancia Brasil\" data-attachment-id=\"2103809\" data-permalink=\"https:\/\/www.infomoney.com.br\/_ja_2180\/\" data-orig-file=\"https:\/\/www.infomoney.com.br\/wp-content\/uploads\/2023\/04\/ja_2180.jpg?fit=1024%2C768&amp;quality=70&amp;strip=all\" data-orig-size=\"1024,768\" data-comments-opened=\"0\" data-image-meta='{\"aperture\":\"4\",\"credit\":\"\",\"camera\":\"Canon EOS 5D Mark IV\",\"caption\":\"\",\"created_timestamp\":\"1681127125\",\"copyright\":\"\",\"focal_length\":\"600\",\"iso\":\"800\",\"shutter_speed\":\"0.003125\",\"title\":\"\",\"orientation\":\"1\"}' data-image-title=\"Bras\u00edlia (DF) 10-04-2023 \u2013 O presidente Luiz In\u00e1cio Lula da Silva participa no Pal\u00e1cio do Planalto da Reuni\u00e3o ministerial dos 100 dias de governo. Foto: Jo\u00e9dson Alves\/Ag\u00eancia Brasil\" data-image-description=\"&lt;p&gt;Bras\u00edlia (DF) 10-04-2023 \u2013 O presidente Luiz In\u00e1cio Lula da Silva participa no Pal\u00e1cio do Planalto da Reuni\u00e3o ministerial dos 100 dias de governo. Foto: Jo\u00e9dson Alves\/Ag\u00eancia Brasil&lt;\/p&gt;\n\" data-image-caption=\"&lt;p&gt;Bras\u00edlia (DF) 10-04-2023 \u2013 O presidente Luiz In\u00e1cio Lula da Silva participa no Pal\u00e1cio do Planalto da Reuni\u00e3o ministerial dos 100 dias de governo. Foto: Jo\u00e9dson Alves\/Ag\u00eancia Brasil&lt;\/p&gt;\n\" data-medium-file=\"https:\/\/www.infomoney.com.br\/wp-content\/uploads\/2023\/04\/ja_2180.jpg?fit=300%2C225&amp;quality=70&amp;strip=all\" data-large-file=\"https:\/\/www.infomoney.com.br\/wp-content\/uploads\/2023\/04\/ja_2180.jpg?fit=1024%2C768&amp;quality=70&amp;strip=all\">Em live transmitida pelo seu canal no YouTube, presidente diz que manuten\u00e7\u00e3o da Selic em 13,75% ao ano &#8220;n\u00e3o tem explica\u00e7\u00e3o&#8221;<\/p>\n<p>The post <a rel=\"nofollow\" href=\"https:\/\/www.infomoney.com.br\/politica\/lula-volta-a-criticar-juros-altos-e-diz-que-bc-tem-que-dar-explicacoes-ao-senado-e-ao-povo\/\">Lula volta a criticar juros altos e diz que BC tem que dar explica\u00e7\u00f5es ao Senado e ao povo<\/a> appeared first on <a rel=\"nofollow\" href=\"https:\/\/www.infomoney.com.br\/\">InfoMoney<\/a>.<\/p>\n","protected":false},"author":52,"featured_media":0,"comment_status":"closed","ping_status":"closed","sticky":false,"template":"","format":"standard","meta":{"advgb_blocks_editor_width":"","advgb_blocks_columns_visual_guide":"","footnotes":""},"categories":[279,1626,69,34,982,129,47,1110,282],"tags":[35],"class_list":["post-21403","post","type-post","status-publish","format-standard","hentry","category-banco-central","category-copom","category-economia","category-g1","category-inflacao","category-luiz-inacio-lula-da-silva","category-politica","category-selic","category-taxa-de-juros","tag-g1"],"author_meta":{"display_name":"Marcos Mortari","author_link":"https:\/\/sindaopcpb.org.br\/author\/marcos-mortari\/"},"featured_img":null,"coauthors":[],"tax_additional":{"categories":{"linked":["<a href=\"https:\/\/sindaopcpb.org.br\/banco-central\/\" class=\"advgb-post-tax-term\">Banco Central<\/a>","<a href=\"https:\/\/sindaopcpb.org.br\/copom\/\" class=\"advgb-post-tax-term\">Copom<\/a>","<a href=\"https:\/\/sindaopcpb.org.br\/economia\/\" class=\"advgb-post-tax-term\">Economia<\/a>","<a href=\"https:\/\/sindaopcpb.org.br\/g1\/\" class=\"advgb-post-tax-term\">G1<\/a>","<a href=\"https:\/\/sindaopcpb.org.br\/inflacao\/\" class=\"advgb-post-tax-term\">Infla\u00e7\u00e3o<\/a>","<a href=\"https:\/\/sindaopcpb.org.br\/luiz-inacio-lula-da-silva\/\" class=\"advgb-post-tax-term\">Luiz In\u00e1cio Lula da Silva<\/a>","<a href=\"https:\/\/sindaopcpb.org.br\/politica\/\" class=\"advgb-post-tax-term\">POLITICA<\/a>","<a href=\"https:\/\/sindaopcpb.org.br\/selic\/\" class=\"advgb-post-tax-term\">Selic<\/a>","<a href=\"https:\/\/sindaopcpb.org.br\/taxa-de-juros\/\" class=\"advgb-post-tax-term\">Taxa de Juros<\/a>"],"unlinked":["<span class=\"advgb-post-tax-term\">Banco Central<\/span>","<span class=\"advgb-post-tax-term\">Copom<\/span>","<span class=\"advgb-post-tax-term\">Economia<\/span>","<span class=\"advgb-post-tax-term\">G1<\/span>","<span class=\"advgb-post-tax-term\">Infla\u00e7\u00e3o<\/span>","<span class=\"advgb-post-tax-term\">Luiz In\u00e1cio Lula da Silva<\/span>","<span class=\"advgb-post-tax-term\">POLITICA<\/span>","<span class=\"advgb-post-tax-term\">Selic<\/span>","<span class=\"advgb-post-tax-term\">Taxa de Juros<\/span>"]},"tags":{"linked":["<a href=\"https:\/\/sindaopcpb.org.br\/taxa-de-juros\/\" class=\"advgb-post-tax-term\">g1<\/a>"],"unlinked":["<span class=\"advgb-post-tax-term\">g1<\/span>"]}},"comment_count":"0","relative_dates":{"created":"Publicado 3 anos atr\u00e1s","modified":"Atualizado 3 anos atr\u00e1s"},"absolute_dates":{"created":"Publicado em 19 de junho de 2023","modified":"Atualizado em 19 de junho de 2023"},"absolute_dates_time":{"created":"Publicado em 19 de junho de 2023 11:48","modified":"Atualizado em 19 de junho de 2023 11:48"},"featured_img_caption":"","series_order":"","_links":{"self":[{"href":"https:\/\/sindaopcpb.org.br\/index.php\/wp-json\/wp\/v2\/posts\/21403","targetHints":{"allow":["GET"]}}],"collection":[{"href":"https:\/\/sindaopcpb.org.br\/index.php\/wp-json\/wp\/v2\/posts"}],"about":[{"href":"https:\/\/sindaopcpb.org.br\/index.php\/wp-json\/wp\/v2\/types\/post"}],"author":[{"embeddable":true,"href":"https:\/\/sindaopcpb.org.br\/index.php\/wp-json\/wp\/v2\/users\/52"}],"replies":[{"embeddable":true,"href":"https:\/\/sindaopcpb.org.br\/index.php\/wp-json\/wp\/v2\/comments?post=21403"}],"version-history":[{"count":2,"href":"https:\/\/sindaopcpb.org.br\/index.php\/wp-json\/wp\/v2\/posts\/21403\/revisions"}],"predecessor-version":[{"id":21450,"href":"https:\/\/sindaopcpb.org.br\/index.php\/wp-json\/wp\/v2\/posts\/21403\/revisions\/21450"}],"wp:attachment":[{"href":"https:\/\/sindaopcpb.org.br\/index.php\/wp-json\/wp\/v2\/media?parent=21403"}],"wp:term":[{"taxonomy":"category","embeddable":true,"href":"https:\/\/sindaopcpb.org.br\/index.php\/wp-json\/wp\/v2\/categories?post=21403"},{"taxonomy":"post_tag","embeddable":true,"href":"https:\/\/sindaopcpb.org.br\/index.php\/wp-json\/wp\/v2\/tags?post=21403"}],"curies":[{"name":"wp","href":"https:\/\/api.w.org\/{rel}","templated":true}]}}