{"id":21381,"date":"2023-06-19T09:50:39","date_gmt":"2023-06-19T12:50:39","guid":{"rendered":"https:\/\/www.infomoney.com.br\/?p=2164228"},"modified":"2023-06-19T09:50:39","modified_gmt":"2023-06-19T12:50:39","slug":"pesquisa-traca-conexoes-entre-narcotrafico-e-crimes-ambientais-no-pais","status":"publish","type":"post","link":"https:\/\/sindaopcpb.org.br\/index.php\/2023\/06\/19\/pesquisa-traca-conexoes-entre-narcotrafico-e-crimes-ambientais-no-pais\/","title":{"rendered":"Pesquisa tra\u00e7a conex\u00f5es entre narcotr\u00e1fico e crimes ambientais no pa\u00eds"},"content":{"rendered":"<p><img loading=\"lazy\" width=\"300\" height=\"200\" src=\"https:\/\/www.infomoney.com.br\/wp-content\/uploads\/2019\/09\/desmatamento-da-amazonia-.jpg?fit=300%2C200&amp;quality=70&amp;strip=all\" class=\"attachment-medium size-medium wp-post-image\" alt=\"\" decoding=\"async\" style=\"float:right; margin:0 0 10px 10px;\" srcset=\"https:\/\/www.infomoney.com.br\/wp-content\/uploads\/2019\/09\/desmatamento-da-amazonia-.jpg?w=900&amp;quality=70&amp;strip=all 900w, https:\/\/www.infomoney.com.br\/wp-content\/uploads\/2019\/09\/desmatamento-da-amazonia-.jpg?w=300&amp;quality=70&amp;strip=all 300w, https:\/\/www.infomoney.com.br\/wp-content\/uploads\/2019\/09\/desmatamento-da-amazonia-.jpg?w=768&amp;quality=70&amp;strip=all 768w, https:\/\/www.infomoney.com.br\/wp-content\/uploads\/2019\/09\/desmatamento-da-amazonia-.jpg?w=150&amp;quality=70&amp;strip=all 150w\" sizes=\"auto, (max-width: 300px) 100vw, 300px\" data-attachment-id=\"1306667\" data-permalink=\"https:\/\/www.infomoney.com.br\/desmatamento-da-amazonia\/\" data-orig-file=\"https:\/\/www.infomoney.com.br\/wp-content\/uploads\/2019\/09\/desmatamento-da-amazonia-.jpg?fit=900%2C600&amp;quality=70&amp;strip=all\" data-orig-size=\"900,600\" data-comments-opened=\"1\" data-image-meta=\"{&quot;aperture&quot;:&quot;0&quot;,&quot;credit&quot;:&quot;&quot;,&quot;camera&quot;:&quot;&quot;,&quot;caption&quot;:&quot;&quot;,&quot;created_timestamp&quot;:&quot;0&quot;,&quot;copyright&quot;:&quot;&quot;,&quot;focal_length&quot;:&quot;0&quot;,&quot;iso&quot;:&quot;0&quot;,&quot;shutter_speed&quot;:&quot;0&quot;,&quot;title&quot;:&quot;&quot;,&quot;orientation&quot;:&quot;0&quot;}\" data-image-title=\"desmatamento-da-amazonia-\" data-image-description=\"\" data-image-caption=\"\" data-medium-file=\"https:\/\/www.infomoney.com.br\/wp-content\/uploads\/2019\/09\/desmatamento-da-amazonia-.jpg?fit=300%2C200&amp;quality=70&amp;strip=all\" data-large-file=\"https:\/\/www.infomoney.com.br\/wp-content\/uploads\/2019\/09\/desmatamento-da-amazonia-.jpg?fit=900%2C600&amp;quality=70&amp;strip=all\" title=\"\"><\/p>\n<p>Comunidades da floresta, periferias rurais e regi\u00f5es do interior do Brasil est\u00e3o cada vez mais conectadas nas redes nacionais e internacionais do crime organizado. A ponto de n\u00e3o fazer mais sentido diferenciar viol\u00eancia urbana da rural.<\/p>\n<p>A conclus\u00e3o \u00e9 do estudo \u201cAl\u00e9m da floresta: crimes socioambientais nas periferias\u201d, divulgado nesta segunda-feira (19) pela Rede de Observat\u00f3rios da Seguran\u00e7a. O projeto re\u00fane pesquisadores do Centro de Estudos de Seguran\u00e7a e Cidadania.<\/p>\n<p>Nessa perspectiva, ganha destaque o processo de domina\u00e7\u00e3o de territ\u00f3rios no norte e nordeste por fac\u00e7\u00f5es criminosas do sudeste. O que inclui tanto as \u00e1reas de fronteiras, quanto as cidades pequenas, os centros urbanos, os quilombos e as aldeias ind\u00edgenas. Nos \u00faltimos anos, houve crescimento e diversifica\u00e7\u00e3o de atividades ilegais. Al\u00e9m das microcriminalidades, como roubos de motos e celulares, h\u00e1 conflitos armados entre grupos rivais, tr\u00e1fico de drogas e explora\u00e7\u00e3o ilegal de insumos florestais.<\/p>\n<p>A pesquisa re\u00fane dados obtidos via Lei de Acesso \u00e0 Informa\u00e7\u00e3o com as secretarias de seguran\u00e7a p\u00fablica de sete estados: Bahia, Cear\u00e1, Maranh\u00e3o, Par\u00e1, Pernambuco, Rio de Janeiro e S\u00e3o Paulo. Ela mapeia tanto os crimes cometidos contra popula\u00e7\u00f5es tradicionais, como quilombolas e ind\u00edgenas, quanto os crimes ambientais (grilagem de terras, explora\u00e7\u00e3o ilegal de madeira e garimpo em \u00e1reas n\u00e3o autorizadas).<\/p>\n<h2><strong>Guerra \u00e0s drogas<\/strong><\/h2>\n<p>Apesar da variedade e da complexidade desses problemas nos estados, os pesquisadores indicam que as autoridades insistem em um modo \u00fanico de a\u00e7\u00e3o: o modelo de seguran\u00e7a p\u00fablica baseado na guerra \u00e0s drogas. O que acaba produzindo o mesmo cen\u00e1rio de racismo e encarceramento da juventude negra.<\/p>\n<p>\u201c\u00c9 necess\u00e1rio fugir do modelo b\u00e9lico do combate \u00e0s drogas e \u00e0s ilegalidades. E, principalmente, estabelecer conten\u00e7\u00f5es ao tipo de desenvolvimento que destr\u00f3i a vida na floresta. Mostra-se importante fortalecer os \u00f3rg\u00e3os de preven\u00e7\u00e3o da destrui\u00e7\u00e3o e incluir no centro do di\u00e1logo organiza\u00e7\u00f5es ind\u00edgenas, rurais e ribeirinhas, al\u00e9m dos movimentos de periferia urbanos que lutam por direitos sociais\u201d, defende Silvia Ramos, coordenadora da Rede de Observat\u00f3rios da Seguran\u00e7a.<\/p>\n<h2><strong>O caso do Par\u00e1<\/strong><\/h2>\n<p>A pesquisa aponta o Par\u00e1 como uma regi\u00e3o emblem\u00e1tica das novas configura\u00e7\u00f5es do crime no pa\u00eds. As redes do narcotr\u00e1fico &#8211; lideradas por fac\u00e7\u00f5es do Rio de Janeiro e S\u00e3o Paulo &#8211; chegaram em diferentes munic\u00edpios do interior. Altamira, Marab\u00e1, Parauapebas, Jacareacanga, Floresta do Araguaia e Senador Jos\u00e9 Porf\u00edrio s\u00e3o exemplos citados como rotas importantes de drogas, mas tamb\u00e9m de explora\u00e7\u00e3o de madeira, contrabando de mangan\u00eas e cassiterita, grilagem de terras e avan\u00e7o do garimpo ilegal. As atividades est\u00e3o intimamente conectadas por meio da a\u00e7\u00e3o dessas organiza\u00e7\u00f5es criminosas e do uso dos mesmos portos e vias de escoamento.<\/p>\n<p>No caminho, comunidades tradicionais do estado sofrem com a viol\u00eancia gerada por essas atividades ilegais. Os dados obtidos com a Secretaria de Estado de Seguran\u00e7a P\u00fablica e Defesa Social do Par\u00e1 mostram aumento a cada ano dos crimes contra povos ind\u00edgenas e quilombolas entre 2017 e 2022. No total, foram 474 v\u00edtimas de crimes contra a vida, viola\u00e7\u00f5es sexuais e patrimoniais.<\/p>\n<h2><strong>Dados por estado<\/strong><\/h2>\n<p>No Cear\u00e1, pesquisadores criticam a forma como o governo estadual produz os dados. S\u00f3 foram disponibilizadas informa\u00e7\u00f5es gen\u00e9ricas sobre crimes ambientais, que totalizaram 6.995 ocorr\u00eancias entre 2017 e 2022. Mas n\u00e3o foi poss\u00edvel analisar os tipos criminais, os grupos atingidos ou perfil das v\u00edtimas.<\/p>\n<p>No Maranh\u00e3o, os principais problemas verificados foram as viola\u00e7\u00f5es aos biomas nativos da regi\u00e3o e explora\u00e7\u00e3o dos territ\u00f3rios de comunidades tradicionais para fins lucrativos. Entre 2020 a 2022, o estado teve aumento de 28,93% nos registros de crimes ambientais, com 2.568 ocorr\u00eancias. E os principais tipos s\u00e3o relacionados \u00e0 explora\u00e7\u00e3o ilegal de madeira e \u00e0 devasta\u00e7\u00e3o de floresta nativa.<\/p>\n<p>Em Pernambuco, crimes socioambientais cresceram nos \u00faltimos dois anos. Foram de 800 casos por ano para uma m\u00e9dia de mais de mil. As principais ocorr\u00eancias referem-se a inc\u00eandios florestais e maus tratos contra animais. Dados sobre quilombolas, ind\u00edgenas e outros povos tradicionais n\u00e3o foram enviados pela Secretaria de Defesa Social.<\/p>\n<p>No Rio de Janeiro, h\u00e1 destaque para a explora\u00e7\u00e3o das mil\u00edcias e redes do tr\u00e1fico de animais silvestres. Dados do Instituto de Seguran\u00e7a P\u00fablica mostram 21.476 casos de crimes ambientais 2017 e 2022. A capital do estado do Rio teve o maior n\u00famero de casos (4.783), com aumento de 52,23% entre 2017 e 2022. Os n\u00fameros s\u00e3o sete vezes maiores do que a segunda colocada, a cidade de Maric\u00e1, com 684 registros. O terceiro lugar ficou com Duque de Caxias (613 casos).<\/p>\n<p>Em S\u00e3o Paulo, h\u00e1 destaque para a expans\u00e3o da degrada\u00e7\u00e3o de territ\u00f3rios verdes ligados ao tr\u00e1fico de animais e constru\u00e7\u00f5es imobili\u00e1rias, al\u00e9m do caso peculiar de guerra pol\u00edtica contra as picha\u00e7\u00f5es como principais crimes socioambientais. Entre 2017 e 2022, foram 34.772 ocorr\u00eancias. Os crimes cometidos especificamente contra animais, florestas e picha\u00e7\u00f5es concentraram mais da metade dos registros (56,70%).<\/p>\n<p>The post <a rel=\"nofollow noopener\" href=\"https:\/\/www.infomoney.com.br\/politica\/pesquisa-traca-conexoes-entre-narcotrafico-e-crimes-ambientais-no-pais\/\" target=\"_blank\">Pesquisa tra\u00e7a conex\u00f5es entre narcotr\u00e1fico e crimes ambientais no pa\u00eds<\/a> appeared first on <a rel=\"nofollow noopener\" href=\"https:\/\/www.infomoney.com.br\/\" target=\"_blank\">InfoMoney<\/a>.<\/p>\n","protected":false},"excerpt":{"rendered":"<p><img loading=\"lazy\" decoding=\"async\" width=\"300\" height=\"200\" src=\"https:\/\/www.infomoney.com.br\/wp-content\/uploads\/2019\/09\/desmatamento-da-amazonia-.jpg?fit=300%2C200&amp;quality=70&amp;strip=all\" class=\"attachment-medium size-medium wp-post-image\" alt=\"\" data-attachment-id=\"1306667\" data-permalink=\"https:\/\/www.infomoney.com.br\/desmatamento-da-amazonia\/\" data-orig-file=\"https:\/\/www.infomoney.com.br\/wp-content\/uploads\/2019\/09\/desmatamento-da-amazonia-.jpg?fit=900%2C600&amp;quality=70&amp;strip=all\" data-orig-size=\"900,600\" data-comments-opened=\"1\" data-image-meta='{\"aperture\":\"0\",\"credit\":\"\",\"camera\":\"\",\"caption\":\"\",\"created_timestamp\":\"0\",\"copyright\":\"\",\"focal_length\":\"0\",\"iso\":\"0\",\"shutter_speed\":\"0\",\"title\":\"\",\"orientation\":\"0\"}' data-image-title=\"desmatamento-da-amazonia-\" data-image-description=\"\" data-image-caption=\"\" data-medium-file=\"https:\/\/www.infomoney.com.br\/wp-content\/uploads\/2019\/09\/desmatamento-da-amazonia-.jpg?fit=300%2C200&amp;quality=70&amp;strip=all\" data-large-file=\"https:\/\/www.infomoney.com.br\/wp-content\/uploads\/2019\/09\/desmatamento-da-amazonia-.jpg?fit=900%2C600&amp;quality=70&amp;strip=all\">Periferia e interior convivem com novas din\u00e2micas de quadrilhas<\/p>\n<p>The post <a rel=\"nofollow\" href=\"https:\/\/www.infomoney.com.br\/politica\/pesquisa-traca-conexoes-entre-narcotrafico-e-crimes-ambientais-no-pais\/\">Pesquisa tra\u00e7a conex\u00f5es entre narcotr\u00e1fico e crimes ambientais no pa\u00eds<\/a> appeared first on <a rel=\"nofollow\" href=\"https:\/\/www.infomoney.com.br\/\">InfoMoney<\/a>.<\/p>\n","protected":false},"author":44,"featured_media":0,"comment_status":"closed","ping_status":"closed","sticky":false,"template":"","format":"standard","meta":{"advgb_blocks_editor_width":"","advgb_blocks_columns_visual_guide":"","footnotes":""},"categories":[1484,34,950,47,769,932],"tags":[35],"class_list":["post-21381","post","type-post","status-publish","format-standard","hentry","category-crimes","category-g1","category-meio-ambiente","category-politica","category-trafico-de-drogas","category-violencia","tag-g1"],"author_meta":{"display_name":"Ag\u00eancia Brasil","author_link":"https:\/\/sindaopcpb.org.br\/author\/agencia-brasil\/"},"featured_img":null,"coauthors":[],"tax_additional":{"categories":{"linked":["<a href=\"https:\/\/sindaopcpb.org.br\/crimes\/\" class=\"advgb-post-tax-term\">Crimes<\/a>","<a href=\"https:\/\/sindaopcpb.org.br\/g1\/\" class=\"advgb-post-tax-term\">G1<\/a>","<a href=\"https:\/\/sindaopcpb.org.br\/meio-ambiente\/\" class=\"advgb-post-tax-term\">Meio Ambiente<\/a>","<a href=\"https:\/\/sindaopcpb.org.br\/politica\/\" class=\"advgb-post-tax-term\">POLITICA<\/a>","<a href=\"https:\/\/sindaopcpb.org.br\/trafico-de-drogas\/\" class=\"advgb-post-tax-term\">tr\u00e1fico de drogas<\/a>","<a href=\"https:\/\/sindaopcpb.org.br\/violencia\/\" class=\"advgb-post-tax-term\">Viol\u00eancia<\/a>"],"unlinked":["<span class=\"advgb-post-tax-term\">Crimes<\/span>","<span class=\"advgb-post-tax-term\">G1<\/span>","<span class=\"advgb-post-tax-term\">Meio Ambiente<\/span>","<span class=\"advgb-post-tax-term\">POLITICA<\/span>","<span class=\"advgb-post-tax-term\">tr\u00e1fico de drogas<\/span>","<span class=\"advgb-post-tax-term\">Viol\u00eancia<\/span>"]},"tags":{"linked":["<a href=\"https:\/\/sindaopcpb.org.br\/violencia\/\" class=\"advgb-post-tax-term\">g1<\/a>"],"unlinked":["<span class=\"advgb-post-tax-term\">g1<\/span>"]}},"comment_count":"0","relative_dates":{"created":"Publicado 3 anos atr\u00e1s","modified":"Atualizado 3 anos atr\u00e1s"},"absolute_dates":{"created":"Publicado em 19 de junho de 2023","modified":"Atualizado em 19 de junho de 2023"},"absolute_dates_time":{"created":"Publicado em 19 de junho de 2023 09:50","modified":"Atualizado em 19 de junho de 2023 09:50"},"featured_img_caption":"","series_order":"","_links":{"self":[{"href":"https:\/\/sindaopcpb.org.br\/index.php\/wp-json\/wp\/v2\/posts\/21381","targetHints":{"allow":["GET"]}}],"collection":[{"href":"https:\/\/sindaopcpb.org.br\/index.php\/wp-json\/wp\/v2\/posts"}],"about":[{"href":"https:\/\/sindaopcpb.org.br\/index.php\/wp-json\/wp\/v2\/types\/post"}],"author":[{"embeddable":true,"href":"https:\/\/sindaopcpb.org.br\/index.php\/wp-json\/wp\/v2\/users\/44"}],"replies":[{"embeddable":true,"href":"https:\/\/sindaopcpb.org.br\/index.php\/wp-json\/wp\/v2\/comments?post=21381"}],"version-history":[{"count":1,"href":"https:\/\/sindaopcpb.org.br\/index.php\/wp-json\/wp\/v2\/posts\/21381\/revisions"}],"predecessor-version":[{"id":21382,"href":"https:\/\/sindaopcpb.org.br\/index.php\/wp-json\/wp\/v2\/posts\/21381\/revisions\/21382"}],"wp:attachment":[{"href":"https:\/\/sindaopcpb.org.br\/index.php\/wp-json\/wp\/v2\/media?parent=21381"}],"wp:term":[{"taxonomy":"category","embeddable":true,"href":"https:\/\/sindaopcpb.org.br\/index.php\/wp-json\/wp\/v2\/categories?post=21381"},{"taxonomy":"post_tag","embeddable":true,"href":"https:\/\/sindaopcpb.org.br\/index.php\/wp-json\/wp\/v2\/tags?post=21381"}],"curies":[{"name":"wp","href":"https:\/\/api.w.org\/{rel}","templated":true}]}}