{"id":21336,"date":"2023-06-18T17:13:46","date_gmt":"2023-06-18T20:13:46","guid":{"rendered":"https:\/\/g1.globo.com\/pb\/paraiba\/noticia\/2023\/06\/18\/saiba-onde-se-vacinar-contra-influenza-e-covid-19-em-joao-pessoa-nesta-segunda-19.ghtml"},"modified":"2023-06-18T17:13:46","modified_gmt":"2023-06-18T20:13:46","slug":"saiba-onde-se-vacinar-contra-influenza-e-covid-19-em-joao-pessoa-nesta-segunda-19","status":"publish","type":"post","link":"https:\/\/sindaopcpb.org.br\/index.php\/2023\/06\/18\/saiba-onde-se-vacinar-contra-influenza-e-covid-19-em-joao-pessoa-nesta-segunda-19\/","title":{"rendered":"Saiba onde se vacinar contra Influenza e Covid-19 em Jo\u00e3o Pessoa nesta segunda (19)"},"content":{"rendered":"   <img src=\"https:\/\/s2.glbimg.com\/i8bLnK3Sn7_jBYGKVstzZD0svNM=\/i.s3.glbimg.com\/v1\/AUTH_59edd422c0c84a879bd37670ae4f538a\/internal_photos\/bs\/2022\/r\/0\/EOaA2GTWGL5bmfkPSSSg\/092f9a5f-6a9b-43c4-83e6-2d9255fbf2c6.jpg\" \/><br \/>     Tamb\u00e9m est\u00e3o dispon\u00edveis todas as vacinas do Programa Nacional de Imuniza\u00e7\u00e3o (PNI) para atualiza\u00e7\u00e3o da caderneta de vacina\u00e7\u00e3o. Vacina contra Covid-19 em Jo\u00e3o Pessoa\nDivulga\u00e7\u00e3o\/Secom-JP\nA Prefeitura de Jo\u00e3o Pessoa segue, nesta segunda-feira (19), com a vacina\u00e7\u00e3o contra Covid-19 e Influenza no per\u00edodo das 7h \u00e0s 22h. Tamb\u00e9m est\u00e1 dispon\u00edvel a atualiza\u00e7\u00e3o do calend\u00e1rio de rotina, com todas as vacinas dispon\u00edveis no Sistema \u00danico de Sa\u00fade (SUS).\nAs vacinas est\u00e3o dispon\u00edveis nas unidades de sa\u00fade da fam\u00edlia a partir das 7h. O Centro de Imuniza\u00e7\u00e3o e as policl\u00ednicas municipais funcionam a partir das 8h e o ponto fixo instalado no Mangabeira Shopping, que atende aos usu\u00e1rios no formato drive-thru, funciona das 13h \u00e0s 22h. H\u00e1 ainda um ponto de apoio para preven\u00e7\u00e3o no Espa\u00e7o Cultural Jos\u00e9 Lins do Rego, que funciona das 9h \u00e0s 20h.\nTodos os imunizantes dispon\u00edveis podem ser aplicados simultaneamente com quaisquer outras vacinas que fazem parte do calend\u00e1rio de rotina, em qualquer intervalo de tempo, na faixa et\u00e1ria de seis meses de idade ou mais.\nVacina\u00e7\u00e3o contra Covid-19\nCrian\u00e7as a partir dos seis meses a 2 anos (sem agendamento)\n1\u00aa dose: Pfizer-BioNTech baby\n2\u00aa dose: Pfizer-BioNTech baby (28 dias)\n3\u00aa dose: Pfizer-BioNTech baby (60 dias)\nSalas de vacinas nas USFs \u2013 7h \u00e0s 11h e das 12h \u00e0s 16h\nPolicl\u00ednicas Municipais \u2013 8h \u00e0s 16h\n(Policl\u00ednica de Mangabeira funciona das 7h \u00e0s 11h e das 12h \u00e0s 16h30)\nCentro Municipal de Imuniza\u00e7\u00e3o \u2013 8h \u00e0s 16h\nMangabeira Shopping \u2013 13h \u00e0s 22h (todos os p\u00fablicos \u2013 drive-thru)\nCrian\u00e7as de 3 e 4 anos (sem agendamento)\n1\u00aa dose: Pfizer-BioNTech baby\n2\u00aa dose: Pfizer-BioNTech baby (28 dias)\n3\u00aa dose: Pfizer-BioNTech baby (60 dias)\nSalas de vacinas nas USFs \u2013 7h \u00e0s 11h e das 12h \u00e0s 16h\nPolicl\u00ednicas Municipais \u2013 8h \u00e0s 16h\n (Policl\u00ednica de Mangabeira funciona das 7h \u00e0s 11h e das 12h \u00e0s 16h30)\nCentro Municipal de Imuniza\u00e7\u00e3o \u2013 8h \u00e0s 16h\nMangabeira Shopping \u2013 13h \u00e0s 22h (todos os p\u00fablicos \u2013 drive-thru)\nCrian\u00e7as a partir dos 5 a 11 anos (sem agendamento)\n1\u00aa dose: Pfizer pedi\u00e1trica\n2\u00aa dose: Pfizer pedi\u00e1trica (56 dias)\n3\u00aa dose: Pfizer pedi\u00e1trica (120 dias)\nSalas de vacinas nas USFs*\u2013 7h \u00e0s 11h e das 12h \u00e0s 16h\nPolicl\u00ednicas Municipais \u2013 8h \u00e0s 16h\n(Policl\u00ednica de Mangabeira funciona das 7h \u00e0s 11h e das 12h \u00e0s 16h30)\nCentro Municipal de Imuniza\u00e7\u00e3o \u2013 8h \u00e0s 16h\nMangabeira Shopping \u2013 13h \u00e0s 22h (todos os p\u00fablicos \u2013 drive-thru)\nA partir de 12 anos (sem agendamento)\n1\u00aa dose: 12+\n2\u00aa dose: Janssen, Astrazeneca (60 dias) e Pfizer (60 dias)\n3\u00aa dose: 12+ (ap\u00f3s 120 dias da 2\u00aa dose); imunossuprimidos (ap\u00f3s 28 dias da 2\u00aa dose); e trabalhadores de sa\u00fade (ap\u00f3s 120 dias da 2\u00aa dose)\n4\u00aa dose: 30+ (ap\u00f3s 120 dias da 3\u00aa dose); trabalhadores de sa\u00fade (ap\u00f3s 120 dias da 2\u00aa dose); imunossuprimidos (ap\u00f3s 120 dias da 3\u00aa dose)\nSalas de vacinas nas USFs*\u2013 7h \u00e0s 11h e das 12h \u00e0s 16h\nCentro Municipal de Imuniza\u00e7\u00e3o \u2013 8h \u00e0s 16h\nMangabeira Shopping \u2013 13h \u00e0s 22h (todos os p\u00fablicos \u2013 drive-thru)\nCom a Pfizer Bivalente (sem agendamento)\nP\u00fablico geral acima de 18 anos, pessoas com defici\u00eancia, imunocom-prometidas e com comorbidades acima de 12 anos, gestantes, pu\u00e9rpe-ras e trabalhadores da sa\u00fade\n1\u00aa dose: Dose \u00fanica de refor\u00e7o\nPolicl\u00ednicas Municipais \u2013 8h \u00e0s 16h\n(Policl\u00ednica de Mangabeira funciona das 7h \u00e0s 11h e das 12h \u00e0s 16h30)\nCentro Municipal de Imuniza\u00e7\u00e3o \u2013 8h \u00e0s 16h\nUnidades de Sa\u00fade da Fam\u00edlia \u2013 7h \u00e0s 11h e das 12h \u00e0s 16h\nMangabeira Shopping \u2013 13h \u00e0s 22h (todos os p\u00fablicos \u2013 drive-thru)\nVacina\u00e7\u00e3o Domiciliar\nPessoas acamadas e restritas ao leito que fazem parte do grupo priorit\u00e1rio\nAgendamento: (83) 98645-7727\nHor\u00e1rio: 8h \u00e0s 16h (de segunda a sexta-feira)\nN]apo haver\u00e1 vacina\u00e7\u00e3o nas USFs Alto do C\u00e9u II, Roger III, Cruz das Armas IV e Jar-dim Planalto.\nV\u00eddeos mais assistidos do g1 Para\u00edba  ","protected":false},"excerpt":{"rendered":"<p>        Tamb\u00e9m est\u00e3o dispon\u00edveis todas as vacinas do Programa Nacional de Imuniza\u00e7\u00e3o (PNI) para atualiza\u00e7\u00e3o da caderneta de vacina\u00e7\u00e3o. Vacina contra Covid-19 em Jo\u00e3o Pessoa<br \/>\nDivulga\u00e7\u00e3o\/Secom-JP<br \/>\nA Prefeitura de Jo\u00e3o Pessoa segue, nesta segunda-feira (19)&#8230;<\/p>\n","protected":false},"author":2,"featured_media":0,"comment_status":"closed","ping_status":"closed","sticky":false,"template":"","format":"standard","meta":{"advgb_blocks_editor_width":"","advgb_blocks_columns_visual_guide":"","footnotes":""},"categories":[34],"tags":[35],"class_list":["post-21336","post","type-post","status-publish","format-standard","hentry","category-g1","tag-g1"],"author_meta":{"display_name":"g1 &gt; Para\u00edba","author_link":"https:\/\/sindaopcpb.org.br\/author\/g1-paraiba\/"},"featured_img":null,"coauthors":[],"tax_additional":{"categories":{"linked":["<a href=\"https:\/\/sindaopcpb.org.br\/g1\/\" class=\"advgb-post-tax-term\">G1<\/a>"],"unlinked":["<span class=\"advgb-post-tax-term\">G1<\/span>"]},"tags":{"linked":["<a href=\"https:\/\/sindaopcpb.org.br\/g1\/\" class=\"advgb-post-tax-term\">g1<\/a>"],"unlinked":["<span class=\"advgb-post-tax-term\">g1<\/span>"]}},"comment_count":"0","relative_dates":{"created":"Publicado 3 anos atr\u00e1s","modified":"Atualizado 3 anos atr\u00e1s"},"absolute_dates":{"created":"Publicado em 18 de junho de 2023","modified":"Atualizado em 18 de junho de 2023"},"absolute_dates_time":{"created":"Publicado em 18 de junho de 2023 17:13","modified":"Atualizado em 18 de junho de 2023 17:13"},"featured_img_caption":"","series_order":"","_links":{"self":[{"href":"https:\/\/sindaopcpb.org.br\/index.php\/wp-json\/wp\/v2\/posts\/21336","targetHints":{"allow":["GET"]}}],"collection":[{"href":"https:\/\/sindaopcpb.org.br\/index.php\/wp-json\/wp\/v2\/posts"}],"about":[{"href":"https:\/\/sindaopcpb.org.br\/index.php\/wp-json\/wp\/v2\/types\/post"}],"author":[{"embeddable":true,"href":"https:\/\/sindaopcpb.org.br\/index.php\/wp-json\/wp\/v2\/users\/2"}],"replies":[{"embeddable":true,"href":"https:\/\/sindaopcpb.org.br\/index.php\/wp-json\/wp\/v2\/comments?post=21336"}],"version-history":[{"count":1,"href":"https:\/\/sindaopcpb.org.br\/index.php\/wp-json\/wp\/v2\/posts\/21336\/revisions"}],"predecessor-version":[{"id":21337,"href":"https:\/\/sindaopcpb.org.br\/index.php\/wp-json\/wp\/v2\/posts\/21336\/revisions\/21337"}],"wp:attachment":[{"href":"https:\/\/sindaopcpb.org.br\/index.php\/wp-json\/wp\/v2\/media?parent=21336"}],"wp:term":[{"taxonomy":"category","embeddable":true,"href":"https:\/\/sindaopcpb.org.br\/index.php\/wp-json\/wp\/v2\/categories?post=21336"},{"taxonomy":"post_tag","embeddable":true,"href":"https:\/\/sindaopcpb.org.br\/index.php\/wp-json\/wp\/v2\/tags?post=21336"}],"curies":[{"name":"wp","href":"https:\/\/api.w.org\/{rel}","templated":true}]}}