{"id":21280,"date":"2023-06-18T04:02:54","date_gmt":"2023-06-18T07:02:54","guid":{"rendered":"https:\/\/g1.globo.com\/pb\/paraiba\/sao-joao\/2023\/noticia\/2023\/06\/18\/murilo-huff-estreia-no-sao-joao-de-campina-grande-e-celebra-espaco-nas-festas-juninas-nordeste-abracou-meu-trabalho.ghtml"},"modified":"2023-06-18T04:02:54","modified_gmt":"2023-06-18T07:02:54","slug":"murilo-huff-estreia-no-sao-joao-de-campina-grande-e-celebra-espaco-nas-festas-juninas-nordeste-abracou-meu-trabalho","status":"publish","type":"post","link":"https:\/\/sindaopcpb.org.br\/index.php\/2023\/06\/18\/murilo-huff-estreia-no-sao-joao-de-campina-grande-e-celebra-espaco-nas-festas-juninas-nordeste-abracou-meu-trabalho\/","title":{"rendered":"Murilo Huff estreia no S\u00e3o Jo\u00e3o de Campina Grande e celebra espa\u00e7o nas festas juninas: \u2018Nordeste abra\u00e7ou meu trabalho\u2019"},"content":{"rendered":"   <img src=\"https:\/\/s2.glbimg.com\/8lK5PgNltCBGJUli6IxIt1kLqXU=\/i.s3.glbimg.com\/v1\/AUTH_59edd422c0c84a879bd37670ae4f538a\/internal_photos\/bs\/2023\/I\/I\/LvGoOfTbeiPVbrBqBbSA\/img-4232.jpeg\" \/><br \/>     Cantor de sertanejo foi a \u00faltima atra\u00e7\u00e3o a se apresentar na noite e celebrou a estreia na festa junina da cidade. Murilo Huff no S\u00e3o Jo\u00e3o 2023 de Campina Grande\nErickson Nogueira\/g1\nO cantor Murilo Huff se apresentou pela primeira vez no S\u00e3o Jo\u00e3o de Campina Grande, Agreste da Para\u00edba, no in\u00edcio da madrugada deste domingo (18), e, antes de subir ao palco, o cantor comentou sobre a estreia na festa junina da cidade e sobre a aceita\u00e7\u00e3o de seu trabalho na regi\u00e3o nordestina.\n\u201cSem palavras para descrever a sensa\u00e7\u00e3o de poder estar aqui. [Me sinto bem] demais! O Nordeste abra\u00e7ou o meu trabalho de uma maneira muito especial, e eu s\u00f3 tenho a agradecer. Sou muito grato a todo o p\u00fablico\u201d, comentou Murilo.\nCompartilhe no WhatsApp\nCompartilhe no Telegram\nEm entrevista no camarim, Murilo Huff projetou entregar uma variedade de estilos musicais no palco principal do Parque do Povo, com predomin\u00e2ncia de seu estilo nativo, o sertanejo, mas que prepararia algumas vers\u00f5es de forr\u00f3 para o show. \n\u201cMuita m\u00fasica boa, muito sertanejo, trazer um pouco da m\u00fasica sertaneja para uma festa tipicamente do forr\u00f3. \u00c9 muito gostoso essa intera\u00e7\u00e3o entre ritmos. \u00c9 uma cultura diferente que a gente est\u00e1 trazendo para o S\u00e3o Jo\u00e3o\u201d, projetou Huff.\nMurilo Huff no S\u00e3o Jo\u00e3o 2023 de Campina Grande\nErickson Nogueira\/g1\nO cantor apresentou m\u00fasicas como \u201cDesejando Eu\u201d, \u201cUma Ex\u201d e \u201cIdiota Favorito\u201d, empolgando os f\u00e3s que estavam presentes no show. No decorrer da apresenta\u00e7\u00e3o de Murilo Huff, o cantor tamb\u00e9m cantou a m\u00fasica \u201cDois Enganados\u201d, que gravou com Mar\u00edlia Mendon\u00e7a, e no show o cantor dividiu a can\u00e7\u00e3o com a voz gravada de Mar\u00edlia, e no fim da m\u00fasica Murilo Huff pediu aplausos para a cantora, que morreu em novembro de 2021 em um acidente a\u00e9reo.\nNo fim da apresenta\u00e7\u00e3o de Murilo Huff, o cantor desceu do palco e come\u00e7ou a cantar a m\u00fasica \u201cPode Chorar\u201d, enquanto caminhava pelo p\u00fablico e cumprimentava os f\u00e3s que prestigiavam o show do artista. O show de Murilo encerrou \u00e0s 3h.\nLEIA TAMB\u00c9M:\nSHOWS: confira a programa\u00e7\u00e3o completa do S\u00e3o Jo\u00e3o 2023 de Campina Grande\nS\u00c3O JO\u00c3O: saiba tudo sobre as festas juninas em 2023 na Para\u00edba\nDorgival Dantas e Z\u00e9 Cantor entregam muito forr\u00f3 no Parque do Povo\nDorgival Dantas no S\u00e3o Jo\u00e3o 2023 de Campina Grande\nErickson Nogueira\/g1\nAntes da apresenta\u00e7\u00e3o de Murilo Huff, subiram ao palco principal do S\u00e3o Jo\u00e3o de Campina Grande os cantores Dorgival Dantas e Z\u00e9 Cantor. S\u00edmbolo do forr\u00f3, junto de sua sanfona, Dorgival cantou sucessos de sua carreira e emocionou o p\u00fablico que prestigiava o seu show na festa.\nSucessos como \u201cDest\u00e1\u201d, \u201cTarde Demais\u201d e \u201cCora\u00e7\u00e3o\u201d estiveram presentes no repert\u00f3rio do artista, que, al\u00e9m de can\u00e7\u00f5es que eternizaram sua carreira na m\u00fasica brasileira, tamb\u00e9m fez vers\u00f5es de m\u00fasicas atuais e tamb\u00e9m internacionais.\nAssim como em 2022, Dorgival Dantas tocou 'Love of My Life', can\u00e7\u00e3o da banda Queen, em sua apresenta\u00e7\u00e3o no S\u00e3o Jo\u00e3o 2023 de Campina Grande, no Parque do Povo. O p\u00fablico acompanhou a sanfona do artista e cantou a m\u00fasica.\nLogo ap\u00f3s a apresenta\u00e7\u00e3o de Dorgival, quem subiu ao palco principal do Parque do Povo foi Z\u00e9 Cantor, que celebrou a participa\u00e7\u00e3o em mais uma edi\u00e7\u00e3o no S\u00e3o Jo\u00e3o de Campina Grande e, assim como outros artistas, defendeu a participa\u00e7\u00e3o do forr\u00f3 tradicional nas festas juninas.\n\u201cSou forrozeiro, sou cantor de forr\u00f3, e sou muito feliz e prazer em poder cantar forr\u00f3\u201d, disse Z\u00e9 Cantor.\nZ\u00e9 Cantor no S\u00e3o Jo\u00e3o 2023 de Campina Grande\nErickson Nogueira\/g1\nPrograma\u00e7\u00e3o\nO S\u00e3o Jo\u00e3o 2023 de Campina Grande volta com shows no palco principal do Parque do Povo na ter\u00e7a-feira (20), com programa\u00e7\u00e3o religiosa de Padre F\u00e1bio de Melo e Elson J\u00fanior. As apresenta\u00e7\u00f5es no palco principal do Parque do Povo come\u00e7am \u00e0s 19h e seguem at\u00e9 as 23h.\nV\u00eddeos mais assistidos do g1 Para\u00edba  ","protected":false},"excerpt":{"rendered":"<p>        Cantor de sertanejo foi a \u00faltima atra\u00e7\u00e3o a se apresentar na noite e celebrou a estreia na festa junina da cidade. Murilo Huff no S\u00e3o Jo\u00e3o 2023 de Campina Grande<br \/>\nErickson Nogueira\/g1<br \/>\nO cantor Murilo Huff se apresentou pela primeira vez no S\u00e3o Jo&#8230;<\/p>\n","protected":false},"author":2,"featured_media":0,"comment_status":"closed","ping_status":"closed","sticky":false,"template":"","format":"standard","meta":{"advgb_blocks_editor_width":"","advgb_blocks_columns_visual_guide":"","footnotes":""},"categories":[34],"tags":[35],"class_list":["post-21280","post","type-post","status-publish","format-standard","hentry","category-g1","tag-g1"],"author_meta":{"display_name":"g1 &gt; Para\u00edba","author_link":"https:\/\/sindaopcpb.org.br\/author\/g1-paraiba\/"},"featured_img":null,"coauthors":[],"tax_additional":{"categories":{"linked":["<a href=\"https:\/\/sindaopcpb.org.br\/g1\/\" class=\"advgb-post-tax-term\">G1<\/a>"],"unlinked":["<span class=\"advgb-post-tax-term\">G1<\/span>"]},"tags":{"linked":["<a href=\"https:\/\/sindaopcpb.org.br\/g1\/\" class=\"advgb-post-tax-term\">g1<\/a>"],"unlinked":["<span class=\"advgb-post-tax-term\">g1<\/span>"]}},"comment_count":"0","relative_dates":{"created":"Publicado 3 anos atr\u00e1s","modified":"Atualizado 3 anos atr\u00e1s"},"absolute_dates":{"created":"Publicado em 18 de junho de 2023","modified":"Atualizado em 18 de junho de 2023"},"absolute_dates_time":{"created":"Publicado em 18 de junho de 2023 04:02","modified":"Atualizado em 18 de junho de 2023 04:02"},"featured_img_caption":"","series_order":"","_links":{"self":[{"href":"https:\/\/sindaopcpb.org.br\/index.php\/wp-json\/wp\/v2\/posts\/21280","targetHints":{"allow":["GET"]}}],"collection":[{"href":"https:\/\/sindaopcpb.org.br\/index.php\/wp-json\/wp\/v2\/posts"}],"about":[{"href":"https:\/\/sindaopcpb.org.br\/index.php\/wp-json\/wp\/v2\/types\/post"}],"author":[{"embeddable":true,"href":"https:\/\/sindaopcpb.org.br\/index.php\/wp-json\/wp\/v2\/users\/2"}],"replies":[{"embeddable":true,"href":"https:\/\/sindaopcpb.org.br\/index.php\/wp-json\/wp\/v2\/comments?post=21280"}],"version-history":[{"count":1,"href":"https:\/\/sindaopcpb.org.br\/index.php\/wp-json\/wp\/v2\/posts\/21280\/revisions"}],"predecessor-version":[{"id":21281,"href":"https:\/\/sindaopcpb.org.br\/index.php\/wp-json\/wp\/v2\/posts\/21280\/revisions\/21281"}],"wp:attachment":[{"href":"https:\/\/sindaopcpb.org.br\/index.php\/wp-json\/wp\/v2\/media?parent=21280"}],"wp:term":[{"taxonomy":"category","embeddable":true,"href":"https:\/\/sindaopcpb.org.br\/index.php\/wp-json\/wp\/v2\/categories?post=21280"},{"taxonomy":"post_tag","embeddable":true,"href":"https:\/\/sindaopcpb.org.br\/index.php\/wp-json\/wp\/v2\/tags?post=21280"}],"curies":[{"name":"wp","href":"https:\/\/api.w.org\/{rel}","templated":true}]}}