{"id":21278,"date":"2023-06-17T18:43:35","date_gmt":"2023-06-17T21:43:35","guid":{"rendered":"https:\/\/g1.globo.com\/pb\/paraiba\/noticia\/2023\/06\/17\/tres-pessoas-sao-mortas-em-praca-de-aroeiras-na-paraiba.ghtml"},"modified":"2023-06-17T18:43:35","modified_gmt":"2023-06-17T21:43:35","slug":"tres-pessoas-sao-mortas-em-praca-de-aroeiras-na-paraiba","status":"publish","type":"post","link":"https:\/\/sindaopcpb.org.br\/index.php\/2023\/06\/17\/tres-pessoas-sao-mortas-em-praca-de-aroeiras-na-paraiba\/","title":{"rendered":"Tr\u00eas pessoas s\u00e3o mortas em pra\u00e7a de Aroeiras, na Para\u00edba"},"content":{"rendered":"    Caso aconteceu na manh\u00e3 deste s\u00e1bado (17), no Agreste do estado. Tr\u00eas pessoas foram mortas a tiros e duas ficaram feridas, na manh\u00e3 deste s\u00e1bado (17), na cidade de Aroeiras, no Agreste da Para\u00edba. \nSegundo informa\u00e7\u00f5es da pol\u00edcia, os criminosos primeiro atiraram na m\u00e3o de um homem na casa dele, depois seguiram para a pra\u00e7a da cidade dentro de um ve\u00edculo e atiraram, executando tr\u00eas das quatro v\u00edtimas e ferindo outra na perna.\nA investiga\u00e7\u00e3o suspeita que a motiva\u00e7\u00e3o do crime seja uma disputa entre fac\u00e7\u00f5es, mas n\u00e3o se sabe se as v\u00edtimas tinham antecedentes criminais. At\u00e9 a produ\u00e7\u00e3o desta not\u00edcia, apenas duas v\u00edtimas foram identificadas.\nTr\u00eas v\u00edtimas que foram atingidas na pra\u00e7a n\u00e3o resistiram aos ferimentos e as outras v\u00edtimas foram encaminhadas para o Hospital de Trauma em Campina Grande. Uma das v\u00edtimas, que tem 31 anos, passou por procedimentos m\u00e9dicos de emerg\u00eancia e seu estado cl\u00ednico \u00e9 grave. J\u00e1 a segunda v\u00edtima, de 50 anos, tamb\u00e9m passou por procedimentos m\u00e9dicos e est\u00e1 est\u00e1vel.\nV\u00eddeos mais assistidos do g1 Para\u00edba  ","protected":false},"excerpt":{"rendered":"<p>    Caso aconteceu na manh\u00e3 deste s\u00e1bado (17), no Agreste do estado. Tr\u00eas pessoas foram mortas a tiros e duas ficaram feridas, na manh\u00e3 deste s\u00e1bado (17), na cidade de Aroeiras, no Agreste da Para\u00edba.<br \/>\nSegundo informa\u00e7\u00f5es da pol\u00edcia, os criminosos prim&#8230;<\/p>\n","protected":false},"author":2,"featured_media":0,"comment_status":"closed","ping_status":"closed","sticky":false,"template":"","format":"standard","meta":{"advgb_blocks_editor_width":"","advgb_blocks_columns_visual_guide":"","footnotes":""},"categories":[34],"tags":[35],"class_list":["post-21278","post","type-post","status-publish","format-standard","hentry","category-g1","tag-g1"],"author_meta":{"display_name":"g1 &gt; Para\u00edba","author_link":"https:\/\/sindaopcpb.org.br\/author\/g1-paraiba\/"},"featured_img":null,"coauthors":[],"tax_additional":{"categories":{"linked":["<a href=\"https:\/\/sindaopcpb.org.br\/g1\/\" class=\"advgb-post-tax-term\">G1<\/a>"],"unlinked":["<span class=\"advgb-post-tax-term\">G1<\/span>"]},"tags":{"linked":["<a href=\"https:\/\/sindaopcpb.org.br\/g1\/\" class=\"advgb-post-tax-term\">g1<\/a>"],"unlinked":["<span class=\"advgb-post-tax-term\">g1<\/span>"]}},"comment_count":"0","relative_dates":{"created":"Publicado 3 anos atr\u00e1s","modified":"Atualizado 3 anos atr\u00e1s"},"absolute_dates":{"created":"Publicado em 17 de junho de 2023","modified":"Atualizado em 17 de junho de 2023"},"absolute_dates_time":{"created":"Publicado em 17 de junho de 2023 18:43","modified":"Atualizado em 17 de junho de 2023 18:43"},"featured_img_caption":"","series_order":"","_links":{"self":[{"href":"https:\/\/sindaopcpb.org.br\/index.php\/wp-json\/wp\/v2\/posts\/21278","targetHints":{"allow":["GET"]}}],"collection":[{"href":"https:\/\/sindaopcpb.org.br\/index.php\/wp-json\/wp\/v2\/posts"}],"about":[{"href":"https:\/\/sindaopcpb.org.br\/index.php\/wp-json\/wp\/v2\/types\/post"}],"author":[{"embeddable":true,"href":"https:\/\/sindaopcpb.org.br\/index.php\/wp-json\/wp\/v2\/users\/2"}],"replies":[{"embeddable":true,"href":"https:\/\/sindaopcpb.org.br\/index.php\/wp-json\/wp\/v2\/comments?post=21278"}],"version-history":[{"count":1,"href":"https:\/\/sindaopcpb.org.br\/index.php\/wp-json\/wp\/v2\/posts\/21278\/revisions"}],"predecessor-version":[{"id":21279,"href":"https:\/\/sindaopcpb.org.br\/index.php\/wp-json\/wp\/v2\/posts\/21278\/revisions\/21279"}],"wp:attachment":[{"href":"https:\/\/sindaopcpb.org.br\/index.php\/wp-json\/wp\/v2\/media?parent=21278"}],"wp:term":[{"taxonomy":"category","embeddable":true,"href":"https:\/\/sindaopcpb.org.br\/index.php\/wp-json\/wp\/v2\/categories?post=21278"},{"taxonomy":"post_tag","embeddable":true,"href":"https:\/\/sindaopcpb.org.br\/index.php\/wp-json\/wp\/v2\/tags?post=21278"}],"curies":[{"name":"wp","href":"https:\/\/api.w.org\/{rel}","templated":true}]}}