{"id":21253,"date":"2023-06-17T14:08:26","date_gmt":"2023-06-17T17:08:26","guid":{"rendered":"https:\/\/g1.globo.com\/pb\/paraiba\/sao-joao\/2023\/noticia\/2023\/06\/17\/santanna-faz-desabafo-no-sao-joao-de-bananeiras-em-favor-do-forro-tradicional-vamos-cuidar-com-carinho.ghtml"},"modified":"2023-06-17T14:08:26","modified_gmt":"2023-06-17T17:08:26","slug":"santanna-faz-desabafo-no-sao-joao-de-bananeiras-em-favor-do-forro-tradicional-vamos-cuidar-com-carinho","status":"publish","type":"post","link":"https:\/\/sindaopcpb.org.br\/index.php\/2023\/06\/17\/santanna-faz-desabafo-no-sao-joao-de-bananeiras-em-favor-do-forro-tradicional-vamos-cuidar-com-carinho\/","title":{"rendered":"Santanna faz desabafo no S\u00e3o Jo\u00e3o de Bananeiras em favor do forr\u00f3 tradicional: &#8216;vamos cuidar com carinho&#8217;"},"content":{"rendered":"   <img src=\"https:\/\/s2.glbimg.com\/8-wJAsgBy8nSHjaVcNLoEy3ZRvI=\/i.s3.glbimg.com\/v1\/AUTH_59edd422c0c84a879bd37670ae4f538a\/internal_photos\/bs\/2022\/Q\/E\/p9PAAXRpmV7aZTBI3aGA\/img-1755.jpg\" \/><br \/>     Show fez parte da abertura do S\u00e3o Jo\u00e3o 2023 na cidade do Brejo paraibano. Fl\u00e1vio Jos\u00e9 tamb\u00e9m subiu ao palco em noite marcada pelo 'forr\u00f3 raiz'. Santanna faz desabafo no S\u00e3o Jo\u00e3o de Bananeiras em favor do forr\u00f3 tradicional\nO cantor e forrozeiro Santanna, subiu ao palco do S\u00e3o Jo\u00e3o 2023 de Bananeiras, na Para\u00edba, na noite desta sexta-feira (16). Durante o show de abertura da festa na cidade do Brejo paraibano, o cearense fez um desabafo em favor do forr\u00f3 tradicional nas festas juninas do Nordeste. \n\"Essa festa se tornou grande desse jeito porque \u00e9 diferente. Quando voc\u00ea \u00e9 diferente, voc\u00ea \u00e9 rapidamente notado. Isso \u00e9 um presente que nossos pais e nossos av\u00f3s nos deram, ent\u00e3o vamos cuidar com carinho, porque quem n\u00e3o sabe ter, at\u00e9 o que tem lhe ser\u00e1 tirado, isso \u00e9 b\u00edblico\", desabafou Santanna. \nAo som da m\u00fasica Si\u00e1 Fili\u00e7a, dos compositores paraibanos Bira e F\u00e1tima Marcolino, Santanna fez analogias para lembrar que o momento \u00e9 t\u00edpico do Nordeste e deve ser valorizado como tal. \nSantanna no S\u00e3o Jo\u00e3o 2022 de Campina Grande\nBruna Couto\/g1\n\"Voc\u00eas j\u00e1 pensaram o que \u00e9 uma canjica, um milho assado, at\u00e9 o p\u00e9 de moleque, uma pamonha, e de repente isso ser substitu\u00eddo por hamb\u00farguer? Em plena festa junina? N\u00e3o vamos deixar isso acontecer n\u00e3o, pelo amor de Deus. N\u00f3s somos isso aqui, quando a gente come\u00e7a a imitar outra cultura, n\u00f3s n\u00e3o vamos passar de imitadores ruins\", disse Santanna, ao som do fole da sanfona.\nA abertura do S\u00e3o Jo\u00e3o 2023 de Bananeiras contou ainda com show de Fl\u00e1vio Jos\u00e9, para marcar uma noite de 'forr\u00f3 raiz'. \nTamb\u00e9m subiu ao palco do Bananeira's Park, uma \u00e1rea na \u2018Cidade Alta\u2019 de Bananeiras, \u00e0s margens da PB-103 (sentido Bananeiras-Dona In\u00eas), Taty Girl e Adu\u00edlio Mendes.\nEmbora a cr\u00edtica fa\u00e7a refer\u00eancia, principalmente, \u00e0s programa\u00e7\u00f5es das festas juninas da Para\u00edba que inclu\u00edram ritmos diferentes do forr\u00f3, Santanna n\u00e3o culpa os artistas, mas responsabiliza os gestores. \"O artista n\u00e3o tem o poder de obrigar um contratante a contrat\u00e1-lo, agora cabe aos gestores cuidarem da nossa cultura popular\", disse.\nFazendo compara\u00e7\u00e3o com uma festa de anivers\u00e1rio, o m\u00fasico cearense pediu que a festa nordestina fosse comemorada por quem faz a pr\u00f3pria festa. \n\"Voc\u00eas imaginem o que \u00e9, na sua festa de anivers\u00e1rio, na hora de cantar os parab\u00e9ns e apagar a vela, quem faz isso \u00e9 um convidado. Voc\u00ea \u00e9 retirado do momento e no dia do seu anivers\u00e1rio voc\u00ea n\u00e3o tem o direito de cantar o parab\u00e9ns, nem de apagar a vela. \u00c9 o que pode acontecer e o que est\u00e1 acontecendo em alguns lugares\", enfatiza. \nFl\u00e1vio Jos\u00e9 no S\u00e3o Jo\u00e3o 2023 de Campina Grande\nErickson Nogueira\/g1\nCr\u00edtica fundamentada por desabafo de Fl\u00e1vio Jos\u00e9\nA cr\u00edtica vem duas semanas depois do paraibano Fl\u00e1vio Jos\u00e9 reclamar de ter tido o tempo de show diminu\u00eddo no Maior S\u00e3o Jo\u00e3o do Mundo, em Campina Grande, no dia 2 de junho. \nO artista reclamou de ter que diminuir o tamanho do show, em pelo menos 30 mim, ap\u00f3s determina\u00e7\u00e3o dos organizadores do evento. \n\"Me disseram que eu s\u00f3 podia tocar 1h10. Eu n\u00e3o tenho nenhum show para sair correndo pra fazer. [\u2026] N\u00e3o foi uma ideia minha. Infelizmente s\u00e3o essas coisas que os artistas da m\u00fasica nordestina sofrem, \u00e9 isso. \u2018Precisa cantar 1h30 n\u00e3o, 1h t\u00e1 bom\u2019 !\u201d, declarou\nO S\u00e3o Jo\u00e3o 2023 de Bananeiras segue at\u00e9 o dia 24 de junho, enquanto que em Campina Grande, a festa se estende at\u00e9 o dia 2 de julho.\nV\u00eddeos mais assistidos do g1 Para\u00edba  ","protected":false},"excerpt":{"rendered":"<p>        Show fez parte da abertura do S\u00e3o Jo\u00e3o 2023 na cidade do Brejo paraibano. Fl\u00e1vio Jos\u00e9 tamb\u00e9m subiu ao palco em noite marcada pelo &#8216;forr\u00f3 raiz&#8217;. Santanna faz desabafo no S\u00e3o Jo\u00e3o de Bananeiras em favor do forr\u00f3 tradicional<br \/>\nO cantor e forrozeiro &#8230;<\/p>\n","protected":false},"author":2,"featured_media":0,"comment_status":"closed","ping_status":"closed","sticky":false,"template":"","format":"standard","meta":{"advgb_blocks_editor_width":"","advgb_blocks_columns_visual_guide":"","footnotes":""},"categories":[34],"tags":[35],"class_list":["post-21253","post","type-post","status-publish","format-standard","hentry","category-g1","tag-g1"],"author_meta":{"display_name":"g1 &gt; Para\u00edba","author_link":"https:\/\/sindaopcpb.org.br\/author\/g1-paraiba\/"},"featured_img":null,"coauthors":[],"tax_additional":{"categories":{"linked":["<a href=\"https:\/\/sindaopcpb.org.br\/g1\/\" class=\"advgb-post-tax-term\">G1<\/a>"],"unlinked":["<span class=\"advgb-post-tax-term\">G1<\/span>"]},"tags":{"linked":["<a href=\"https:\/\/sindaopcpb.org.br\/g1\/\" class=\"advgb-post-tax-term\">g1<\/a>"],"unlinked":["<span class=\"advgb-post-tax-term\">g1<\/span>"]}},"comment_count":"0","relative_dates":{"created":"Publicado 3 anos atr\u00e1s","modified":"Atualizado 3 anos atr\u00e1s"},"absolute_dates":{"created":"Publicado em 17 de junho de 2023","modified":"Atualizado em 17 de junho de 2023"},"absolute_dates_time":{"created":"Publicado em 17 de junho de 2023 14:08","modified":"Atualizado em 17 de junho de 2023 14:08"},"featured_img_caption":"","series_order":"","_links":{"self":[{"href":"https:\/\/sindaopcpb.org.br\/index.php\/wp-json\/wp\/v2\/posts\/21253","targetHints":{"allow":["GET"]}}],"collection":[{"href":"https:\/\/sindaopcpb.org.br\/index.php\/wp-json\/wp\/v2\/posts"}],"about":[{"href":"https:\/\/sindaopcpb.org.br\/index.php\/wp-json\/wp\/v2\/types\/post"}],"author":[{"embeddable":true,"href":"https:\/\/sindaopcpb.org.br\/index.php\/wp-json\/wp\/v2\/users\/2"}],"replies":[{"embeddable":true,"href":"https:\/\/sindaopcpb.org.br\/index.php\/wp-json\/wp\/v2\/comments?post=21253"}],"version-history":[{"count":2,"href":"https:\/\/sindaopcpb.org.br\/index.php\/wp-json\/wp\/v2\/posts\/21253\/revisions"}],"predecessor-version":[{"id":21267,"href":"https:\/\/sindaopcpb.org.br\/index.php\/wp-json\/wp\/v2\/posts\/21253\/revisions\/21267"}],"wp:attachment":[{"href":"https:\/\/sindaopcpb.org.br\/index.php\/wp-json\/wp\/v2\/media?parent=21253"}],"wp:term":[{"taxonomy":"category","embeddable":true,"href":"https:\/\/sindaopcpb.org.br\/index.php\/wp-json\/wp\/v2\/categories?post=21253"},{"taxonomy":"post_tag","embeddable":true,"href":"https:\/\/sindaopcpb.org.br\/index.php\/wp-json\/wp\/v2\/tags?post=21253"}],"curies":[{"name":"wp","href":"https:\/\/api.w.org\/{rel}","templated":true}]}}