{"id":21245,"date":"2023-06-17T11:04:58","date_gmt":"2023-06-17T14:04:58","guid":{"rendered":"https:\/\/g1.globo.com\/pb\/paraiba\/noticia\/2023\/06\/17\/litoral-da-paraiba-tem-9-trechos-de-praias-improprios-para-banho.ghtml"},"modified":"2023-06-17T11:04:58","modified_gmt":"2023-06-17T14:04:58","slug":"litoral-da-paraiba-tem-9-trechos-de-praias-improprios-para-banho","status":"publish","type":"post","link":"https:\/\/sindaopcpb.org.br\/index.php\/2023\/06\/17\/litoral-da-paraiba-tem-9-trechos-de-praias-improprios-para-banho\/","title":{"rendered":"Litoral da Para\u00edba tem 9 trechos de praias impr\u00f3prios para banho"},"content":{"rendered":"   <img src=\"https:\/\/s2.glbimg.com\/SQefh9PzDwOL0tRSbMPAfK-HBrA=\/i.s3.glbimg.com\/v1\/AUTH_59edd422c0c84a879bd37670ae4f538a\/internal_photos\/bs\/2019\/b\/c\/cSEHGqRTOF6EDldzGOHw\/whatsapp-image-2019-03-15-at-11.43.46.jpeg\" \/><br \/>     S\u00e3o oito \u00e1reas localizadas em Jo\u00e3o Pessoa e uma em Pitimbu. Praia do Bessa em Jo\u00e3o Pessoa tem dois trechos impr\u00f3prios\nKrys Carneiro\/G1 \nNove trechos de praias est\u00e3o impr\u00f3prias para banho no Litoral da Para\u00edba, neste final de semana, de acordo com o relat\u00f3rio de balneabilidade divulgado pela Superintend\u00eancia de Administra\u00e7\u00e3o do Meio Ambiente (Sudema). \nSegundo o levantamento, s\u00e3o oito \u00e1reas localizadas em Jo\u00e3o Pessoa e uma em Pitimbu (Veja a lista completa mais abaixo).\nOs outros pontos monitorados, situados em Mataraca, Ba\u00eda da Trai\u00e7\u00e3o, Rio Tinto, Conde, Cabedelo e Lucena tiveram a qualidade das \u00e1guas classificada como pr\u00f3pria.\nA an\u00e1lise da balneabilidade da \u00e1gua foi realizada entre os dias 12 e 15 de junho e \u00e9 v\u00e1lida at\u00e9 o dia 23 do mesmo m\u00eas, data da nova divulga\u00e7\u00e3o de relat\u00f3rio. As demais praias monitoradas continuamente pela Sudema est\u00e3o liberadas para o banho.\nPraias impr\u00f3prias para banho no Litoral da Para\u00edba\nJo\u00e3o Pessoa\nBessa I - em frente \u00e0 desembocadura do macei\u00f3 do Bessa\nBessa II - final do Ret\u00e3o\nMana\u00edra - em frente ao n\u00b0 315 da avenida Jo\u00e3o Maur\u00edcio]\nMana\u00edra - no final da avenida Ruy Carneiro\nCabo Branco - no final da Rua Gregorio Pessoa de Oliveira\nCabo Branco - em frente \u00e0 rotat\u00f3ria do Cabo Branco\nFarol do Cabo Branco - em frente \u00e0 galeria de \u00e1guas pluviais\nArraial - em frente \u00e0 desembocadura do Rio Cui\u00e1\nPitimbu\nMacei\u00f3 - em frente \u00e0 desembocadura do riacho Engenho Velho\nV\u00eddeos mais assistidos da Para\u00edba  ","protected":false},"excerpt":{"rendered":"<p>        S\u00e3o oito \u00e1reas localizadas em Jo\u00e3o Pessoa e uma em Pitimbu. Praia do Bessa em Jo\u00e3o Pessoa tem dois trechos impr\u00f3prios<br \/>\nKrys Carneiro\/G1<br \/>\nNove trechos de praias est\u00e3o impr\u00f3prias para banho no Litoral da Para\u00edba, neste final de semana, de acordo c&#8230;<\/p>\n","protected":false},"author":2,"featured_media":0,"comment_status":"closed","ping_status":"closed","sticky":false,"template":"","format":"standard","meta":{"advgb_blocks_editor_width":"","advgb_blocks_columns_visual_guide":"","footnotes":""},"categories":[34],"tags":[35],"class_list":["post-21245","post","type-post","status-publish","format-standard","hentry","category-g1","tag-g1"],"author_meta":{"display_name":"g1 &gt; Para\u00edba","author_link":"https:\/\/sindaopcpb.org.br\/author\/g1-paraiba\/"},"featured_img":null,"coauthors":[],"tax_additional":{"categories":{"linked":["<a href=\"https:\/\/sindaopcpb.org.br\/g1\/\" class=\"advgb-post-tax-term\">G1<\/a>"],"unlinked":["<span class=\"advgb-post-tax-term\">G1<\/span>"]},"tags":{"linked":["<a href=\"https:\/\/sindaopcpb.org.br\/g1\/\" class=\"advgb-post-tax-term\">g1<\/a>"],"unlinked":["<span class=\"advgb-post-tax-term\">g1<\/span>"]}},"comment_count":"0","relative_dates":{"created":"Publicado 3 anos atr\u00e1s","modified":"Atualizado 3 anos atr\u00e1s"},"absolute_dates":{"created":"Publicado em 17 de junho de 2023","modified":"Atualizado em 17 de junho de 2023"},"absolute_dates_time":{"created":"Publicado em 17 de junho de 2023 11:04","modified":"Atualizado em 17 de junho de 2023 11:04"},"featured_img_caption":"","series_order":"","_links":{"self":[{"href":"https:\/\/sindaopcpb.org.br\/index.php\/wp-json\/wp\/v2\/posts\/21245","targetHints":{"allow":["GET"]}}],"collection":[{"href":"https:\/\/sindaopcpb.org.br\/index.php\/wp-json\/wp\/v2\/posts"}],"about":[{"href":"https:\/\/sindaopcpb.org.br\/index.php\/wp-json\/wp\/v2\/types\/post"}],"author":[{"embeddable":true,"href":"https:\/\/sindaopcpb.org.br\/index.php\/wp-json\/wp\/v2\/users\/2"}],"replies":[{"embeddable":true,"href":"https:\/\/sindaopcpb.org.br\/index.php\/wp-json\/wp\/v2\/comments?post=21245"}],"version-history":[{"count":1,"href":"https:\/\/sindaopcpb.org.br\/index.php\/wp-json\/wp\/v2\/posts\/21245\/revisions"}],"predecessor-version":[{"id":21246,"href":"https:\/\/sindaopcpb.org.br\/index.php\/wp-json\/wp\/v2\/posts\/21245\/revisions\/21246"}],"wp:attachment":[{"href":"https:\/\/sindaopcpb.org.br\/index.php\/wp-json\/wp\/v2\/media?parent=21245"}],"wp:term":[{"taxonomy":"category","embeddable":true,"href":"https:\/\/sindaopcpb.org.br\/index.php\/wp-json\/wp\/v2\/categories?post=21245"},{"taxonomy":"post_tag","embeddable":true,"href":"https:\/\/sindaopcpb.org.br\/index.php\/wp-json\/wp\/v2\/tags?post=21245"}],"curies":[{"name":"wp","href":"https:\/\/api.w.org\/{rel}","templated":true}]}}