{"id":21229,"date":"2023-06-17T09:05:01","date_gmt":"2023-06-17T12:05:01","guid":{"rendered":"https:\/\/g1.globo.com\/pb\/paraiba\/sao-joao\/2023\/noticia\/2023\/06\/17\/sao-joao-2023-de-bananeiras-pb-tem-show-de-dorgival-dantas-neste-sabado-17.ghtml"},"modified":"2023-06-17T09:05:01","modified_gmt":"2023-06-17T12:05:01","slug":"sao-joao-2023-de-bananeiras-pb-tem-show-de-dorgival-dantas-neste-sabado-17","status":"publish","type":"post","link":"https:\/\/sindaopcpb.org.br\/index.php\/2023\/06\/17\/sao-joao-2023-de-bananeiras-pb-tem-show-de-dorgival-dantas-neste-sabado-17\/","title":{"rendered":"S\u00e3o Jo\u00e3o 2023 de Bananeiras, PB, tem show de Dorgival Dantas neste s\u00e1bado (17)"},"content":{"rendered":"   <img src=\"https:\/\/s2.glbimg.com\/G6pUaBgiXyRkeMAp3GXye3sC80Y=\/i.s3.glbimg.com\/v1\/AUTH_59edd422c0c84a879bd37670ae4f538a\/internal_photos\/bs\/2022\/A\/M\/MlovotScqme1F1mVgq6Q\/img-1646.jpg\" \/><br \/>     Felipe Ara\u00fajo tamb\u00e9m se apresenta nesta noite no Bananeira's Park.  Dorgival Dantas se apresenta no S\u00e3o Jo\u00e3o 2023 de Bananeiras, PB\nBruna Couto\/g1\nO S\u00e3o Jo\u00e3o 2023 de Bananeiras, no Brejo paraibano, segue acontecendo at\u00e9 24 de junho. Entre as atra\u00e7\u00f5es confirmadas para a noite deste s\u00e1bado (17) est\u00e3o Dorgival Dantas e Felipe Ara\u00fajo. (confira a programa\u00e7\u00e3o ao fim desta mat\u00e9ria). \nCompartilhe no WhatsApp \nCompartilhe no Telegram\nA programa\u00e7\u00e3o completa do S\u00e3o Jo\u00e3o 2023 de Bananeiras foi divulgada em mar\u00e7o deste ano. Os shows v\u00e3o acontecer em um local diferente de onde ocorreu em 2022, quando foi no Est\u00e1dio Governador Cl\u00f3vis Bezerra, popularmente conhecido como \u2018O Bezerr\u00e3o\u2019. \nEste ano, o evento ser\u00e1 concentrado no Bananeira's Park, uma \u00e1rea na \u2018Cidade Alta\u2019 de Bananeiras, \u00e0s margens da PB-103 (sentido Bananeiras-Dona In\u00eas). Segundo a prefeitura de Bananeiras, a \u00e1rea destinada aos festejos juninos compreende 41 mil metros quadrados, e conta com espa\u00e7o para shows, camarotes, alimenta\u00e7\u00e3o e estacionamento.\nSaiba tudo sobre o S\u00e3o Jo\u00e3o 2023 na Para\u00edba\nConfira o Guia Qual \u00e9 a Boa\nFelipe Ara\u00fajo tamb\u00e9m se apresenta no S\u00e3o Jo\u00e3o 2023 de Bananeiras, PB\nIara Alves \/ g1 PB\nShows do S\u00e3o Jo\u00e3o 2023 de Bananeiras neste s\u00e1bado (17)\nDorgival Dantas\nFelipe Ara\u00fajo\nCavalo de Pau\nCuri\u00f3\nFabr\u00edcio Rodrigues\nV\u00eddeos mais assistidos do g1 Para\u00edba  ","protected":false},"excerpt":{"rendered":"<p>        Felipe Ara\u00fajo tamb\u00e9m se apresenta nesta noite no Bananeira&#8217;s Park.  Dorgival Dantas se apresenta no S\u00e3o Jo\u00e3o 2023 de Bananeiras, PB<br \/>\nBruna Couto\/g1<br \/>\nO S\u00e3o Jo\u00e3o 2023 de Bananeiras, no Brejo paraibano, segue acontecendo at\u00e9 24 de junho. Entre as at&#8230;<\/p>\n","protected":false},"author":2,"featured_media":0,"comment_status":"closed","ping_status":"closed","sticky":false,"template":"","format":"standard","meta":{"advgb_blocks_editor_width":"","advgb_blocks_columns_visual_guide":"","footnotes":""},"categories":[34],"tags":[35],"class_list":["post-21229","post","type-post","status-publish","format-standard","hentry","category-g1","tag-g1"],"author_meta":{"display_name":"g1 &gt; Para\u00edba","author_link":"https:\/\/sindaopcpb.org.br\/author\/g1-paraiba\/"},"featured_img":null,"coauthors":[],"tax_additional":{"categories":{"linked":["<a href=\"https:\/\/sindaopcpb.org.br\/g1\/\" class=\"advgb-post-tax-term\">G1<\/a>"],"unlinked":["<span class=\"advgb-post-tax-term\">G1<\/span>"]},"tags":{"linked":["<a href=\"https:\/\/sindaopcpb.org.br\/g1\/\" class=\"advgb-post-tax-term\">g1<\/a>"],"unlinked":["<span class=\"advgb-post-tax-term\">g1<\/span>"]}},"comment_count":"0","relative_dates":{"created":"Publicado 3 anos atr\u00e1s","modified":"Atualizado 3 anos atr\u00e1s"},"absolute_dates":{"created":"Publicado em 17 de junho de 2023","modified":"Atualizado em 17 de junho de 2023"},"absolute_dates_time":{"created":"Publicado em 17 de junho de 2023 09:05","modified":"Atualizado em 17 de junho de 2023 09:05"},"featured_img_caption":"","series_order":"","_links":{"self":[{"href":"https:\/\/sindaopcpb.org.br\/index.php\/wp-json\/wp\/v2\/posts\/21229","targetHints":{"allow":["GET"]}}],"collection":[{"href":"https:\/\/sindaopcpb.org.br\/index.php\/wp-json\/wp\/v2\/posts"}],"about":[{"href":"https:\/\/sindaopcpb.org.br\/index.php\/wp-json\/wp\/v2\/types\/post"}],"author":[{"embeddable":true,"href":"https:\/\/sindaopcpb.org.br\/index.php\/wp-json\/wp\/v2\/users\/2"}],"replies":[{"embeddable":true,"href":"https:\/\/sindaopcpb.org.br\/index.php\/wp-json\/wp\/v2\/comments?post=21229"}],"version-history":[{"count":1,"href":"https:\/\/sindaopcpb.org.br\/index.php\/wp-json\/wp\/v2\/posts\/21229\/revisions"}],"predecessor-version":[{"id":21230,"href":"https:\/\/sindaopcpb.org.br\/index.php\/wp-json\/wp\/v2\/posts\/21229\/revisions\/21230"}],"wp:attachment":[{"href":"https:\/\/sindaopcpb.org.br\/index.php\/wp-json\/wp\/v2\/media?parent=21229"}],"wp:term":[{"taxonomy":"category","embeddable":true,"href":"https:\/\/sindaopcpb.org.br\/index.php\/wp-json\/wp\/v2\/categories?post=21229"},{"taxonomy":"post_tag","embeddable":true,"href":"https:\/\/sindaopcpb.org.br\/index.php\/wp-json\/wp\/v2\/tags?post=21229"}],"curies":[{"name":"wp","href":"https:\/\/api.w.org\/{rel}","templated":true}]}}