{"id":21219,"date":"2023-06-17T10:15:01","date_gmt":"2023-06-17T13:15:01","guid":{"rendered":"https:\/\/g1.globo.com\/pb\/paraiba\/sao-joao\/2023\/noticia\/2023\/06\/17\/matutv-estreia-neste-sabado-17-nas-tvs-cabo-branco-e-paraiba.ghtml"},"modified":"2023-06-17T10:15:01","modified_gmt":"2023-06-17T13:15:01","slug":"matutv-estreia-neste-sabado-17-nas-tvs-cabo-branco-e-paraiba","status":"publish","type":"post","link":"https:\/\/sindaopcpb.org.br\/index.php\/2023\/06\/17\/matutv-estreia-neste-sabado-17-nas-tvs-cabo-branco-e-paraiba\/","title":{"rendered":"MatuTV estreia neste s\u00e1bado (17) nas TVs Cabo Branco e Para\u00edba"},"content":{"rendered":"   <img src=\"https:\/\/s2.glbimg.com\/fMiIdFwQG9lgsLdgIxu4-IyHf-A=\/i.s3.glbimg.com\/v1\/AUTH_59edd422c0c84a879bd37670ae4f538a\/internal_photos\/bs\/2023\/t\/m\/fE8y8QQY2eO4ZFMALdVQ\/matutv.jpg\" \/><br \/>     Programa vai ao ar logo depois do Jornal Hoje, com apresenta\u00e7\u00e3o de Gyovanna Lany e Lucas Veloso. MatuTV estreia neste s\u00e1bado (17) \nDivulga\u00e7\u00e3o\nO MatuTV, programa da Rede Para\u00edba, estreia neste s\u00e1bado (17) nas TV's Cabo Branco e Para\u00edba. A atra\u00e7\u00e3o ser\u00e1 exibida logo depois do Jornal Hoje, com m\u00fasica, entrevistas com artistas e muita divers\u00e3o.\nConfira o Guia Qual \u00e9 a Boa\nTudo sobre o S\u00e3o Jo\u00e3o 2023 na Para\u00edba\nO programa \u00e9 apresentado por Gyovanna Lany e Lucas Veloso. A grava\u00e7\u00e3o aconteceu no 'Arrai\u00e1 de Cumpade', festa que acontece na Fazenda Olho D'\u00c1gua, em Galante, distrito de Campina Grande. O MatuTV faz parte da programa\u00e7\u00e3o especial da Rede Para\u00edba no S\u00e3o Jo\u00e3o 2023.\nNa estreia do MatuTV, neste dia 17 de junho, ser\u00e3o exibidos os shows que aconteceram durante a grava\u00e7\u00e3o. Mastruz com Leite, Kelly Silva, Cumpade Jo\u00e3o e Forr\u00f3 Lampejo s\u00e3o as atra\u00e7\u00f5es.\u00a0\nDepois do programa, vai ser exibidos o 'Cl\u00e1ssicos com Adu\u00edlio Mendes.' O programa vai contar com  participa\u00e7\u00f5es de Xand Avi\u00e3o, Ra\u00ed Saia Rodada, Edson Lima, Dorgival Dantas, Taty Girl, Walkyria Santos e Ramon Costa.\u00a0\nV\u00eddeos mais assistidos da Para\u00edba  ","protected":false},"excerpt":{"rendered":"<p>        Programa vai ao ar logo depois do Jornal Hoje, com apresenta\u00e7\u00e3o de Gyovanna Lany e Lucas Veloso. MatuTV estreia neste s\u00e1bado (17)<br \/>\nDivulga\u00e7\u00e3o<br \/>\nO MatuTV, programa da Rede Para\u00edba, estreia neste s\u00e1bado (17) nas TV&#8217;s Cabo Branco e Para\u00edba. A atra\u00e7\u00e3&#8230;<\/p>\n","protected":false},"author":2,"featured_media":0,"comment_status":"closed","ping_status":"closed","sticky":false,"template":"","format":"standard","meta":{"advgb_blocks_editor_width":"","advgb_blocks_columns_visual_guide":"","footnotes":""},"categories":[34],"tags":[35],"class_list":["post-21219","post","type-post","status-publish","format-standard","hentry","category-g1","tag-g1"],"author_meta":{"display_name":"g1 &gt; Para\u00edba","author_link":"https:\/\/sindaopcpb.org.br\/author\/g1-paraiba\/"},"featured_img":null,"coauthors":[],"tax_additional":{"categories":{"linked":["<a href=\"https:\/\/sindaopcpb.org.br\/g1\/\" class=\"advgb-post-tax-term\">G1<\/a>"],"unlinked":["<span class=\"advgb-post-tax-term\">G1<\/span>"]},"tags":{"linked":["<a href=\"https:\/\/sindaopcpb.org.br\/g1\/\" class=\"advgb-post-tax-term\">g1<\/a>"],"unlinked":["<span class=\"advgb-post-tax-term\">g1<\/span>"]}},"comment_count":"0","relative_dates":{"created":"Publicado 3 anos atr\u00e1s","modified":"Atualizado 3 anos atr\u00e1s"},"absolute_dates":{"created":"Publicado em 17 de junho de 2023","modified":"Atualizado em 17 de junho de 2023"},"absolute_dates_time":{"created":"Publicado em 17 de junho de 2023 10:15","modified":"Atualizado em 17 de junho de 2023 10:15"},"featured_img_caption":"","series_order":"","_links":{"self":[{"href":"https:\/\/sindaopcpb.org.br\/index.php\/wp-json\/wp\/v2\/posts\/21219","targetHints":{"allow":["GET"]}}],"collection":[{"href":"https:\/\/sindaopcpb.org.br\/index.php\/wp-json\/wp\/v2\/posts"}],"about":[{"href":"https:\/\/sindaopcpb.org.br\/index.php\/wp-json\/wp\/v2\/types\/post"}],"author":[{"embeddable":true,"href":"https:\/\/sindaopcpb.org.br\/index.php\/wp-json\/wp\/v2\/users\/2"}],"replies":[{"embeddable":true,"href":"https:\/\/sindaopcpb.org.br\/index.php\/wp-json\/wp\/v2\/comments?post=21219"}],"version-history":[{"count":1,"href":"https:\/\/sindaopcpb.org.br\/index.php\/wp-json\/wp\/v2\/posts\/21219\/revisions"}],"predecessor-version":[{"id":21220,"href":"https:\/\/sindaopcpb.org.br\/index.php\/wp-json\/wp\/v2\/posts\/21219\/revisions\/21220"}],"wp:attachment":[{"href":"https:\/\/sindaopcpb.org.br\/index.php\/wp-json\/wp\/v2\/media?parent=21219"}],"wp:term":[{"taxonomy":"category","embeddable":true,"href":"https:\/\/sindaopcpb.org.br\/index.php\/wp-json\/wp\/v2\/categories?post=21219"},{"taxonomy":"post_tag","embeddable":true,"href":"https:\/\/sindaopcpb.org.br\/index.php\/wp-json\/wp\/v2\/tags?post=21219"}],"curies":[{"name":"wp","href":"https:\/\/api.w.org\/{rel}","templated":true}]}}