{"id":21079,"date":"2023-06-16T10:10:57","date_gmt":"2023-06-16T13:10:57","guid":{"rendered":"https:\/\/www.infomoney.com.br\/?p=2162992"},"modified":"2023-06-16T10:10:57","modified_gmt":"2023-06-16T13:10:57","slug":"lula-inaugura-terminal-da-ferrovia-norte-sul-em-goias","status":"publish","type":"post","link":"https:\/\/sindaopcpb.org.br\/index.php\/2023\/06\/16\/lula-inaugura-terminal-da-ferrovia-norte-sul-em-goias\/","title":{"rendered":"Lula inaugura terminal da Ferrovia Norte-Sul em Goi\u00e1s"},"content":{"rendered":"<p><img loading=\"lazy\" width=\"300\" height=\"179\" src=\"https:\/\/www.infomoney.com.br\/wp-content\/uploads\/2023\/06\/ferrovia_norte_sul_.jpg.jpeg?fit=300%2C179&amp;quality=70&amp;strip=all\" class=\"attachment-medium size-medium wp-post-image\" alt=\"\" decoding=\"async\" style=\"float:right; margin:0 0 10px 10px;\" srcset=\"https:\/\/www.infomoney.com.br\/wp-content\/uploads\/2023\/06\/ferrovia_norte_sul_.jpg.jpeg?w=1170&amp;quality=70&amp;strip=all 1170w, https:\/\/www.infomoney.com.br\/wp-content\/uploads\/2023\/06\/ferrovia_norte_sul_.jpg.jpeg?w=300&amp;quality=70&amp;strip=all 300w, https:\/\/www.infomoney.com.br\/wp-content\/uploads\/2023\/06\/ferrovia_norte_sul_.jpg.jpeg?w=768&amp;quality=70&amp;strip=all 768w, https:\/\/www.infomoney.com.br\/wp-content\/uploads\/2023\/06\/ferrovia_norte_sul_.jpg.jpeg?w=150&amp;quality=70&amp;strip=all 150w\" sizes=\"auto, (max-width: 300px) 100vw, 300px\" data-attachment-id=\"2162999\" data-permalink=\"https:\/\/www.infomoney.com.br\/politica\/lula-inaugura-terminal-da-ferrovia-norte-sul-em-goias\/attachment\/ferrovia_norte_sul_-jpg\/\" data-orig-file=\"https:\/\/www.infomoney.com.br\/wp-content\/uploads\/2023\/06\/ferrovia_norte_sul_.jpg.jpeg?fit=1170%2C700&amp;quality=70&amp;strip=all\" data-orig-size=\"1170,700\" data-comments-opened=\"0\" data-image-meta=\"{&quot;aperture&quot;:&quot;0&quot;,&quot;credit&quot;:&quot;&quot;,&quot;camera&quot;:&quot;&quot;,&quot;caption&quot;:&quot;&quot;,&quot;created_timestamp&quot;:&quot;0&quot;,&quot;copyright&quot;:&quot;&quot;,&quot;focal_length&quot;:&quot;0&quot;,&quot;iso&quot;:&quot;0&quot;,&quot;shutter_speed&quot;:&quot;0&quot;,&quot;title&quot;:&quot;&quot;,&quot;orientation&quot;:&quot;0&quot;}\" data-image-title=\"Ferrovia Norte-Sul\" data-image-description=\"\" data-image-caption=\"&lt;p&gt;A Ferrovia Norte-Sul (Foto: Divulga\u00e7\u00e3o\/PPI.Gov.Br)&lt;\/p&gt;\n\" data-medium-file=\"https:\/\/www.infomoney.com.br\/wp-content\/uploads\/2023\/06\/ferrovia_norte_sul_.jpg.jpeg?fit=300%2C179&amp;quality=70&amp;strip=all\" data-large-file=\"https:\/\/www.infomoney.com.br\/wp-content\/uploads\/2023\/06\/ferrovia_norte_sul_.jpg.jpeg?fit=1170%2C700&amp;quality=70&amp;strip=all\" title=\"\"><\/p>\n<p>O presidente Luiz In\u00e1cio Lula da Silva participa, nesta sexta-feira (16), da inaugura\u00e7\u00e3o do terminal em Rio Verde da empresa Rumo, concession\u00e1ria da Ferrovia Norte-Sul. O munic\u00edpio goiano \u00e9 um dos principais polos do agroneg\u00f3cio no Centro-Oeste.<\/p>\n<p>O evento marca a conclus\u00e3o das obras da liga\u00e7\u00e3o ferrovi\u00e1ria que \u00e9 considerada a espinha dorsal do sistema brasileiro de transporte sobre trilhos, pois conecta os portos de Itaqui, no Maranh\u00e3o, ao de Santos, em S\u00e3o Paulo. A constru\u00e7\u00e3o come\u00e7ou na segunda metade da d\u00e9cada de 1980. Com 2.257 quil\u00f4metros (km) de extens\u00e3o, a ferrovia atravessa quatro regi\u00f5es.<\/p>\n<p>&#8220;A conclus\u00e3o permite que tr\u00eas estados com forte produ\u00e7\u00e3o de commodities \u2013 como soja, milho e algod\u00e3o \u2013 tenham sa\u00edda para seus produtos pelo mar. Goi\u00e1s, Mato Grosso e Minas Gerais ganham competitividade no momento de exportar seus produtos, seja pelo litoral da Regi\u00e3o Sudeste ou pelo Norte do pa\u00eds. Como resultado pr\u00e1tico, desenvolvimento e gera\u00e7\u00e3o de emprego para todo o novo corredor log\u00edstico&#8221;, diz, em nota, o governo federal.<\/p>\n<p>O evento em Rio Verde est\u00e1 marcado para as 10h30. Al\u00e9m de Lula, participar\u00e3o da solenidade o ministro dos Transportes, Renan Filho, autoridades federais, estaduais e municipais e representantes da empresa respons\u00e1vel pela entrega do terminal.<\/p>\n<p>Iniciada em 1986, a Ferrovia Norte Sul evoluiu pouco nas primeiras d\u00e9cadas e s\u00f3 ganhou impulso a partir de 2007, quando passou a receber investimentos do Programa de Acelera\u00e7\u00e3o do Crescimento (PAC), no segundo mandato de Lula. Nessa \u00e9poca, o trecho de A\u00e7ail\u00e2ndia, no Maranh\u00e3o, a Porto Nacional, no Tocantins, foi concedido para opera\u00e7\u00e3o pela VLI Log\u00edstica. J\u00e1 a empresa Rumo passou a gerir o ramo centro-sul da ferrovia, entre Porto Nacional e Estrela D&#8217;Oeste, em S\u00e3o Paulo, em um trecho de 1.537 quil\u00f4metros. No interior de S\u00e3o Paulo, a ferrovia conecta-se \u00e0 Malha Paulista, que vai at\u00e9 o litoral.<\/p>\n<p>Nos \u00faltimos quatro anos, a Rumo construiu tr\u00eas terminais: em S\u00e3o Sim\u00e3o e Rio Verde, em Goi\u00e1s, e em Iturama, Minas Gerais. Segundo o governo, a empresa investiu R$ 4 bilh\u00f5es em obras de infraestrutura, terminais e material rodante. Al\u00e9m dos terminais, outras obras de infraestrutura foram necess\u00e1rias para concluir a ferrovia, como a constru\u00e7\u00e3o de quatro pontes entre Goi\u00e1s, S\u00e3o Paulo e Minas Gerais, centenas de quil\u00f4metros de trilhos e in\u00fameros p\u00e1tios, como o que faz a liga\u00e7\u00e3o entre as Malhas Central e Paulista na cidade de Estrela D\u2019Oeste.<\/p>\n<p><strong>Potencial<\/strong><br \/>Apesar do modal ferrovi\u00e1rio ter recebido investimentos ao longo das \u00faltimas d\u00e9cadas, que somam mais de R$ 141,9 bilh\u00f5es, segundo a Associa\u00e7\u00e3o Nacional dos Transportadores Ferrovi\u00e1rios (ANTF), o segmento ainda representa cerca de 21,5% do transporte de carga no pa\u00eds, inferior ao de pa\u00edses continentais como R\u00fassia (81%), Canad\u00e1 (34%), Estados Unidos (27%) e Austr\u00e1lia (55%).<\/p>\n<p>De acordo com a ANTF, em 2021, mais de 93% do min\u00e9rio de ferro exportado chegou aos portos brasileiros por trilhos. O modal ferrovi\u00e1rio responde pelo transporte de mais de 49% dos gran\u00e9is s\u00f3lidos agr\u00edcolas exportados e, no caso do a\u00e7\u00facar, o \u00edndice \u00e9 de quase 53%. No transporte de milho, a ferrovia escoa 58% da produ\u00e7\u00e3o e, no complexo de soja (soja e farelo), mais de 46% do volume exportado.<\/p>\n<p>The post <a rel=\"nofollow noopener\" href=\"https:\/\/www.infomoney.com.br\/politica\/lula-inaugura-terminal-da-ferrovia-norte-sul-em-goias\/\" target=\"_blank\">Lula inaugura terminal da Ferrovia Norte-Sul em Goi\u00e1s<\/a> appeared first on <a rel=\"nofollow noopener\" href=\"https:\/\/www.infomoney.com.br\/\" target=\"_blank\">InfoMoney<\/a>.<\/p>\n","protected":false},"excerpt":{"rendered":"<p><img loading=\"lazy\" decoding=\"async\" width=\"300\" height=\"179\" src=\"https:\/\/www.infomoney.com.br\/wp-content\/uploads\/2023\/06\/ferrovia_norte_sul_.jpg.jpeg?fit=300%2C179&amp;quality=70&amp;strip=all\" class=\"attachment-medium size-medium wp-post-image\" alt=\"\" data-attachment-id=\"2162999\" data-permalink=\"https:\/\/www.infomoney.com.br\/politica\/lula-inaugura-terminal-da-ferrovia-norte-sul-em-goias\/attachment\/ferrovia_norte_sul_-jpg\/\" data-orig-file=\"https:\/\/www.infomoney.com.br\/wp-content\/uploads\/2023\/06\/ferrovia_norte_sul_.jpg.jpeg?fit=1170%2C700&amp;quality=70&amp;strip=all\" data-orig-size=\"1170,700\" data-comments-opened=\"0\" data-image-meta='{\"aperture\":\"0\",\"credit\":\"\",\"camera\":\"\",\"caption\":\"\",\"created_timestamp\":\"0\",\"copyright\":\"\",\"focal_length\":\"0\",\"iso\":\"0\",\"shutter_speed\":\"0\",\"title\":\"\",\"orientation\":\"0\"}' data-image-title=\"Ferrovia Norte-Sul\" data-image-description=\"\" data-image-caption=\"&lt;p&gt;A Ferrovia Norte-Sul (Foto: Divulga\u00e7\u00e3o\/PPI.Gov.Br)&lt;\/p&gt;\n\" data-medium-file=\"https:\/\/www.infomoney.com.br\/wp-content\/uploads\/2023\/06\/ferrovia_norte_sul_.jpg.jpeg?fit=300%2C179&amp;quality=70&amp;strip=all\" data-large-file=\"https:\/\/www.infomoney.com.br\/wp-content\/uploads\/2023\/06\/ferrovia_norte_sul_.jpg.jpeg?fit=1170%2C700&amp;quality=70&amp;strip=all\">Evento marca a conclus\u00e3o das obras da liga\u00e7\u00e3o ferrovi\u00e1ria que \u00e9 considerada a espinha dorsal do sistema brasileiro de transporte sobre trilhos<\/p>\n<p>The post <a rel=\"nofollow\" href=\"https:\/\/www.infomoney.com.br\/politica\/lula-inaugura-terminal-da-ferrovia-norte-sul-em-goias\/\">Lula inaugura terminal da Ferrovia Norte-Sul em Goi\u00e1s<\/a> appeared first on <a rel=\"nofollow\" href=\"https:\/\/www.infomoney.com.br\/\">InfoMoney<\/a>.<\/p>\n","protected":false},"author":44,"featured_media":0,"comment_status":"closed","ping_status":"closed","sticky":false,"template":"","format":"standard","meta":{"advgb_blocks_editor_width":"","advgb_blocks_columns_visual_guide":"","footnotes":""},"categories":[374,34,341,129,47,4784],"tags":[35],"class_list":["post-21079","post","type-post","status-publish","format-standard","hentry","category-ferrovias","category-g1","category-infraestrutura","category-luiz-inacio-lula-da-silva","category-politica","category-transportes","tag-g1"],"author_meta":{"display_name":"Ag\u00eancia Brasil","author_link":"https:\/\/sindaopcpb.org.br\/author\/agencia-brasil\/"},"featured_img":null,"coauthors":[],"tax_additional":{"categories":{"linked":["<a href=\"https:\/\/sindaopcpb.org.br\/ferrovias\/\" class=\"advgb-post-tax-term\">Ferrovias<\/a>","<a href=\"https:\/\/sindaopcpb.org.br\/g1\/\" class=\"advgb-post-tax-term\">G1<\/a>","<a href=\"https:\/\/sindaopcpb.org.br\/infraestrutura\/\" class=\"advgb-post-tax-term\">infraestrutura<\/a>","<a href=\"https:\/\/sindaopcpb.org.br\/luiz-inacio-lula-da-silva\/\" class=\"advgb-post-tax-term\">Luiz In\u00e1cio Lula da Silva<\/a>","<a href=\"https:\/\/sindaopcpb.org.br\/politica\/\" class=\"advgb-post-tax-term\">POLITICA<\/a>","<a href=\"https:\/\/sindaopcpb.org.br\/transportes\/\" class=\"advgb-post-tax-term\">Transportes<\/a>"],"unlinked":["<span class=\"advgb-post-tax-term\">Ferrovias<\/span>","<span class=\"advgb-post-tax-term\">G1<\/span>","<span class=\"advgb-post-tax-term\">infraestrutura<\/span>","<span class=\"advgb-post-tax-term\">Luiz In\u00e1cio Lula da Silva<\/span>","<span class=\"advgb-post-tax-term\">POLITICA<\/span>","<span class=\"advgb-post-tax-term\">Transportes<\/span>"]},"tags":{"linked":["<a href=\"https:\/\/sindaopcpb.org.br\/transportes\/\" class=\"advgb-post-tax-term\">g1<\/a>"],"unlinked":["<span class=\"advgb-post-tax-term\">g1<\/span>"]}},"comment_count":"0","relative_dates":{"created":"Publicado 3 anos atr\u00e1s","modified":"Atualizado 3 anos atr\u00e1s"},"absolute_dates":{"created":"Publicado em 16 de junho de 2023","modified":"Atualizado em 16 de junho de 2023"},"absolute_dates_time":{"created":"Publicado em 16 de junho de 2023 10:10","modified":"Atualizado em 16 de junho de 2023 10:10"},"featured_img_caption":"","series_order":"","_links":{"self":[{"href":"https:\/\/sindaopcpb.org.br\/index.php\/wp-json\/wp\/v2\/posts\/21079","targetHints":{"allow":["GET"]}}],"collection":[{"href":"https:\/\/sindaopcpb.org.br\/index.php\/wp-json\/wp\/v2\/posts"}],"about":[{"href":"https:\/\/sindaopcpb.org.br\/index.php\/wp-json\/wp\/v2\/types\/post"}],"author":[{"embeddable":true,"href":"https:\/\/sindaopcpb.org.br\/index.php\/wp-json\/wp\/v2\/users\/44"}],"replies":[{"embeddable":true,"href":"https:\/\/sindaopcpb.org.br\/index.php\/wp-json\/wp\/v2\/comments?post=21079"}],"version-history":[{"count":1,"href":"https:\/\/sindaopcpb.org.br\/index.php\/wp-json\/wp\/v2\/posts\/21079\/revisions"}],"predecessor-version":[{"id":21080,"href":"https:\/\/sindaopcpb.org.br\/index.php\/wp-json\/wp\/v2\/posts\/21079\/revisions\/21080"}],"wp:attachment":[{"href":"https:\/\/sindaopcpb.org.br\/index.php\/wp-json\/wp\/v2\/media?parent=21079"}],"wp:term":[{"taxonomy":"category","embeddable":true,"href":"https:\/\/sindaopcpb.org.br\/index.php\/wp-json\/wp\/v2\/categories?post=21079"},{"taxonomy":"post_tag","embeddable":true,"href":"https:\/\/sindaopcpb.org.br\/index.php\/wp-json\/wp\/v2\/tags?post=21079"}],"curies":[{"name":"wp","href":"https:\/\/api.w.org\/{rel}","templated":true}]}}