{"id":21071,"date":"2023-06-16T10:45:07","date_gmt":"2023-06-16T13:45:07","guid":{"rendered":"https:\/\/www.infomoney.com.br\/?p=2163068"},"modified":"2023-06-16T10:45:07","modified_gmt":"2023-06-16T13:45:07","slug":"debatedores-reivindicam-aprovacao-de-pec-que-cria-tarifa-zero-no-transporte-publico","status":"publish","type":"post","link":"https:\/\/sindaopcpb.org.br\/index.php\/2023\/06\/16\/debatedores-reivindicam-aprovacao-de-pec-que-cria-tarifa-zero-no-transporte-publico\/","title":{"rendered":"Debatedores reivindicam aprova\u00e7\u00e3o de PEC que cria tarifa zero no transporte p\u00fablico"},"content":{"rendered":"<p><img loading=\"lazy\" width=\"300\" height=\"200\" src=\"https:\/\/www.infomoney.com.br\/wp-content\/uploads\/2019\/06\/transporte-sao-paulo.jpg?fit=300%2C200&amp;quality=70&amp;strip=all\" class=\"attachment-medium size-medium wp-post-image\" alt=\"\" decoding=\"async\" style=\"float:right; margin:0 0 10px 10px;\" srcset=\"https:\/\/www.infomoney.com.br\/wp-content\/uploads\/2019\/06\/transporte-sao-paulo.jpg?w=900&amp;quality=70&amp;strip=all 900w, https:\/\/www.infomoney.com.br\/wp-content\/uploads\/2019\/06\/transporte-sao-paulo.jpg?w=300&amp;quality=70&amp;strip=all 300w, https:\/\/www.infomoney.com.br\/wp-content\/uploads\/2019\/06\/transporte-sao-paulo.jpg?w=768&amp;quality=70&amp;strip=all 768w, https:\/\/www.infomoney.com.br\/wp-content\/uploads\/2019\/06\/transporte-sao-paulo.jpg?w=150&amp;quality=70&amp;strip=all 150w\" sizes=\"auto, (max-width: 300px) 100vw, 300px\" data-attachment-id=\"55250\" data-permalink=\"https:\/\/www.infomoney.com.br\/transporte-sao-paulo\/\" data-orig-file=\"https:\/\/www.infomoney.com.br\/wp-content\/uploads\/2019\/06\/transporte-sao-paulo.jpg?fit=900%2C600&amp;quality=70&amp;strip=all\" data-orig-size=\"900,600\" data-comments-opened=\"1\" data-image-meta=\"{&quot;aperture&quot;:&quot;0&quot;,&quot;credit&quot;:&quot;&quot;,&quot;camera&quot;:&quot;&quot;,&quot;caption&quot;:&quot;&quot;,&quot;created_timestamp&quot;:&quot;0&quot;,&quot;copyright&quot;:&quot;&quot;,&quot;focal_length&quot;:&quot;0&quot;,&quot;iso&quot;:&quot;0&quot;,&quot;shutter_speed&quot;:&quot;0&quot;,&quot;title&quot;:&quot;&quot;,&quot;orientation&quot;:&quot;0&quot;}\" data-image-title=\"transporte-sao-paulo\" data-image-description=\"\" data-image-caption=\"\" data-medium-file=\"https:\/\/www.infomoney.com.br\/wp-content\/uploads\/2019\/06\/transporte-sao-paulo.jpg?fit=300%2C200&amp;quality=70&amp;strip=all\" data-large-file=\"https:\/\/www.infomoney.com.br\/wp-content\/uploads\/2019\/06\/transporte-sao-paulo.jpg?fit=900%2C600&amp;quality=70&amp;strip=all\" title=\"\"><\/p>\n<p>A aprova\u00e7\u00e3o da Proposta de Emenda \u00e0 Constitui\u00e7\u00e3o (PEC) 25\/23, que regulamenta o Sistema \u00danico de Mobilidade e estabelece tarifa zero no transporte p\u00fablico, foi a principal reivindica\u00e7\u00e3o dos participantes de audi\u00eancia p\u00fablica conjunta nesta quinta-feira (15) das comiss\u00f5es de Direitos Humanos, Minorias e Igualdade Racial; e de Legisla\u00e7\u00e3o Participativa da C\u00e2mara dos Deputados.<\/p>\n<p>Segundo os debatedores, a aprova\u00e7\u00e3o da PEC garantiria, na pr\u00e1tica, o transporte p\u00fablico como direito social, que foi estabelecido por outra emenda \u00e0 Constitui\u00e7\u00e3o em 2015. Eles reclamaram que o subs\u00eddio p\u00fablico oferecido em muitas partes do Pa\u00eds \u00e0s empresas privadas de transporte n\u00e3o resulta em redu\u00e7\u00e3o de tarifas ou melhoria na qualidade do servi\u00e7o.<\/p>\n<p>A proposta de emenda \u00e0 Constitui\u00e7\u00e3o que est\u00e1 sendo examinada pelo Congresso determina o transporte como direito de todos. O Sistema \u00danico de Mobilidade estabelece itens como universalidade, gratuidade e planejamento integrado. O financiamento da tarifa zero seria feito com um percentual da arrecada\u00e7\u00e3o de impostos e incluiria contribui\u00e7\u00f5es financeiras dos propriet\u00e1rios de ve\u00edculos e dos empres\u00e1rios que empregam usu\u00e1rios do transporte urbano.<\/p>\n<p>Para a assessora pol\u00edtica do Instituto de Estudos Socioecon\u00f4micos (Inesc) Cleomar Manhas, a implementa\u00e7\u00e3o da tarifa zero no transporte p\u00fablico n\u00e3o \u00e9 mais uma benesse para a popula\u00e7\u00e3o mais pobre, como argumenta uma parcela da sociedade, porque esse segmento paga proporcionalmente mais impostos do que as parcelas mais ricas.<\/p>\n<p>Ela afirmou que a reforma tribut\u00e1ria que est\u00e1 sendo discutida pelo Legislativo precisa corrigir essa distor\u00e7\u00e3o. \u201cO transporte coletivo hoje, junto com a alimenta\u00e7\u00e3o, representa quase todo o gasto das fam\u00edlias de baixa renda\u201d, ressaltou.<\/p>\n<h2><strong>Tarifa zero<\/strong><\/h2>\n<p>A tarifa zero j\u00e1 \u00e9 adotada em 74 cidades do Pa\u00eds, de diferentes tamanhos. Celso Haddad, da Empresa P\u00fablica de Transporte de Maric\u00e1, no interior do Rio de Janeiro, onde o sistema foi implementado em setembro de 2014, mostrou os resultados: 115 \u00f4nibus e 39 linhas que fazem cerca de 3,5 milh\u00f5es de deslocamentos por m\u00eas. Em 2022, os moradores economizaram mais de R$ 161 milh\u00f5es que gastariam no transporte p\u00fablico.<\/p>\n<p>\u201cEsse \u00e9 o valor que a popula\u00e7\u00e3o de Maric\u00e1 deixou de gastar no \u00faltimo ano de 2022 para injetar na economia da cidade: para comprar diferentes coisas no com\u00e9rcio, para fazer uma constru\u00e7\u00e3o, para levar o seu filho numa escola, para fazer uma capacita\u00e7\u00e3o de emprego, para dar uma oportunidade melhor \u00e0s pessoas\u201d, enumerou.<\/p>\n<p>Ex-secret\u00e1rio de Obras da prefeitura de S\u00e3o Paulo na gest\u00e3o Luiza Erundina (1989-1992), o engenheiro Lucio Gregori fez um c\u00e1lculo sobre a cobran\u00e7a de taxa para a circula\u00e7\u00e3o de carros, um dos pressupostos do sistema de mobilidade \u00fanica, usando n\u00fameros de 2019 da maior cidade do Pa\u00eds. Ele mostrou que a arrecada\u00e7\u00e3o prevista, de R$ 6,5 bilh\u00f5es, se aproximaria do custo do transporte coletivo na metr\u00f3pole, que era de R$ 6,8 bilh\u00f5es h\u00e1 quatro anos. Gregori lembrou que os ve\u00edculos particulares ocupam 75% do espa\u00e7o de circula\u00e7\u00e3o das cidades.<\/p>\n<p>Muitos debatedores defenderam que a tarifa zero seja implantada por empresas p\u00fablicas de transporte, como acontece em Maric\u00e1, porque acham que os subs\u00eddios p\u00fablicos \u00e0s empresas privadas poderiam facilitar desvio de dinheiro. Eles tamb\u00e9m indicaram a import\u00e2ncia da participa\u00e7\u00e3o social, como salientou Millena Nascimento, do Movimento Passe Livre, organiza\u00e7\u00e3o que colocou o tema em debate a partir das manifesta\u00e7\u00f5es realizadas em 2013.<\/p>\n<p>\u201cO transporte precisa de uma gest\u00e3o controlada pelos usu\u00e1rios e trabalhadores a partir de conselhos populares, pois s\u00f3 assim vai ser um transporte realmente p\u00fablico e de qualidade\u201d, concluiu.<\/p>\n<h2><strong>Mobiliza\u00e7\u00e3o<\/strong><\/h2>\n<p>Para a deputada Erika Kokay (PT-DF), o transporte coletivo ainda n\u00e3o \u00e9 p\u00fablico e as concess\u00f5es \u00e0 iniciativa privada resultam em muitos monop\u00f3lios e pouca transpar\u00eancia nos gastos. Ela prop\u00f5e mobiliza\u00e7\u00e3o para a aprova\u00e7\u00e3o da tarifa zero, com a forma\u00e7\u00e3o de uma frente parlamentar e de uma rede de legislativos onde o tema est\u00e1 sendo discutido, al\u00e9m de outras sugest\u00f5es.<\/p>\n<p>\u201cCriar uma subcomiss\u00e3o, aqui na Comiss\u00e3o de Direitos Humanos, para a tarifa zero, que vai fazer um trabalho na perspectiva de apresenta\u00e7\u00e3o de um relat\u00f3rio e de di\u00e1logo com os diversos Poderes da Rep\u00fablica\u201d, sugeriu.<\/p>\n<p>The post <a rel=\"nofollow noopener\" href=\"https:\/\/www.infomoney.com.br\/politica\/debatedores-reivindicam-aprovacao-de-pec-que-cria-tarifa-zero-no-transporte-publico\/\" target=\"_blank\">Debatedores reivindicam aprova\u00e7\u00e3o de PEC que cria tarifa zero no transporte p\u00fablico<\/a> appeared first on <a rel=\"nofollow noopener\" href=\"https:\/\/www.infomoney.com.br\/\" target=\"_blank\">InfoMoney<\/a>.<\/p>\n","protected":false},"excerpt":{"rendered":"<p><img loading=\"lazy\" decoding=\"async\" width=\"300\" height=\"200\" src=\"https:\/\/www.infomoney.com.br\/wp-content\/uploads\/2019\/06\/transporte-sao-paulo.jpg?fit=300%2C200&amp;quality=70&amp;strip=all\" class=\"attachment-medium size-medium wp-post-image\" alt=\"\" data-attachment-id=\"55250\" data-permalink=\"https:\/\/www.infomoney.com.br\/transporte-sao-paulo\/\" data-orig-file=\"https:\/\/www.infomoney.com.br\/wp-content\/uploads\/2019\/06\/transporte-sao-paulo.jpg?fit=900%2C600&amp;quality=70&amp;strip=all\" data-orig-size=\"900,600\" data-comments-opened=\"1\" data-image-meta='{\"aperture\":\"0\",\"credit\":\"\",\"camera\":\"\",\"caption\":\"\",\"created_timestamp\":\"0\",\"copyright\":\"\",\"focal_length\":\"0\",\"iso\":\"0\",\"shutter_speed\":\"0\",\"title\":\"\",\"orientation\":\"0\"}' data-image-title=\"transporte-sao-paulo\" data-image-description=\"\" data-image-caption=\"\" data-medium-file=\"https:\/\/www.infomoney.com.br\/wp-content\/uploads\/2019\/06\/transporte-sao-paulo.jpg?fit=300%2C200&amp;quality=70&amp;strip=all\" data-large-file=\"https:\/\/www.infomoney.com.br\/wp-content\/uploads\/2019\/06\/transporte-sao-paulo.jpg?fit=900%2C600&amp;quality=70&amp;strip=all\">Custeio seria a partir de um percentual da arrecada\u00e7\u00e3o de impostos e incluiria contribui\u00e7\u00f5es financeiras dos propriet\u00e1rios de ve\u00edculos e empres\u00e1rios<\/p>\n<p>The post <a rel=\"nofollow\" href=\"https:\/\/www.infomoney.com.br\/politica\/debatedores-reivindicam-aprovacao-de-pec-que-cria-tarifa-zero-no-transporte-publico\/\">Debatedores reivindicam aprova\u00e7\u00e3o de PEC que cria tarifa zero no transporte p\u00fablico<\/a> appeared first on <a rel=\"nofollow\" href=\"https:\/\/www.infomoney.com.br\/\">InfoMoney<\/a>.<\/p>\n","protected":false},"author":47,"featured_media":0,"comment_status":"closed","ping_status":"closed","sticky":false,"template":"","format":"standard","meta":{"advgb_blocks_editor_width":"","advgb_blocks_columns_visual_guide":"","footnotes":""},"categories":[276,490,359,34,47,1985],"tags":[35],"class_list":["post-21071","post","type-post","status-publish","format-standard","hentry","category-camara-dos-deputados","category-comissoes","category-congresso-nacional","category-g1","category-politica","category-transporte-publico","tag-g1"],"author_meta":{"display_name":"luispereira","author_link":"https:\/\/sindaopcpb.org.br\/author\/luispereira\/"},"featured_img":null,"coauthors":[],"tax_additional":{"categories":{"linked":["<a href=\"https:\/\/sindaopcpb.org.br\/camara-dos-deputados\/\" class=\"advgb-post-tax-term\">C\u00e2mara dos Deputados<\/a>","<a href=\"https:\/\/sindaopcpb.org.br\/comissoes\/\" class=\"advgb-post-tax-term\">Comiss\u00f5es<\/a>","<a href=\"https:\/\/sindaopcpb.org.br\/congresso-nacional\/\" class=\"advgb-post-tax-term\">Congresso Nacional<\/a>","<a href=\"https:\/\/sindaopcpb.org.br\/g1\/\" class=\"advgb-post-tax-term\">G1<\/a>","<a href=\"https:\/\/sindaopcpb.org.br\/politica\/\" class=\"advgb-post-tax-term\">POLITICA<\/a>","<a href=\"https:\/\/sindaopcpb.org.br\/transporte-publico\/\" class=\"advgb-post-tax-term\">Transporte P\u00fablico<\/a>"],"unlinked":["<span class=\"advgb-post-tax-term\">C\u00e2mara dos Deputados<\/span>","<span class=\"advgb-post-tax-term\">Comiss\u00f5es<\/span>","<span class=\"advgb-post-tax-term\">Congresso Nacional<\/span>","<span class=\"advgb-post-tax-term\">G1<\/span>","<span class=\"advgb-post-tax-term\">POLITICA<\/span>","<span class=\"advgb-post-tax-term\">Transporte P\u00fablico<\/span>"]},"tags":{"linked":["<a href=\"https:\/\/sindaopcpb.org.br\/transporte-publico\/\" class=\"advgb-post-tax-term\">g1<\/a>"],"unlinked":["<span class=\"advgb-post-tax-term\">g1<\/span>"]}},"comment_count":"0","relative_dates":{"created":"Publicado 3 anos atr\u00e1s","modified":"Atualizado 3 anos atr\u00e1s"},"absolute_dates":{"created":"Publicado em 16 de junho de 2023","modified":"Atualizado em 16 de junho de 2023"},"absolute_dates_time":{"created":"Publicado em 16 de junho de 2023 10:45","modified":"Atualizado em 16 de junho de 2023 10:45"},"featured_img_caption":"","series_order":"","_links":{"self":[{"href":"https:\/\/sindaopcpb.org.br\/index.php\/wp-json\/wp\/v2\/posts\/21071","targetHints":{"allow":["GET"]}}],"collection":[{"href":"https:\/\/sindaopcpb.org.br\/index.php\/wp-json\/wp\/v2\/posts"}],"about":[{"href":"https:\/\/sindaopcpb.org.br\/index.php\/wp-json\/wp\/v2\/types\/post"}],"author":[{"embeddable":true,"href":"https:\/\/sindaopcpb.org.br\/index.php\/wp-json\/wp\/v2\/users\/47"}],"replies":[{"embeddable":true,"href":"https:\/\/sindaopcpb.org.br\/index.php\/wp-json\/wp\/v2\/comments?post=21071"}],"version-history":[{"count":1,"href":"https:\/\/sindaopcpb.org.br\/index.php\/wp-json\/wp\/v2\/posts\/21071\/revisions"}],"predecessor-version":[{"id":21072,"href":"https:\/\/sindaopcpb.org.br\/index.php\/wp-json\/wp\/v2\/posts\/21071\/revisions\/21072"}],"wp:attachment":[{"href":"https:\/\/sindaopcpb.org.br\/index.php\/wp-json\/wp\/v2\/media?parent=21071"}],"wp:term":[{"taxonomy":"category","embeddable":true,"href":"https:\/\/sindaopcpb.org.br\/index.php\/wp-json\/wp\/v2\/categories?post=21071"},{"taxonomy":"post_tag","embeddable":true,"href":"https:\/\/sindaopcpb.org.br\/index.php\/wp-json\/wp\/v2\/tags?post=21071"}],"curies":[{"name":"wp","href":"https:\/\/api.w.org\/{rel}","templated":true}]}}