{"id":21058,"date":"2023-06-16T09:16:38","date_gmt":"2023-06-16T12:16:38","guid":{"rendered":"https:\/\/g1.globo.com\/pb\/paraiba\/noticia\/2023\/06\/16\/idoso-comemora-106-anos-e-neta-revela-segredo-da-longevidade-viver-sem-se-importar-com-a-vida-dos-outros.ghtml"},"modified":"2023-06-16T09:16:38","modified_gmt":"2023-06-16T12:16:38","slug":"idoso-comemora-106-anos-e-neta-revela-segredo-da-longevidade-viver-sem-se-importar-com-a-vida-dos-outros","status":"publish","type":"post","link":"https:\/\/sindaopcpb.org.br\/index.php\/2023\/06\/16\/idoso-comemora-106-anos-e-neta-revela-segredo-da-longevidade-viver-sem-se-importar-com-a-vida-dos-outros\/","title":{"rendered":"Idoso comemora 106 anos, e neta revela segredo da longevidade: &#8216;viver sem se importar com a vida dos outros&#8217;"},"content":{"rendered":"   <img src=\"https:\/\/s2.glbimg.com\/5q39-DB2BprFYPOETzIpDIotxVs=\/i.s3.glbimg.com\/v1\/AUTH_59edd422c0c84a879bd37670ae4f538a\/internal_photos\/bs\/2023\/z\/R\/sRA4T4R6Km3A6zf2VK7g\/idoso-106-anos-aniversario1.png\" \/><br \/>     Segundo a fam\u00edlia, apesar da longa idade, ele est\u00e1 com a sa\u00fade praticamente intacta.  Manoel Isidoro comemorou 106 anos de idade ao lado de filhas, neta e bisneta\nTV Cabo Branco\/Reprodu\u00e7\u00e3o\nCom um caf\u00e9 da manh\u00e3, a fam\u00edlia de Manoel Isidoro de Oliveira se reuniu na manh\u00e3 desta quinta-feira (15) para comemorar seus 106 anos. Nascido em 1917, o idoso presenciou grandes momentos da hist\u00f3ria da humanidade, desde as grandes guerras at\u00e9 a pandemia de Covid-19. Segundo a fam\u00edlia, apesar da longa idade, ele est\u00e1 com a sa\u00fade praticamente intacta. \nO idoso passou boa parte de sua vida no munic\u00edpio de Alagoa Grande, localizada h\u00e1 110,1 km de Jo\u00e3o Pessoa. Por\u00e9m, a fam\u00edlia consultou o idoso sobre a possibilidade se vir morar em Jo\u00e3o Pessoa e ele aceitou. De acordo com sua neta, Larissa Oliveira, o idoso trabalhava como torneiro mec\u00e2nico, \u00e9 militar reformado e teria sido combatente da Segunda Guerra Mundial.\nFam\u00edlia comemora 106 anos de idoso com caf\u00e9 da manh\u00e3\nReprodu\u00e7\u00e3o: TV Cabo Branco\nNa manh\u00e3 desta quinta-feira (15), algumas de suas filhas, netas e bisnetas se reuniram em uma comemora\u00e7\u00e3o simples, porque ele recentemente come\u00e7ou a ficar mais debilitado. E \u00e9 assim mesmo que seu Manoel quer comemorar seus 106 anos de vida, pertinho da fam\u00edlia. \"Principalmente hoje. O que eu mais preciso, n\u00e3o preciso de conforto. Mas tenho o prazer de apresentar a minha fam\u00edlia\", disse \u00e0 reportagem da TV Cabo Branco.\nApesar de estar um pouco debilitado por causa da idade, fam\u00edlia garante que ele ainda \"esbanja sa\u00fade\". \u201cEle n\u00e3o tem press\u00e3o alta, n\u00e3o tem diabetes. Meu maior medo na pandemia era perder ele para a Covid-19\u201d, afirma a neta, Larissa Oliveira. Ele foi o \u00fanico que na fam\u00edlia que n\u00e3o pegou Covid.\nLarissa conta que o seu av\u00f4 j\u00e1 contou qual o segredo para chegar at\u00e9 essa idade: \"viver a vida sem se importar com a vida dos outros\". \nManoel comemorou 106 anos ao lado de filhas, em Jo\u00e3o Pessoa\nTV Cabo Branco\/Reprodu\u00e7\u00e3o\nLarissa Oliveira defende que \u00e9 um privil\u00e9gio ter ele com tanta idade e que toda fam\u00edlia se alegra. \"Todo ano a gente comemora e pensa: Meu Deus, ser\u00e1 que vamos viver tanto tempo como ele?\u201d, afirma. O restante da fam\u00edlia compartilha o sentimento. A filha do idoso, R\u00fabia Oliveira, explica que \u00e9 muito gratificante cuidar do pai e se emociona ao dizer que tem medo de o perder. Ela \u00e9 a ca\u00e7ula e afirma que sempre foi muito pr\u00f3xima do pai, sempre muito mimada e nunca recebeu uma reclama\u00e7\u00e3o.\nA bisneta Ana Lara, de 9 anos, reclama que os amigos e a professora n\u00e3o acreditam quando ela conta que o av\u00f4 tem 106 anos. Ela at\u00e9 mostra a foto dele, que foi tirada no anivers\u00e1rio de 100 anos de Manoel, e por isso todo mundo acha que n\u00e3o \u00e9 verdade. \nBisneta Ana Lara, de 9 anos, reclama que os amigos e a professora n\u00e3o acreditam quando ela conta que o bisav\u00f4 tem 106 anos\nTV Cabo Branco\/Reprodu\u00e7\u00e3o\nV\u00eddeos mais assistidos do g1 Para\u00edba  ","protected":false},"excerpt":{"rendered":"<p>        Segundo a fam\u00edlia, apesar da longa idade, ele est\u00e1 com a sa\u00fade praticamente intacta.  Manoel Isidoro comemorou 106 anos de idade ao lado de filhas, neta e bisneta<br \/>\nTV Cabo Branco\/Reprodu\u00e7\u00e3o<br \/>\nCom um caf\u00e9 da manh\u00e3, a fam\u00edlia de Manoel Isidoro de Ol&#8230;<\/p>\n","protected":false},"author":2,"featured_media":0,"comment_status":"closed","ping_status":"closed","sticky":false,"template":"","format":"standard","meta":{"advgb_blocks_editor_width":"","advgb_blocks_columns_visual_guide":"","footnotes":""},"categories":[34],"tags":[35],"class_list":["post-21058","post","type-post","status-publish","format-standard","hentry","category-g1","tag-g1"],"author_meta":{"display_name":"g1 &gt; Para\u00edba","author_link":"https:\/\/sindaopcpb.org.br\/author\/g1-paraiba\/"},"featured_img":null,"coauthors":[],"tax_additional":{"categories":{"linked":["<a href=\"https:\/\/sindaopcpb.org.br\/g1\/\" class=\"advgb-post-tax-term\">G1<\/a>"],"unlinked":["<span class=\"advgb-post-tax-term\">G1<\/span>"]},"tags":{"linked":["<a href=\"https:\/\/sindaopcpb.org.br\/g1\/\" class=\"advgb-post-tax-term\">g1<\/a>"],"unlinked":["<span class=\"advgb-post-tax-term\">g1<\/span>"]}},"comment_count":"0","relative_dates":{"created":"Publicado 3 anos atr\u00e1s","modified":"Atualizado 3 anos atr\u00e1s"},"absolute_dates":{"created":"Publicado em 16 de junho de 2023","modified":"Atualizado em 16 de junho de 2023"},"absolute_dates_time":{"created":"Publicado em 16 de junho de 2023 09:16","modified":"Atualizado em 16 de junho de 2023 09:16"},"featured_img_caption":"","series_order":"","_links":{"self":[{"href":"https:\/\/sindaopcpb.org.br\/index.php\/wp-json\/wp\/v2\/posts\/21058","targetHints":{"allow":["GET"]}}],"collection":[{"href":"https:\/\/sindaopcpb.org.br\/index.php\/wp-json\/wp\/v2\/posts"}],"about":[{"href":"https:\/\/sindaopcpb.org.br\/index.php\/wp-json\/wp\/v2\/types\/post"}],"author":[{"embeddable":true,"href":"https:\/\/sindaopcpb.org.br\/index.php\/wp-json\/wp\/v2\/users\/2"}],"replies":[{"embeddable":true,"href":"https:\/\/sindaopcpb.org.br\/index.php\/wp-json\/wp\/v2\/comments?post=21058"}],"version-history":[{"count":1,"href":"https:\/\/sindaopcpb.org.br\/index.php\/wp-json\/wp\/v2\/posts\/21058\/revisions"}],"predecessor-version":[{"id":21059,"href":"https:\/\/sindaopcpb.org.br\/index.php\/wp-json\/wp\/v2\/posts\/21058\/revisions\/21059"}],"wp:attachment":[{"href":"https:\/\/sindaopcpb.org.br\/index.php\/wp-json\/wp\/v2\/media?parent=21058"}],"wp:term":[{"taxonomy":"category","embeddable":true,"href":"https:\/\/sindaopcpb.org.br\/index.php\/wp-json\/wp\/v2\/categories?post=21058"},{"taxonomy":"post_tag","embeddable":true,"href":"https:\/\/sindaopcpb.org.br\/index.php\/wp-json\/wp\/v2\/tags?post=21058"}],"curies":[{"name":"wp","href":"https:\/\/api.w.org\/{rel}","templated":true}]}}