{"id":21056,"date":"2023-06-16T09:36:52","date_gmt":"2023-06-16T12:36:52","guid":{"rendered":"https:\/\/g1.globo.com\/pb\/paraiba\/musica\/noticia\/2023\/06\/16\/qual-e-a-boa-confira-a-agenda-cultural-para-esse-fim-de-semana-16-17-e-18-de-junho-na-paraiba.ghtml"},"modified":"2023-06-16T09:36:52","modified_gmt":"2023-06-16T12:36:52","slug":"qual-e-a-boa-confira-a-agenda-cultural-para-esse-fim-de-semana-16-17-e-18-de-junho-na-paraiba","status":"publish","type":"post","link":"https:\/\/sindaopcpb.org.br\/index.php\/2023\/06\/16\/qual-e-a-boa-confira-a-agenda-cultural-para-esse-fim-de-semana-16-17-e-18-de-junho-na-paraiba\/","title":{"rendered":"Qual \u00e9 a Boa? Confira a agenda cultural para esse fim de semana, 16, 17 e 18 de junho na Para\u00edba"},"content":{"rendered":"   <img src=\"https:\/\/s2.glbimg.com\/4HnDbM6tdotVzVOPx4l6uFNfUAs=\/i.s3.glbimg.com\/v1\/AUTH_59edd422c0c84a879bd37670ae4f538a\/internal_photos\/bs\/2022\/F\/h\/qr5fZ5QKWqjQcVtuMaVQ\/img-1745.jpg\" \/><br \/>     Fim de semana tem shows musicais e outras festas em cidades paraibanas. Santanna canta em cidades paraibanas neste fim de semana\nBruna Couto\/g1\nA agenda cultural do \u201cQual \u00e9 a Boa?\u201d traz festas, shows e outros eventos que acontecem na Para\u00edba nesta sexta-feira (16) e no fim de semana, s\u00e1bado (17) e domingo (18). Confira as atra\u00e7\u00f5es abaixo.\nVeja o que fazer no Guia Qual \u00e9 a Boa\nConfira a programa\u00e7\u00e3o do S\u00e3o Jo\u00e3o de Campina Grande\nSEXTA-FEIRA\nS\u00e3o Jo\u00e3o de Campina Grande\nArtistas: Xand Avi\u00e3o, \u00c1vine Vinny, Brasas do Forr\u00f3 e Millane\nLocal: Parque do Povo - Campina Grande\nHor\u00e1rio: 18h30 (sexta-feira)\nSoul Jo\u00e3o\nArtistas: Bhaskar, Gabe, Liu, Meca, Luke ft Alvarez\nLocal: Celebre La Vie - Lagoa Seca\nHor\u00e1rio: 21h (sexta-feira)\nFabiana Souto no Arrai\u00e1 do Sesc A\u00e7ude Velho\nLocal: Sesc A\u00e7ude Velho - Campina Grande\nHor\u00e1rio: 18h (sexta-feira)\nSal\u00e3o do Artesanato Paraibano \nArtistas: Trio Forr\u00f3 Borborema, Pablo da Rabeca e Quadrilha Roj\u00e3o do Forr\u00f3\nLocal: Sal\u00e3o do Artesanato Paraibano  - Campina Grande\nHor\u00e1rio: 17h (sexta-feira)\nS\u00e3o Jo\u00e3o de Sousa\nArtistas: Calcinha Preta, Eric Land, Os 3 do Nordeste, Lucas Gomes e Spido Rey\nLocal: Sousa\nHor\u00e1rio: 19h (sexta-feira)\nS\u00e3o Jo\u00e3o de Bananeiras\nArtistas: Fl\u00e1vio Jos\u00e9, Santanna, Taty Girl e Adu\u00edlio Mendes\nLocal: Bananeira\u2019s Park\nHor\u00e1rio: 20h (sexta-feira)\nFestival e Feira de Cordel\nLocal: Feirinha de Artesanato de Tamba\u00fa - Jo\u00e3o Pessoa\nHor\u00e1rio: 17h (sexta, s\u00e1bado e domingo)\nFestival Estadual das Estrelas Juninas da Para\u00edba\nAtra\u00e7\u00f5es musicais: Juz\u00e9, Lukete e Os Gonzagas + Alberto Bakana\nLocal: Arena Almeid\u00e3o - Jo\u00e3o Pessoa\nHor\u00e1rio: 18h30 (sexta-feira)\nArray\u00e1 da Madu\nLocal: General Store - Jo\u00e3o Pessoa\nHor\u00e1rio: 19h (sexta-feira)\nForr\u00f3 Fininho\nLocal: Vila do Porto - Jo\u00e3o Pessoa\nHor\u00e1rio: 20h (sexta-feira)\nS\u00c1BADO \nDorgival Dantas \u00e9 atra\u00e7\u00e3o no Arrai\u00e1 de Cumpade\nBruna Couto\/g1\nArrai\u00e1 de Cumpade\nArtistas: Dorgival Dantas, Fabiano Guimar\u00e3es, Cumpade Jo\u00e3o e Forr\u00f3 Lampejo\nLocal: Parque do Povo - Campina Grande\nHor\u00e1rio: 18h30 (s\u00e1bado)\nS\u00e3o Jo\u00e3o de Campina Grande\nArtistas: Murilo Huff, Dorgival Dantas, Z\u00e9 Cantor e Jefferson Arretado\nLocal: Parque do Povo - Campina Grande\nHor\u00e1rio: 18h30 (s\u00e1bado)\nVila S\u00edtio S\u00e3o Jo\u00e3o\nArtistas: Santanna, M\u00f4 Lima, Luciene Melo e Fabiana Souto\nLocal: Vila S\u00edtio S\u00e3o Jo\u00e3o - Campina Grande\nHor\u00e1rio: 12h (s\u00e1bado)\nS\u00e3o Jo\u00e3o do Campestre \nArtistas: Santanna, Katia Cilene, Vicente Nery e Fabiano Guimar\u00e3es\nLocal: Clube Campestre - Campina Grande\nHor\u00e1rio: (s\u00e1bado)\nVila do Artes\u00e3o\nArtistas: Trio Luca da Para\u00edba e Trio Araras do Forr\u00f3\nLocal: Vila do Artes\u00e3o - Campina Grande\nHor\u00e1rio: 15h (s\u00e1bado)\nSal\u00e3o do Artesanato Paraibano \nArtistas: Seu Branco, Donas da Farra, Ray Rodrigues e Bel\u00e9 Folcl\u00f3rico Sisais \nLocal: Sal\u00e3o do Artesanato Paraibano  - Campina Grande\nHor\u00e1rio: 16h (s\u00e1bado)\nSoul Jo\u00e3o\nArtistas: Henrique e Juliano, Felipe Amorim, Samhara, Jopin, Kalina\nLocal: Celebre La Vie - Lagoa Seca\nHor\u00e1rio: 21h (s\u00e1bado)\nAmazan no Arrai\u00e1 do Sesc A\u00e7ude Velho\nLocal: Sesc A\u00e7ude Velho - Campina Grande\nHor\u00e1rio: 18h (s\u00e1bado)\nS\u00e3o Jo\u00e3o no distrito de Galante\nArtistas: Jo\u00e3o Lima, Stella Alves e Alberto Bakana\nLocal: Distrito de Galante - Campina Grande\nHor\u00e1rio: 10h (s\u00e1bado)\nS\u00e3o Jo\u00e3o no distrito de S\u00e3o Jos\u00e9 da Mata\nArtistas: Trio Luar do Sert\u00e3o, Trio Introdu\u00e7\u00e3o Musical e Trio Meteoro\nLocal: Distrito de S\u00e3o Jos\u00e9 da Mata - Campina Grande\nHor\u00e1rio: 10h (s\u00e1bado)\nS\u00e3o Jo\u00e3o no distrito de Catol\u00e9 de Boa Vista\nArtistas: Trio Brasileiro, Trio Puxando o fole e Trio Raio de Luz\nLocal: Distrito de Catol\u00e9 de Boa Vista - Campina Grande\nHor\u00e1rio: 10h (s\u00e1bado)\nS\u00e3o Jo\u00e3o de Sousa\nArtistas: Wesley Safad\u00e3o, JM Puxado, Breno Andrade e Emiliano Pordeus\nLocal: Sousa\nHor\u00e1rio: 19h (s\u00e1bado)\nS\u00e3o Jo\u00e3o de Bananeiras\nArtistas: Dorgival Dantas, Felipe Ara\u00fajo, Cavalo de Pau, Curi\u00f3 e Fabr\u00edcio Rodrigues\nLocal: Bananeira\u2019s Park\nHor\u00e1rio: 20h (s\u00e1bado)\nFurmiga Dub\nLocal: General Store - Jo\u00e3o Pessoa\nHor\u00e1rio: 18h (s\u00e1bado)\nBixarte no Encontro Paraibano de Pessoas Trans e Travestis\nLocal: Teatro Arena do Espa\u00e7o Cultural - Jo\u00e3o Pessoa\nHor\u00e1rio: 21h30 (s\u00e1bado)\nArrai\u00e1 do Tamo Junto\nLocal: Vila do Porto - Jo\u00e3o Pessoa\nHor\u00e1rio: 20h (s\u00e1bado)\nDOMINGO\nVila S\u00edtio S\u00e3o Jo\u00e3o\nArtistas: Cavalo de Pau, Ranniery Gomes, Jefferson Arretado e Forr\u00f3 Campina\nLocal: Vila S\u00edtio S\u00e3o Jo\u00e3o - Campina Grande\nHor\u00e1rio: 12h30 (domingo)\nVila do Artes\u00e3o\nArtistas: Trio Vicent\u00e3o do Forr\u00f3 e Trio Forr\u00f3 Legal\nLocal: Vila do Artes\u00e3o - Campina Grande\nHor\u00e1rio: 14h (domingo)\nS\u00e3o Jo\u00e3o de Campina Grande\nArtistas: Matheus e Kauan, Ra\u00ed Saia Rodada, Ramon Schnayder e Banda Cascavel\nLocal: Parque do Povo - Campina Grande\nHor\u00e1rio: 19h (domingo)\nSal\u00e3o do Artesanato Paraibano \nArtistas: Maracagrande, Forr\u00f3 Tap e Quadrilha Arrai\u00e1 em Paris\nLocal: Sal\u00e3o do Artesanato Paraibano  - Campina Grande\nHor\u00e1rio: 16h (domingo)\nS\u00e3o Jo\u00e3o no distrito de Galante\nArtistas: Clarissa e Mikaelle, Ranniery Gomes e Fabiano Guimar\u00e3es\nLocal: Distrito de Galante - Campina Grande\nHor\u00e1rio: 10h (domingo)\nS\u00e3o Jo\u00e3o no distrito de S\u00e3o Jos\u00e9 da Mata\nArtistas: Trio Z\u00e9 Ramires, Lula do Acordeon e Trio Xaxado\nLocal: Distrito de S\u00e3o Jos\u00e9 da Mata - Campina Grande\nHor\u00e1rio: 10h (domingo)\nS\u00e3o Jo\u00e3o no distrito de Catol\u00e9 de Boa Vista\nArtistas: Trio Balan\u00e7adinho, Trio Xaxado e Trio Vaqueirama\nLocal: Distrito de Catol\u00e9 de Boa Vista - Campina Grande\nHor\u00e1rio: 10h (domingo)\nS\u00e3o Jo\u00e3o do BDC\nArtistas: Durval Lelys, Ramon Schnayder e Geg\u00ea Bismarck\nLocal: Bar do Cuscuz - Campina Grande\nHor\u00e1rio: 15h (domingo)\nV\u00eddeos mais assistidos do g1 Para\u00edba  ","protected":false},"excerpt":{"rendered":"<p>        Fim de semana tem shows musicais e outras festas em cidades paraibanas. Santanna canta em cidades paraibanas neste fim de semana<br \/>\nBruna Couto\/g1<br \/>\nA agenda cultural do \u201cQual \u00e9 a Boa?\u201d traz festas, shows e outros eventos que acontecem na Para\u00edba ne&#8230;<\/p>\n","protected":false},"author":2,"featured_media":0,"comment_status":"closed","ping_status":"closed","sticky":false,"template":"","format":"standard","meta":{"advgb_blocks_editor_width":"","advgb_blocks_columns_visual_guide":"","footnotes":""},"categories":[34],"tags":[35],"class_list":["post-21056","post","type-post","status-publish","format-standard","hentry","category-g1","tag-g1"],"author_meta":{"display_name":"g1 &gt; Para\u00edba","author_link":"https:\/\/sindaopcpb.org.br\/author\/g1-paraiba\/"},"featured_img":null,"coauthors":[],"tax_additional":{"categories":{"linked":["<a href=\"https:\/\/sindaopcpb.org.br\/g1\/\" class=\"advgb-post-tax-term\">G1<\/a>"],"unlinked":["<span class=\"advgb-post-tax-term\">G1<\/span>"]},"tags":{"linked":["<a href=\"https:\/\/sindaopcpb.org.br\/g1\/\" class=\"advgb-post-tax-term\">g1<\/a>"],"unlinked":["<span class=\"advgb-post-tax-term\">g1<\/span>"]}},"comment_count":"0","relative_dates":{"created":"Publicado 3 anos atr\u00e1s","modified":"Atualizado 3 anos atr\u00e1s"},"absolute_dates":{"created":"Publicado em 16 de junho de 2023","modified":"Atualizado em 16 de junho de 2023"},"absolute_dates_time":{"created":"Publicado em 16 de junho de 2023 09:36","modified":"Atualizado em 16 de junho de 2023 09:36"},"featured_img_caption":"","series_order":"","_links":{"self":[{"href":"https:\/\/sindaopcpb.org.br\/index.php\/wp-json\/wp\/v2\/posts\/21056","targetHints":{"allow":["GET"]}}],"collection":[{"href":"https:\/\/sindaopcpb.org.br\/index.php\/wp-json\/wp\/v2\/posts"}],"about":[{"href":"https:\/\/sindaopcpb.org.br\/index.php\/wp-json\/wp\/v2\/types\/post"}],"author":[{"embeddable":true,"href":"https:\/\/sindaopcpb.org.br\/index.php\/wp-json\/wp\/v2\/users\/2"}],"replies":[{"embeddable":true,"href":"https:\/\/sindaopcpb.org.br\/index.php\/wp-json\/wp\/v2\/comments?post=21056"}],"version-history":[{"count":1,"href":"https:\/\/sindaopcpb.org.br\/index.php\/wp-json\/wp\/v2\/posts\/21056\/revisions"}],"predecessor-version":[{"id":21057,"href":"https:\/\/sindaopcpb.org.br\/index.php\/wp-json\/wp\/v2\/posts\/21056\/revisions\/21057"}],"wp:attachment":[{"href":"https:\/\/sindaopcpb.org.br\/index.php\/wp-json\/wp\/v2\/media?parent=21056"}],"wp:term":[{"taxonomy":"category","embeddable":true,"href":"https:\/\/sindaopcpb.org.br\/index.php\/wp-json\/wp\/v2\/categories?post=21056"},{"taxonomy":"post_tag","embeddable":true,"href":"https:\/\/sindaopcpb.org.br\/index.php\/wp-json\/wp\/v2\/tags?post=21056"}],"curies":[{"name":"wp","href":"https:\/\/api.w.org\/{rel}","templated":true}]}}