{"id":21048,"date":"2023-06-16T09:42:00","date_gmt":"2023-06-16T12:42:00","guid":{"rendered":"https:\/\/www.infomoney.com.br\/?p=2162659"},"modified":"2023-06-16T09:42:00","modified_gmt":"2023-06-16T12:42:00","slug":"cresceu-probabilidade-de-ipca-de-2023-fechar-perto-ou-abaixo-de-5-diz-secretario-da-fazenda","status":"publish","type":"post","link":"https:\/\/sindaopcpb.org.br\/index.php\/2023\/06\/16\/cresceu-probabilidade-de-ipca-de-2023-fechar-perto-ou-abaixo-de-5-diz-secretario-da-fazenda\/","title":{"rendered":"Cresceu probabilidade de IPCA de 2023 fechar perto ou abaixo de 5%, diz secret\u00e1rio da Fazenda"},"content":{"rendered":"<p><img loading=\"lazy\" width=\"300\" height=\"200\" src=\"https:\/\/www.infomoney.com.br\/wp-content\/uploads\/2023\/05\/52687581875_e146b1acd1_c.jpg?fit=300%2C200&amp;quality=70&amp;strip=all\" class=\"attachment-medium size-medium wp-post-image\" alt=\"\" decoding=\"async\" style=\"float:right; margin:0 0 10px 10px;\" srcset=\"https:\/\/www.infomoney.com.br\/wp-content\/uploads\/2023\/05\/52687581875_e146b1acd1_c.jpg?w=799&amp;quality=70&amp;strip=all 799w, https:\/\/www.infomoney.com.br\/wp-content\/uploads\/2023\/05\/52687581875_e146b1acd1_c.jpg?w=300&amp;quality=70&amp;strip=all 300w, https:\/\/www.infomoney.com.br\/wp-content\/uploads\/2023\/05\/52687581875_e146b1acd1_c.jpg?w=768&amp;quality=70&amp;strip=all 768w, https:\/\/www.infomoney.com.br\/wp-content\/uploads\/2023\/05\/52687581875_e146b1acd1_c.jpg?w=150&amp;quality=70&amp;strip=all 150w\" sizes=\"auto, (max-width: 300px) 100vw, 300px\" data-attachment-id=\"2145329\" data-permalink=\"https:\/\/www.infomoney.com.br\/politica\/mercado-ainda-nao-incorporou-conjunto-de-medidas-do-governo-para-o-crescimento-diz-guilherme-mello\/attachment\/52687581875_e146b1acd1_c\/\" data-orig-file=\"https:\/\/www.infomoney.com.br\/wp-content\/uploads\/2023\/05\/52687581875_e146b1acd1_c.jpg?fit=799%2C533&amp;quality=70&amp;strip=all\" data-orig-size=\"799,533\" data-comments-opened=\"0\" data-image-meta=\"{&quot;aperture&quot;:&quot;0&quot;,&quot;credit&quot;:&quot;Washington Costa&quot;,&quot;camera&quot;:&quot;&quot;,&quot;caption&quot;:&quot;&quot;,&quot;created_timestamp&quot;:&quot;0&quot;,&quot;copyright&quot;:&quot;Ministerio da Fazenda&quot;,&quot;focal_length&quot;:&quot;0&quot;,&quot;iso&quot;:&quot;0&quot;,&quot;shutter_speed&quot;:&quot;0&quot;,&quot;title&quot;:&quot;&quot;,&quot;orientation&quot;:&quot;0&quot;}\" data-image-title=\"Guilherme Mello\" data-image-description=\"\" data-image-caption=\"&lt;p&gt;O secret\u00e1rio de Pol\u00edtica Econ\u00f4mica do Minist\u00e9rio da Fazenda, Guilherme Mello (Foto: Washington Costa\/MF)&lt;\/p&gt;\n\" data-medium-file=\"https:\/\/www.infomoney.com.br\/wp-content\/uploads\/2023\/05\/52687581875_e146b1acd1_c.jpg?fit=300%2C200&amp;quality=70&amp;strip=all\" data-large-file=\"https:\/\/www.infomoney.com.br\/wp-content\/uploads\/2023\/05\/52687581875_e146b1acd1_c.jpg?fit=799%2C533&amp;quality=70&amp;strip=all\" title=\"\"><\/p>\n<p>O secret\u00e1rio de Pol\u00edtica Econ\u00f4mica do Minist\u00e9rio da Fazenda, Guilherme Mello, disse, nesta quinta-feira (15), que cresceu a probabilidade de o IPCA deste ano terminar perto de 5% ou mesmo abaixo deste n\u00edvel. &#8220;Eu diria que n\u00e3o \u00e9 s\u00f3 poss\u00edvel. Existe a possibilidade real e bem razo\u00e1vel, uma probabilidade mesmo, de a infla\u00e7\u00e3o fechar pr\u00f3ximo ou abaixo de 5% em 2023&#8221;, disse ao <i>Broadcast<\/i>(sistema de not\u00edcias em tempo real do Grupo Estado).<\/p>\n<p>Se este novo cen\u00e1rio for confirmado, o IPCA ficar\u00e1 dentro do intervalo de metas de infla\u00e7\u00e3o perseguida pelo Banco Central este ano, que \u00e9 de 1,75% a 4,75%, afirmou. &#8220;\u00c9 at\u00e9 poss\u00edvel que haja o cumprimento da meta, que n\u00e3o era mais esperado&#8221;, ressaltou. Recentemente, o presidente do BC, Roberto Campos Neto, disse em um evento com varejistas que o IPCA pode ficar negativo em junho, mas ressalvou que, na sequ\u00eancia, deve voltar a subir. O banqueiro central tamb\u00e9m tem estimado a infla\u00e7\u00e3o entre 4,5% e 5,0% este ano. Mello disse que as eleva\u00e7\u00f5es de pre\u00e7o no segundo semestre j\u00e1 est\u00e3o incorporadas. &#8220;Estamos acompanhando cada \u00edndice que sai.&#8221;<\/p>\n<p>As proje\u00e7\u00f5es detalhadas da Fazenda devem ser divulgadas &#8220;em breve&#8221; pela SPE. A grade das expectativas \u00e9 apresentada a cada dois meses, em m\u00e9dia. Para o crescimento do Produto Interno Bruto (PIB), Mello salientou que a proje\u00e7\u00e3o atual est\u00e1 entre 2,0% e 2,5%, mas que os dados mais recentes de atividade d\u00e3o a entender que a economia estar\u00e1 crescendo mais perto de 2,5% este ano. &#8220;Est\u00e1 para sair a grade, mas temos tempo ainda de recalcular&#8221;, disse o secret\u00e1rio.<\/p>\n<p>Mello esteve no Pal\u00e1cio do Planalto para tratar de assuntos ligados \u00e0 ecologia e ao Plano Safra. O Plano precisa ser aprovado pelo Conselho Monet\u00e1rio Nacional (CMN), que se reunir\u00e1 no dia 29, mesma data marcada para o debate sobre a meta de infla\u00e7\u00e3o. Como j\u00e1 havia adiantado o <b>Broadcast<\/b>, o Plano Safra este ano ter\u00e1 uma pegada mais sustent\u00e1vel, com benef\u00edcios para os agricultores que protegerem o meio ambiente.<\/p>\n<p>De acordo com o secret\u00e1rio, ainda n\u00e3o h\u00e1 uma defini\u00e7\u00e3o sobre o volume de recursos que ser\u00e1 destinado ao programa de 2023\/2024. Tampouco as taxas de juros e a discuss\u00e3o sobre o or\u00e7amento que ser\u00e1 destinado \u00e0 equaliza\u00e7\u00e3o foram fechadas. &#8220;O que sabemos \u00e9 que ser\u00e1 um plano forte tanto para produ\u00e7\u00e3o alimentos quanto cooperativas e vai ter um refor\u00e7o para o pequeno e o m\u00e9dio produtor, principalmente aquele que apresentar mais pegada de sustentabilidade ambiental.&#8221;<\/p>\n<p>The post <a rel=\"nofollow noopener\" href=\"https:\/\/www.infomoney.com.br\/politica\/cresceu-probabilidade-de-ipca-de-2023-fechar-perto-ou-abaixo-de-5-diz-secretario-da-fazenda\/\" target=\"_blank\">Cresceu probabilidade de IPCA de 2023 fechar perto ou abaixo de 5%, diz secret\u00e1rio da Fazenda<\/a> appeared first on <a rel=\"nofollow noopener\" href=\"https:\/\/www.infomoney.com.br\/\" target=\"_blank\">InfoMoney<\/a>.<\/p>\n","protected":false},"excerpt":{"rendered":"<p><img loading=\"lazy\" decoding=\"async\" width=\"300\" height=\"200\" src=\"https:\/\/www.infomoney.com.br\/wp-content\/uploads\/2023\/05\/52687581875_e146b1acd1_c.jpg?fit=300%2C200&amp;quality=70&amp;strip=all\" class=\"attachment-medium size-medium wp-post-image\" alt=\"\" data-attachment-id=\"2145329\" data-permalink=\"https:\/\/www.infomoney.com.br\/politica\/mercado-ainda-nao-incorporou-conjunto-de-medidas-do-governo-para-o-crescimento-diz-guilherme-mello\/attachment\/52687581875_e146b1acd1_c\/\" data-orig-file=\"https:\/\/www.infomoney.com.br\/wp-content\/uploads\/2023\/05\/52687581875_e146b1acd1_c.jpg?fit=799%2C533&amp;quality=70&amp;strip=all\" data-orig-size=\"799,533\" data-comments-opened=\"0\" data-image-meta='{\"aperture\":\"0\",\"credit\":\"Washington Costa\",\"camera\":\"\",\"caption\":\"\",\"created_timestamp\":\"0\",\"copyright\":\"Ministerio da Fazenda\",\"focal_length\":\"0\",\"iso\":\"0\",\"shutter_speed\":\"0\",\"title\":\"\",\"orientation\":\"0\"}' data-image-title=\"Guilherme Mello\" data-image-description=\"\" data-image-caption=\"&lt;p&gt;O secret\u00e1rio de Pol\u00edtica Econ\u00f4mica do Minist\u00e9rio da Fazenda, Guilherme Mello (Foto: Washington Costa\/MF)&lt;\/p&gt;\n\" data-medium-file=\"https:\/\/www.infomoney.com.br\/wp-content\/uploads\/2023\/05\/52687581875_e146b1acd1_c.jpg?fit=300%2C200&amp;quality=70&amp;strip=all\" data-large-file=\"https:\/\/www.infomoney.com.br\/wp-content\/uploads\/2023\/05\/52687581875_e146b1acd1_c.jpg?fit=799%2C533&amp;quality=70&amp;strip=all\">Para o crescimento do Produto Interno Bruto (PIB), o secret\u00e1rio de Pol\u00edtica Econ\u00f4mica salientou que a proje\u00e7\u00e3o atual est\u00e1 entre 2,0% e 2,5%<\/p>\n<p>The post <a rel=\"nofollow\" href=\"https:\/\/www.infomoney.com.br\/politica\/cresceu-probabilidade-de-ipca-de-2023-fechar-perto-ou-abaixo-de-5-diz-secretario-da-fazenda\/\">Cresceu probabilidade de IPCA de 2023 fechar perto ou abaixo de 5%, diz secret\u00e1rio da Fazenda<\/a> appeared first on <a rel=\"nofollow\" href=\"https:\/\/www.infomoney.com.br\/\">InfoMoney<\/a>.<\/p>\n","protected":false},"author":43,"featured_media":0,"comment_status":"closed","ping_status":"closed","sticky":false,"template":"","format":"standard","meta":{"advgb_blocks_editor_width":"","advgb_blocks_columns_visual_guide":"","footnotes":""},"categories":[34,280,479,130,1909,47],"tags":[35],"class_list":["post-21048","post","type-post","status-publish","format-standard","hentry","category-g1","category-guilherme-mello","category-ipca","category-ministerio-da-fazenda","category-pib","category-politica","tag-g1"],"author_meta":{"display_name":"Estad\u00e3o Conte\u00fado","author_link":"https:\/\/sindaopcpb.org.br\/author\/estadao-conteudo\/"},"featured_img":null,"coauthors":[],"tax_additional":{"categories":{"linked":["<a href=\"https:\/\/sindaopcpb.org.br\/g1\/\" class=\"advgb-post-tax-term\">G1<\/a>","<a href=\"https:\/\/sindaopcpb.org.br\/guilherme-mello\/\" class=\"advgb-post-tax-term\">Guilherme Mello<\/a>","<a href=\"https:\/\/sindaopcpb.org.br\/ipca\/\" class=\"advgb-post-tax-term\">IPCA<\/a>","<a href=\"https:\/\/sindaopcpb.org.br\/ministerio-da-fazenda\/\" class=\"advgb-post-tax-term\">Minist\u00e9rio da Fazenda<\/a>","<a href=\"https:\/\/sindaopcpb.org.br\/pib\/\" class=\"advgb-post-tax-term\">PIB<\/a>","<a href=\"https:\/\/sindaopcpb.org.br\/politica\/\" class=\"advgb-post-tax-term\">POLITICA<\/a>"],"unlinked":["<span class=\"advgb-post-tax-term\">G1<\/span>","<span class=\"advgb-post-tax-term\">Guilherme Mello<\/span>","<span class=\"advgb-post-tax-term\">IPCA<\/span>","<span class=\"advgb-post-tax-term\">Minist\u00e9rio da Fazenda<\/span>","<span class=\"advgb-post-tax-term\">PIB<\/span>","<span class=\"advgb-post-tax-term\">POLITICA<\/span>"]},"tags":{"linked":["<a href=\"https:\/\/sindaopcpb.org.br\/politica\/\" class=\"advgb-post-tax-term\">g1<\/a>"],"unlinked":["<span class=\"advgb-post-tax-term\">g1<\/span>"]}},"comment_count":"0","relative_dates":{"created":"Publicado 3 anos atr\u00e1s","modified":"Atualizado 3 anos atr\u00e1s"},"absolute_dates":{"created":"Publicado em 16 de junho de 2023","modified":"Atualizado em 16 de junho de 2023"},"absolute_dates_time":{"created":"Publicado em 16 de junho de 2023 09:42","modified":"Atualizado em 16 de junho de 2023 09:42"},"featured_img_caption":"","series_order":"","_links":{"self":[{"href":"https:\/\/sindaopcpb.org.br\/index.php\/wp-json\/wp\/v2\/posts\/21048","targetHints":{"allow":["GET"]}}],"collection":[{"href":"https:\/\/sindaopcpb.org.br\/index.php\/wp-json\/wp\/v2\/posts"}],"about":[{"href":"https:\/\/sindaopcpb.org.br\/index.php\/wp-json\/wp\/v2\/types\/post"}],"author":[{"embeddable":true,"href":"https:\/\/sindaopcpb.org.br\/index.php\/wp-json\/wp\/v2\/users\/43"}],"replies":[{"embeddable":true,"href":"https:\/\/sindaopcpb.org.br\/index.php\/wp-json\/wp\/v2\/comments?post=21048"}],"version-history":[{"count":1,"href":"https:\/\/sindaopcpb.org.br\/index.php\/wp-json\/wp\/v2\/posts\/21048\/revisions"}],"predecessor-version":[{"id":21049,"href":"https:\/\/sindaopcpb.org.br\/index.php\/wp-json\/wp\/v2\/posts\/21048\/revisions\/21049"}],"wp:attachment":[{"href":"https:\/\/sindaopcpb.org.br\/index.php\/wp-json\/wp\/v2\/media?parent=21048"}],"wp:term":[{"taxonomy":"category","embeddable":true,"href":"https:\/\/sindaopcpb.org.br\/index.php\/wp-json\/wp\/v2\/categories?post=21048"},{"taxonomy":"post_tag","embeddable":true,"href":"https:\/\/sindaopcpb.org.br\/index.php\/wp-json\/wp\/v2\/tags?post=21048"}],"curies":[{"name":"wp","href":"https:\/\/api.w.org\/{rel}","templated":true}]}}