{"id":21046,"date":"2023-06-16T09:53:00","date_gmt":"2023-06-16T12:53:00","guid":{"rendered":"https:\/\/www.infomoney.com.br\/?p=2162669"},"modified":"2023-06-16T09:53:00","modified_gmt":"2023-06-16T12:53:00","slug":"rui-costa-prorrogar-programa-de-automoveis-foi-brincadeira-de-lula","status":"publish","type":"post","link":"https:\/\/sindaopcpb.org.br\/index.php\/2023\/06\/16\/rui-costa-prorrogar-programa-de-automoveis-foi-brincadeira-de-lula\/","title":{"rendered":"Rui Costa: Prorrogar programa de autom\u00f3veis foi brincadeira de Lula"},"content":{"rendered":"<p><img loading=\"lazy\" width=\"300\" height=\"201\" src=\"https:\/\/www.infomoney.com.br\/wp-content\/uploads\/2019\/06\/patio-de-montadora-em-sao-bernardo-do-campo-automoveis.jpg?fit=300%2C201&amp;quality=70&amp;strip=all\" class=\"attachment-medium size-medium wp-post-image\" alt=\"\" decoding=\"async\" style=\"float:right; margin:0 0 10px 10px;\" srcset=\"https:\/\/www.infomoney.com.br\/wp-content\/uploads\/2019\/06\/patio-de-montadora-em-sao-bernardo-do-campo-automoveis.jpg?w=900&amp;quality=70&amp;strip=all 900w, https:\/\/www.infomoney.com.br\/wp-content\/uploads\/2019\/06\/patio-de-montadora-em-sao-bernardo-do-campo-automoveis.jpg?w=300&amp;quality=70&amp;strip=all 300w, https:\/\/www.infomoney.com.br\/wp-content\/uploads\/2019\/06\/patio-de-montadora-em-sao-bernardo-do-campo-automoveis.jpg?w=768&amp;quality=70&amp;strip=all 768w, https:\/\/www.infomoney.com.br\/wp-content\/uploads\/2019\/06\/patio-de-montadora-em-sao-bernardo-do-campo-automoveis.jpg?w=150&amp;quality=70&amp;strip=all 150w\" sizes=\"auto, (max-width: 300px) 100vw, 300px\" data-attachment-id=\"29485\" data-permalink=\"https:\/\/www.infomoney.com.br\/patio-de-montadora-em-sao-bernardo-do-campo-automoveis\/\" data-orig-file=\"https:\/\/www.infomoney.com.br\/wp-content\/uploads\/2019\/06\/patio-de-montadora-em-sao-bernardo-do-campo-automoveis.jpg?fit=900%2C602&amp;quality=70&amp;strip=all\" data-orig-size=\"900,602\" data-comments-opened=\"1\" data-image-meta=\"{&quot;aperture&quot;:&quot;0&quot;,&quot;credit&quot;:&quot;&quot;,&quot;camera&quot;:&quot;&quot;,&quot;caption&quot;:&quot;&quot;,&quot;created_timestamp&quot;:&quot;0&quot;,&quot;copyright&quot;:&quot;&quot;,&quot;focal_length&quot;:&quot;0&quot;,&quot;iso&quot;:&quot;0&quot;,&quot;shutter_speed&quot;:&quot;0&quot;,&quot;title&quot;:&quot;&quot;,&quot;orientation&quot;:&quot;0&quot;}\" data-image-title=\"patio-de-montadora-em-sao-bernardo-do-campo-automoveis\" data-image-description=\"\" data-image-caption=\"\" data-medium-file=\"https:\/\/www.infomoney.com.br\/wp-content\/uploads\/2019\/06\/patio-de-montadora-em-sao-bernardo-do-campo-automoveis.jpg?fit=300%2C201&amp;quality=70&amp;strip=all\" data-large-file=\"https:\/\/www.infomoney.com.br\/wp-content\/uploads\/2019\/06\/patio-de-montadora-em-sao-bernardo-do-campo-automoveis.jpg?fit=900%2C602&amp;quality=70&amp;strip=all\" title=\"\"><\/p>\n<p>O ministro da Casa Civil, Rui Costa, disse, nesta quinta-feira (15), que o governo Lula n\u00e3o tem planos de ampliar o programa emergencial para o setor automotivo. Segundo ele, o pedido do presidente Luiz In\u00e1cio Lula da Silva (PT), durante reuni\u00e3o ministerial, para que a medida fosse prorrogada foi feito em tom de &#8220;brincadeira&#8221;. Costa falou com a imprensa ap\u00f3s o fim do encontro que durou cerca de nove horas e meia no Pal\u00e1cio do Planalto.<\/p>\n<p>&#8220;N\u00e3o \u00e9 plano do governo. \u00c9 admir\u00e1vel a energia (do presidente). Ele fez uma brincadeira quando foi feito relato por Alckmin de que programa estava tendo sucesso, ele fez uma brincadeira, n\u00e3o est\u00e1 no planejamento do governo&#8221;, respondeu Costa ao ser questionado sobre a declara\u00e7\u00e3o de Lula.<\/p>\n<p>Balan\u00e7o divulgado ontem pelo Minist\u00e9rio de Desenvolvimento, Ind\u00fastria, Com\u00e9rcio e Servi\u00e7os (Midc) mostrou que, do montante de R$ 1,5 bilh\u00e3o de cr\u00e9dito disponibilizado, R$ 340 milh\u00f5es j\u00e1 foram solicitados pelo setor. Dessa parcela, R$ 150 milh\u00f5es servir\u00e3o para os b\u00f4nus aplicados aos carros, que t\u00eam um subs\u00eddio total de R$ 500 milh\u00f5es. A medida est\u00e1 em vigor h\u00e1 menos de duas semanas.<\/p>\n<p>Nesta quarta-feira, 14, ao ser questionado, Haddad disse que n\u00e3o haveria margem para ampliar os cr\u00e9ditos para montadoras de ve\u00edculos leves, que j\u00e1 pedem mais recursos, al\u00e9m dos R$ 500 milh\u00f5es reservados para autom\u00f3veis.<\/p>\n<p>O ministro da Casa Civil avaliou ainda que o &#8220;sucesso&#8221; do programa mostra que, se o governo der condi\u00e7\u00f5es de cr\u00e9dito a popula\u00e7\u00e3o e baixar os custos financeiros, o consumo e a Ind\u00fastria no Pa\u00eds v\u00e3o voltar. &#8220;Com pequeno est\u00edmulo que governo deu, resultado j\u00e1 foi expressivo&#8221;, disse Costa.<\/p>\n<p>O ministro ainda destacou o relato dos presidentes de bancos p\u00fablicos que participaram da reuni\u00e3o, como o Banco do Brasil e Caixa, que, segundo Costa, estudam formas de viabilizar cr\u00e9dito mais barato para atender a parcela mais pobre, al\u00e9m do Banco do Nordeste, que quer aumentar o microcr\u00e9dito para irrigar a economia, disse o ministro, citando o presidente do BNB, Paulo C\u00e2mara.<\/p>\n<p>The post <a rel=\"nofollow noopener\" href=\"https:\/\/www.infomoney.com.br\/politica\/rui-costa-prorrogar-programa-de-automoveis-foi-brincadeira-de-lula\/\" target=\"_blank\">Rui Costa: Prorrogar programa de autom\u00f3veis foi brincadeira de Lula<\/a> appeared first on <a rel=\"nofollow noopener\" href=\"https:\/\/www.infomoney.com.br\/\" target=\"_blank\">InfoMoney<\/a>.<\/p>\n","protected":false},"excerpt":{"rendered":"<p><img loading=\"lazy\" decoding=\"async\" width=\"300\" height=\"201\" src=\"https:\/\/www.infomoney.com.br\/wp-content\/uploads\/2019\/06\/patio-de-montadora-em-sao-bernardo-do-campo-automoveis.jpg?fit=300%2C201&amp;quality=70&amp;strip=all\" class=\"attachment-medium size-medium wp-post-image\" alt=\"\" data-attachment-id=\"29485\" data-permalink=\"https:\/\/www.infomoney.com.br\/patio-de-montadora-em-sao-bernardo-do-campo-automoveis\/\" data-orig-file=\"https:\/\/www.infomoney.com.br\/wp-content\/uploads\/2019\/06\/patio-de-montadora-em-sao-bernardo-do-campo-automoveis.jpg?fit=900%2C602&amp;quality=70&amp;strip=all\" data-orig-size=\"900,602\" data-comments-opened=\"1\" data-image-meta='{\"aperture\":\"0\",\"credit\":\"\",\"camera\":\"\",\"caption\":\"\",\"created_timestamp\":\"0\",\"copyright\":\"\",\"focal_length\":\"0\",\"iso\":\"0\",\"shutter_speed\":\"0\",\"title\":\"\",\"orientation\":\"0\"}' data-image-title=\"patio-de-montadora-em-sao-bernardo-do-campo-automoveis\" data-image-description=\"\" data-image-caption=\"\" data-medium-file=\"https:\/\/www.infomoney.com.br\/wp-content\/uploads\/2019\/06\/patio-de-montadora-em-sao-bernardo-do-campo-automoveis.jpg?fit=300%2C201&amp;quality=70&amp;strip=all\" data-large-file=\"https:\/\/www.infomoney.com.br\/wp-content\/uploads\/2019\/06\/patio-de-montadora-em-sao-bernardo-do-campo-automoveis.jpg?fit=900%2C602&amp;quality=70&amp;strip=all\">Segundo o Minist\u00e9rio de Desenvolvimento, Ind\u00fastria, Com\u00e9rcio e Servi\u00e7os, R$ 340 milh\u00f5es em cr\u00e9dito j\u00e1 foram solicitados pelo setor<\/p>\n<p>The post <a rel=\"nofollow\" href=\"https:\/\/www.infomoney.com.br\/politica\/rui-costa-prorrogar-programa-de-automoveis-foi-brincadeira-de-lula\/\">Rui Costa: Prorrogar programa de autom\u00f3veis foi brincadeira de Lula<\/a> appeared first on <a rel=\"nofollow\" href=\"https:\/\/www.infomoney.com.br\/\">InfoMoney<\/a>.<\/p>\n","protected":false},"author":43,"featured_media":0,"comment_status":"closed","ping_status":"closed","sticky":false,"template":"","format":"standard","meta":{"advgb_blocks_editor_width":"","advgb_blocks_columns_visual_guide":"","footnotes":""},"categories":[3066,2953,34,144,47,573,4774],"tags":[35],"class_list":["post-21046","post","type-post","status-publish","format-standard","hentry","category-automoveis","category-carros","category-g1","category-industria-automotiva","category-politica","category-rui-costa","category-vendas-de-automoveis","tag-g1"],"author_meta":{"display_name":"Estad\u00e3o Conte\u00fado","author_link":"https:\/\/sindaopcpb.org.br\/author\/estadao-conteudo\/"},"featured_img":null,"coauthors":[],"tax_additional":{"categories":{"linked":["<a href=\"https:\/\/sindaopcpb.org.br\/automoveis\/\" class=\"advgb-post-tax-term\">autom\u00f3veis<\/a>","<a href=\"https:\/\/sindaopcpb.org.br\/carros\/\" class=\"advgb-post-tax-term\">Carros<\/a>","<a href=\"https:\/\/sindaopcpb.org.br\/g1\/\" class=\"advgb-post-tax-term\">G1<\/a>","<a href=\"https:\/\/sindaopcpb.org.br\/industria-automotiva\/\" class=\"advgb-post-tax-term\">Ind\u00fastria automotiva<\/a>","<a href=\"https:\/\/sindaopcpb.org.br\/politica\/\" class=\"advgb-post-tax-term\">POLITICA<\/a>","<a href=\"https:\/\/sindaopcpb.org.br\/rui-costa\/\" class=\"advgb-post-tax-term\">Rui Costa<\/a>","<a href=\"https:\/\/sindaopcpb.org.br\/vendas-de-automoveis\/\" class=\"advgb-post-tax-term\">vendas de autom\u00f3veis<\/a>"],"unlinked":["<span class=\"advgb-post-tax-term\">autom\u00f3veis<\/span>","<span class=\"advgb-post-tax-term\">Carros<\/span>","<span class=\"advgb-post-tax-term\">G1<\/span>","<span class=\"advgb-post-tax-term\">Ind\u00fastria automotiva<\/span>","<span class=\"advgb-post-tax-term\">POLITICA<\/span>","<span class=\"advgb-post-tax-term\">Rui Costa<\/span>","<span class=\"advgb-post-tax-term\">vendas de autom\u00f3veis<\/span>"]},"tags":{"linked":["<a href=\"https:\/\/sindaopcpb.org.br\/vendas-de-automoveis\/\" class=\"advgb-post-tax-term\">g1<\/a>"],"unlinked":["<span class=\"advgb-post-tax-term\">g1<\/span>"]}},"comment_count":"0","relative_dates":{"created":"Publicado 3 anos atr\u00e1s","modified":"Atualizado 3 anos atr\u00e1s"},"absolute_dates":{"created":"Publicado em 16 de junho de 2023","modified":"Atualizado em 16 de junho de 2023"},"absolute_dates_time":{"created":"Publicado em 16 de junho de 2023 09:53","modified":"Atualizado em 16 de junho de 2023 09:53"},"featured_img_caption":"","series_order":"","_links":{"self":[{"href":"https:\/\/sindaopcpb.org.br\/index.php\/wp-json\/wp\/v2\/posts\/21046","targetHints":{"allow":["GET"]}}],"collection":[{"href":"https:\/\/sindaopcpb.org.br\/index.php\/wp-json\/wp\/v2\/posts"}],"about":[{"href":"https:\/\/sindaopcpb.org.br\/index.php\/wp-json\/wp\/v2\/types\/post"}],"author":[{"embeddable":true,"href":"https:\/\/sindaopcpb.org.br\/index.php\/wp-json\/wp\/v2\/users\/43"}],"replies":[{"embeddable":true,"href":"https:\/\/sindaopcpb.org.br\/index.php\/wp-json\/wp\/v2\/comments?post=21046"}],"version-history":[{"count":1,"href":"https:\/\/sindaopcpb.org.br\/index.php\/wp-json\/wp\/v2\/posts\/21046\/revisions"}],"predecessor-version":[{"id":21047,"href":"https:\/\/sindaopcpb.org.br\/index.php\/wp-json\/wp\/v2\/posts\/21046\/revisions\/21047"}],"wp:attachment":[{"href":"https:\/\/sindaopcpb.org.br\/index.php\/wp-json\/wp\/v2\/media?parent=21046"}],"wp:term":[{"taxonomy":"category","embeddable":true,"href":"https:\/\/sindaopcpb.org.br\/index.php\/wp-json\/wp\/v2\/categories?post=21046"},{"taxonomy":"post_tag","embeddable":true,"href":"https:\/\/sindaopcpb.org.br\/index.php\/wp-json\/wp\/v2\/tags?post=21046"}],"curies":[{"name":"wp","href":"https:\/\/api.w.org\/{rel}","templated":true}]}}