{"id":20985,"date":"2023-06-15T17:44:26","date_gmt":"2023-06-15T20:44:26","guid":{"rendered":"https:\/\/www.infomoney.com.br\/?p=2162433"},"modified":"2023-06-15T17:44:26","modified_gmt":"2023-06-15T20:44:26","slug":"escolas-e-universidades-privadas-pedem-que-nao-haja-aumento-da-carga-tributaria-para-o-setor","status":"publish","type":"post","link":"https:\/\/sindaopcpb.org.br\/index.php\/2023\/06\/15\/escolas-e-universidades-privadas-pedem-que-nao-haja-aumento-da-carga-tributaria-para-o-setor\/","title":{"rendered":"Escolas e universidades privadas pedem que n\u00e3o haja aumento da carga tribut\u00e1ria para o setor"},"content":{"rendered":"<p><img loading=\"lazy\" width=\"300\" height=\"199\" src=\"https:\/\/www.infomoney.com.br\/wp-content\/uploads\/2023\/04\/fachada-senado_Foto-Leonardo-Sa-Agencia-Senado.jpg?fit=300%2C199&amp;quality=70&amp;strip=all\" class=\"attachment-medium size-medium wp-post-image\" alt=\"\" decoding=\"async\" style=\"float:right; margin:0 0 10px 10px;\" srcset=\"https:\/\/www.infomoney.com.br\/wp-content\/uploads\/2023\/04\/fachada-senado_Foto-Leonardo-Sa-Agencia-Senado.jpg?w=2047&amp;quality=70&amp;strip=all 2047w, https:\/\/www.infomoney.com.br\/wp-content\/uploads\/2023\/04\/fachada-senado_Foto-Leonardo-Sa-Agencia-Senado.jpg?w=300&amp;quality=70&amp;strip=all 300w, https:\/\/www.infomoney.com.br\/wp-content\/uploads\/2023\/04\/fachada-senado_Foto-Leonardo-Sa-Agencia-Senado.jpg?w=768&amp;quality=70&amp;strip=all 768w, https:\/\/www.infomoney.com.br\/wp-content\/uploads\/2023\/04\/fachada-senado_Foto-Leonardo-Sa-Agencia-Senado.jpg?w=1280&amp;quality=70&amp;strip=all 1280w, https:\/\/www.infomoney.com.br\/wp-content\/uploads\/2023\/04\/fachada-senado_Foto-Leonardo-Sa-Agencia-Senado.jpg?w=1536&amp;quality=70&amp;strip=all 1536w, https:\/\/www.infomoney.com.br\/wp-content\/uploads\/2023\/04\/fachada-senado_Foto-Leonardo-Sa-Agencia-Senado.jpg?w=150&amp;quality=70&amp;strip=all 150w\" sizes=\"auto, (max-width: 300px) 100vw, 300px\" data-attachment-id=\"2107631\" data-permalink=\"https:\/\/www.infomoney.com.br\/minhas-financas\/desarquivada-no-senado-proposta-com-novas-regras-para-o-seguro-e-criticada-por-representantes-do-setor\/attachment\/fachada-senado_foto-leonardo-sa-agencia-senado\/\" data-orig-file=\"https:\/\/www.infomoney.com.br\/wp-content\/uploads\/2023\/04\/fachada-senado_Foto-Leonardo-Sa-Agencia-Senado.jpg?fit=2047%2C1357&amp;quality=70&amp;strip=all\" data-orig-size=\"2047,1357\" data-comments-opened=\"0\" data-image-meta=\"{&quot;aperture&quot;:&quot;0&quot;,&quot;credit&quot;:&quot;Leonardo S\\u00e1\\\/Ag\\u00eancia Senado&quot;,&quot;camera&quot;:&quot;&quot;,&quot;caption&quot;:&quot;&quot;,&quot;created_timestamp&quot;:&quot;0&quot;,&quot;copyright&quot;:&quot;Senado Federal do Brasil&quot;,&quot;focal_length&quot;:&quot;0&quot;,&quot;iso&quot;:&quot;0&quot;,&quot;shutter_speed&quot;:&quot;0&quot;,&quot;title&quot;:&quot;&quot;,&quot;orientation&quot;:&quot;0&quot;}\" data-image-title=\"Fachada do Congresso (Foto: Leonardo S\u00e1\/Ag\u00eancia Senado)\" data-image-description=\"\" data-image-caption=\"\" data-medium-file=\"https:\/\/www.infomoney.com.br\/wp-content\/uploads\/2023\/04\/fachada-senado_Foto-Leonardo-Sa-Agencia-Senado.jpg?fit=300%2C199&amp;quality=70&amp;strip=all\" data-large-file=\"https:\/\/www.infomoney.com.br\/wp-content\/uploads\/2023\/04\/fachada-senado_Foto-Leonardo-Sa-Agencia-Senado.jpg?fit=1280%2C849&amp;quality=70&amp;strip=all\" title=\"\"><\/p>\n<p>Entidades representativas de escolas e universidades privadas e de editoras de livros querem garantir que o texto final da reforma tribut\u00e1ria (PECs 45\/19 e 110\/19), que dever\u00e1 ser apresentado nas pr\u00f3ximas semanas, n\u00e3o aumente a carga para os setores. As demandas foram apresentadas em audi\u00eancia p\u00fablica Comiss\u00e3o de Educa\u00e7\u00e3o da C\u00e2mara dos Deputados nesta quinta-feira (15).<\/p>\n<p>A deputada Socorro Neri (PP-AC), que pediu a audi\u00eancia e \u00e9 vice-presidente da Frente Parlamentar pela Inclus\u00e3o e Qualidade na Educa\u00e7\u00e3o Particular, resumiu as demandas do setor: \u201cPrimeira delas, que n\u00e3o haja aumento da carga tribut\u00e1ria para a educa\u00e7\u00e3o, seguindo as melhores pr\u00e1ticas internacionais; segundo, na hip\u00f3tese de extin\u00e7\u00e3o do PIS e da Cofins e cria\u00e7\u00e3o de uma nova contribui\u00e7\u00e3o, que exista uma continuidade do Prouni [Programa Universidade para Todos]; manuten\u00e7\u00e3o da imunidade tribut\u00e1ria, mas neutralidade de novas contribui\u00e7\u00f5es sobre livros did\u00e1ticos\u201d, enumerou.<\/p>\n<p>\u201cCaso sejam aplicadas taxas mais altas para a escola particular, isso poder\u00e1 levar a um significativo aumento nos custos para as fam\u00edlias que est\u00e3o hoje no ensino privado\u201d, acrescentou. Segundo a parlamentar, tamb\u00e9m poder\u00e1 haver redu\u00e7\u00e3o de investimentos, de infraestrutura, de recursos pedag\u00f3gicos e na qualifica\u00e7\u00e3o de professores, al\u00e9m de demiss\u00f5es em larga escala e fechamento de escolas.<\/p>\n<h2><strong>Vis\u00e3o do governo<\/strong><\/h2>\n<p>Diretor da Secretaria Extraordin\u00e1ria da Reforma Tribut\u00e1ria do Minist\u00e9rio da Fazenda, Manoel Proc\u00f3pio J\u00fanior disse que o relator da reforma tribut\u00e1ria, deputado Aguinaldo Ribeiro (PP-PB), j\u00e1 sinalizou que dar\u00e1 tratamento diferenciado para o setor.<\/p>\n<p>Al\u00e9m disso, segundo ele, n\u00e3o est\u00e1 prevista altera\u00e7\u00e3o na imunidade tribut\u00e1ria para os livros. Ele ponderou, por\u00e9m, que a palavra final caber\u00e1 aos parlamentares, e n\u00e3o ao governo.<\/p>\n<p>Proc\u00f3pio J\u00fanior garantiu que os recursos para a educa\u00e7\u00e3o est\u00e3o mantidos nas duas propostas em discuss\u00e3o na C\u00e2mara. \u201cN\u00e3o h\u00e1 d\u00favida alguma de que todas as vincula\u00e7\u00f5es e partilhas constitucionais previstas no texto atual, todos os recursos endere\u00e7ados \u00e0 sa\u00fade e educa\u00e7\u00e3o est\u00e3o integralmente mantidos nesta proposta\u201d, destacou.<\/p>\n<h2><strong>Al\u00edquota neutra<\/strong><\/h2>\n<p>Vice-presidente da Associa\u00e7\u00e3o Nacional das Universidades Particulares, Juliano Griebeler defendeu que o texto final da reforma preveja al\u00edquota neutra para o setor de educa\u00e7\u00e3o.<\/p>\n<p>Ele acrescentou que oito em cada 10 pa\u00edses que adotam o Imposto do Valor Agregado (IVA), que est\u00e1 em discuss\u00e3o, isentam ou d\u00e3o tratamento diferenciado para a educa\u00e7\u00e3o.<\/p>\n<p>\u201cN\u00e3o estamos pedindo nada diferente do que \u00e9 feito nas melhores pr\u00e1ticas internacionais, a gente quer simplesmente que o setor n\u00e3o pague mais do que paga atualmente\u201d, ressaltou. Ele tamb\u00e9m defendeu a continuidade do Prouni, mesmo com a extin\u00e7\u00e3o do PIS e do Confins e com a cria\u00e7\u00e3o de uma nova contribui\u00e7\u00e3o (CBS \u2013 Contribui\u00e7\u00e3o sobre Bens e Servi\u00e7os) e a manuten\u00e7\u00e3o da carga tribut\u00e1ria para livros did\u00e1ticos.<\/p>\n<h2><strong>Isen\u00e7\u00e3o para livros<\/strong><\/h2>\n<p>Presidente da Associa\u00e7\u00e3o Brasileira de Livros e Conte\u00fados Educacionais (Abrelivros), Jos\u00e9 \u00c2ngelo Xavier de Oliveira tamb\u00e9m pediu a \u201cmanuten\u00e7\u00e3o do tratamento tribut\u00e1rio que o livro conquistou\u201d na Constitui\u00e7\u00e3o e na Lei 10.865\/04 \u2013 ambas garantem isen\u00e7\u00e3o de quaisquer impostos e imunidade de tributos para os livros.<\/p>\n<p>Segundo Oliveira, os impactos dessa lei foram notados especialmente entre 2006 e 2011. \u201cHouve uma redu\u00e7\u00e3o significativa de pre\u00e7os de livros, que chegou a 33% e, na linha contr\u00e1ria, um crescimento gigantesco do consumo, da compra de livros, que chegou a bater no acumulado desses anos 90 milh\u00f5es de exemplares a mais vendidos. Ou seja, causa e consequ\u00eancias imediatas\u201d, apontou.<\/p>\n<p>Ele acrescentou que o setor de livros foi afetado pela recess\u00e3o econ\u00f4mica dos \u00faltimos anos e pela pandemia, com fechamento de v\u00e1rias livrarias, e manter o tratamento tribut\u00e1rio para os livros \u00e9 fundamental para n\u00e3o agravar esse cen\u00e1rio.<\/p>\n<h2><strong>Tratamento diferenciado<\/strong><\/h2>\n<p>Consultor Jur\u00eddico da Associa\u00e7\u00e3o Brasileira da Educa\u00e7\u00e3o B\u00e1sica Privada (Abreduc), Luiz Gustavo Bichara disse que a educa\u00e7\u00e3o n\u00e3o pode ser tratada como servi\u00e7o na reforma.\u00a0Conforme Bichara, o texto atual da reforma garante al\u00edquota diferenciada na educa\u00e7\u00e3o, mas ele acredita que ainda assim haver\u00e1 aumento de carga para o setor.<\/p>\n<p>O deputado \u00c1tila Lira (PP-PI) defende que as garantias para o setor privado estejam expressas no texto da PEC, e n\u00e3o em lei complementar. \u00a0Ele manifestou ainda preocupa\u00e7\u00e3o com as isen\u00e7\u00f5es municipais para \u201cinstitui\u00e7\u00f5es com papel social relevante para as cidades\u201d. Essa tamb\u00e9m \u00e9 a preocupa\u00e7\u00e3o do deputado Maur\u00edcio Carvalho (Uni\u00e3o-RO): \u201cTemos grandes institui\u00e7\u00f5es de ensino que est\u00e3o numa cidade do interior de 10, 15 mil habitantes porque o munic\u00edpio deu isen\u00e7\u00e3o para instala\u00e7\u00e3o e manuten\u00e7\u00e3o\u201d, afirmou.<\/p>\n<p>Ainda segundo Carvalho, o governo n\u00e3o d\u00e1 conta de atender \u00e0 demanda por educa\u00e7\u00e3o no Pa\u00eds sem ajuda do setor privado.<\/p>\n<h2><strong>Vis\u00e3o do MEC<\/strong><\/h2>\n<p>O subsecret\u00e1rio de Planejamento e Or\u00e7amento do Minist\u00e9rio da Educa\u00e7\u00e3o, Adalton Rocha de Matos disse que as duas propostas de reforma em discuss\u00e3o na C\u00e2mara trazem altera\u00e7\u00f5es significativas para o setor, podendo haver impactos, por exemplo, sobre os tributos que comp\u00f5em recursos para o Fundo de Manuten\u00e7\u00e3o e Desenvolvimento da Educa\u00e7\u00e3o B\u00e1sica (Fundeb) e o sal\u00e1rio-educa\u00e7\u00e3o, mas n\u00e3o necessariamente para diminuir.<\/p>\n<p>\u201cAs propostas em si s\u00e3o de muita valia, sobretudo no sentido de simplifica\u00e7\u00e3o e no sentido de melhor aloca\u00e7\u00e3o desses tributos em apenas uma cesta, em apenas um tributo, para que fique mais simples tanta a arrecada\u00e7\u00e3o quanto a quest\u00e3o ligada ao contribuinte, para dar mais celeridade \u00e0 produ\u00e7\u00e3o industrial e produ\u00e7\u00e3o de bens e servi\u00e7os para a sociedade\u201d, avaliou o subsecret\u00e1rio.<\/p>\n<p>The post <a rel=\"nofollow noopener\" href=\"https:\/\/www.infomoney.com.br\/politica\/escolas-e-universidades-privadas-pedem-que-nao-haja-aumento-da-carga-tributaria-para-o-setor\/\" target=\"_blank\">Escolas e universidades privadas pedem que n\u00e3o haja aumento da carga tribut\u00e1ria para o setor<\/a> appeared first on <a rel=\"nofollow noopener\" href=\"https:\/\/www.infomoney.com.br\/\" target=\"_blank\">InfoMoney<\/a>.<\/p>\n","protected":false},"excerpt":{"rendered":"<p><img loading=\"lazy\" decoding=\"async\" width=\"300\" height=\"199\" src=\"https:\/\/www.infomoney.com.br\/wp-content\/uploads\/2023\/04\/fachada-senado_Foto-Leonardo-Sa-Agencia-Senado.jpg?fit=300%2C199&amp;quality=70&amp;strip=all\" class=\"attachment-medium size-medium wp-post-image\" alt=\"\" data-attachment-id=\"2107631\" data-permalink=\"https:\/\/www.infomoney.com.br\/minhas-financas\/desarquivada-no-senado-proposta-com-novas-regras-para-o-seguro-e-criticada-por-representantes-do-setor\/attachment\/fachada-senado_foto-leonardo-sa-agencia-senado\/\" data-orig-file=\"https:\/\/www.infomoney.com.br\/wp-content\/uploads\/2023\/04\/fachada-senado_Foto-Leonardo-Sa-Agencia-Senado.jpg?fit=2047%2C1357&amp;quality=70&amp;strip=all\" data-orig-size=\"2047,1357\" data-comments-opened=\"0\" data-image-meta='{\"aperture\":\"0\",\"credit\":\"Leonardo S\\u00e1\\\/Ag\\u00eancia Senado\",\"camera\":\"\",\"caption\":\"\",\"created_timestamp\":\"0\",\"copyright\":\"Senado Federal do Brasil\",\"focal_length\":\"0\",\"iso\":\"0\",\"shutter_speed\":\"0\",\"title\":\"\",\"orientation\":\"0\"}' data-image-title=\"Fachada do Congresso (Foto: Leonardo S\u00e1\/Ag\u00eancia Senado)\" data-image-description=\"\" data-image-caption=\"\" data-medium-file=\"https:\/\/www.infomoney.com.br\/wp-content\/uploads\/2023\/04\/fachada-senado_Foto-Leonardo-Sa-Agencia-Senado.jpg?fit=300%2C199&amp;quality=70&amp;strip=all\" data-large-file=\"https:\/\/www.infomoney.com.br\/wp-content\/uploads\/2023\/04\/fachada-senado_Foto-Leonardo-Sa-Agencia-Senado.jpg?fit=1280%2C849&amp;quality=70&amp;strip=all\">Entidades do setor tamb\u00e9m querem garantir manuten\u00e7\u00e3o da imunidade tribut\u00e1ria para livros did\u00e1ticos e do Prouni<\/p>\n<p>The post <a rel=\"nofollow\" href=\"https:\/\/www.infomoney.com.br\/politica\/escolas-e-universidades-privadas-pedem-que-nao-haja-aumento-da-carga-tributaria-para-o-setor\/\">Escolas e universidades privadas pedem que n\u00e3o haja aumento da carga tribut\u00e1ria para o setor<\/a> appeared first on <a rel=\"nofollow\" href=\"https:\/\/www.infomoney.com.br\/\">InfoMoney<\/a>.<\/p>\n","protected":false},"author":47,"featured_media":0,"comment_status":"closed","ping_status":"closed","sticky":false,"template":"","format":"standard","meta":{"advgb_blocks_editor_width":"","advgb_blocks_columns_visual_guide":"","footnotes":""},"categories":[1025,455,34,556,47,191,2685,1120],"tags":[35],"class_list":["post-20985","post","type-post","status-publish","format-standard","hentry","category-carga-tributaria","category-escolas","category-g1","category-impostos","category-politica","category-reforma-tributaria","category-servicos","category-universidades","tag-g1"],"author_meta":{"display_name":"luispereira","author_link":"https:\/\/sindaopcpb.org.br\/author\/luispereira\/"},"featured_img":null,"coauthors":[],"tax_additional":{"categories":{"linked":["<a href=\"https:\/\/sindaopcpb.org.br\/carga-tributaria\/\" class=\"advgb-post-tax-term\">carga tributaria<\/a>","<a href=\"https:\/\/sindaopcpb.org.br\/escolas\/\" class=\"advgb-post-tax-term\">Escolas<\/a>","<a href=\"https:\/\/sindaopcpb.org.br\/g1\/\" class=\"advgb-post-tax-term\">G1<\/a>","<a href=\"https:\/\/sindaopcpb.org.br\/impostos\/\" class=\"advgb-post-tax-term\">Impostos<\/a>","<a href=\"https:\/\/sindaopcpb.org.br\/politica\/\" class=\"advgb-post-tax-term\">POLITICA<\/a>","<a href=\"https:\/\/sindaopcpb.org.br\/reforma-tributaria\/\" class=\"advgb-post-tax-term\">reforma tribut\u00e1ria<\/a>","<a href=\"https:\/\/sindaopcpb.org.br\/servicos\/\" class=\"advgb-post-tax-term\">servi\u00e7os<\/a>","<a href=\"https:\/\/sindaopcpb.org.br\/universidades\/\" class=\"advgb-post-tax-term\">universidades<\/a>"],"unlinked":["<span class=\"advgb-post-tax-term\">carga tributaria<\/span>","<span class=\"advgb-post-tax-term\">Escolas<\/span>","<span class=\"advgb-post-tax-term\">G1<\/span>","<span class=\"advgb-post-tax-term\">Impostos<\/span>","<span class=\"advgb-post-tax-term\">POLITICA<\/span>","<span class=\"advgb-post-tax-term\">reforma tribut\u00e1ria<\/span>","<span class=\"advgb-post-tax-term\">servi\u00e7os<\/span>","<span class=\"advgb-post-tax-term\">universidades<\/span>"]},"tags":{"linked":["<a href=\"https:\/\/sindaopcpb.org.br\/universidades\/\" class=\"advgb-post-tax-term\">g1<\/a>"],"unlinked":["<span class=\"advgb-post-tax-term\">g1<\/span>"]}},"comment_count":"0","relative_dates":{"created":"Publicado 3 anos atr\u00e1s","modified":"Atualizado 3 anos atr\u00e1s"},"absolute_dates":{"created":"Publicado em 15 de junho de 2023","modified":"Atualizado em 15 de junho de 2023"},"absolute_dates_time":{"created":"Publicado em 15 de junho de 2023 17:44","modified":"Atualizado em 15 de junho de 2023 17:44"},"featured_img_caption":"","series_order":"","_links":{"self":[{"href":"https:\/\/sindaopcpb.org.br\/index.php\/wp-json\/wp\/v2\/posts\/20985","targetHints":{"allow":["GET"]}}],"collection":[{"href":"https:\/\/sindaopcpb.org.br\/index.php\/wp-json\/wp\/v2\/posts"}],"about":[{"href":"https:\/\/sindaopcpb.org.br\/index.php\/wp-json\/wp\/v2\/types\/post"}],"author":[{"embeddable":true,"href":"https:\/\/sindaopcpb.org.br\/index.php\/wp-json\/wp\/v2\/users\/47"}],"replies":[{"embeddable":true,"href":"https:\/\/sindaopcpb.org.br\/index.php\/wp-json\/wp\/v2\/comments?post=20985"}],"version-history":[{"count":1,"href":"https:\/\/sindaopcpb.org.br\/index.php\/wp-json\/wp\/v2\/posts\/20985\/revisions"}],"predecessor-version":[{"id":20986,"href":"https:\/\/sindaopcpb.org.br\/index.php\/wp-json\/wp\/v2\/posts\/20985\/revisions\/20986"}],"wp:attachment":[{"href":"https:\/\/sindaopcpb.org.br\/index.php\/wp-json\/wp\/v2\/media?parent=20985"}],"wp:term":[{"taxonomy":"category","embeddable":true,"href":"https:\/\/sindaopcpb.org.br\/index.php\/wp-json\/wp\/v2\/categories?post=20985"},{"taxonomy":"post_tag","embeddable":true,"href":"https:\/\/sindaopcpb.org.br\/index.php\/wp-json\/wp\/v2\/tags?post=20985"}],"curies":[{"name":"wp","href":"https:\/\/api.w.org\/{rel}","templated":true}]}}