{"id":20983,"date":"2023-06-15T18:07:59","date_gmt":"2023-06-15T21:07:59","guid":{"rendered":"https:\/\/www.infomoney.com.br\/?p=2162573"},"modified":"2023-06-15T18:07:59","modified_gmt":"2023-06-15T21:07:59","slug":"toffoli-anula-provas-contra-tacla-duran-na-lava-jato","status":"publish","type":"post","link":"https:\/\/sindaopcpb.org.br\/index.php\/2023\/06\/15\/toffoli-anula-provas-contra-tacla-duran-na-lava-jato\/","title":{"rendered":"Toffoli anula provas contra Tacla Duran na Lava Jato"},"content":{"rendered":"<p><img loading=\"lazy\" width=\"300\" height=\"184\" src=\"https:\/\/www.infomoney.com.br\/wp-content\/uploads\/2020\/02\/Jose-Dias-Toffoli-min.jpg?fit=300%2C184&amp;quality=70&amp;strip=all\" class=\"attachment-medium size-medium wp-post-image\" alt=\"\" decoding=\"async\" style=\"float:right; margin:0 0 10px 10px;\" srcset=\"https:\/\/www.infomoney.com.br\/wp-content\/uploads\/2020\/02\/Jose-Dias-Toffoli-min.jpg?w=2000&amp;quality=70&amp;strip=all 2000w, https:\/\/www.infomoney.com.br\/wp-content\/uploads\/2020\/02\/Jose-Dias-Toffoli-min.jpg?w=300&amp;quality=70&amp;strip=all 300w, https:\/\/www.infomoney.com.br\/wp-content\/uploads\/2020\/02\/Jose-Dias-Toffoli-min.jpg?w=768&amp;quality=70&amp;strip=all 768w, https:\/\/www.infomoney.com.br\/wp-content\/uploads\/2020\/02\/Jose-Dias-Toffoli-min.jpg?w=1280&amp;quality=70&amp;strip=all 1280w, https:\/\/www.infomoney.com.br\/wp-content\/uploads\/2020\/02\/Jose-Dias-Toffoli-min.jpg?w=1536&amp;quality=70&amp;strip=all 1536w, https:\/\/www.infomoney.com.br\/wp-content\/uploads\/2020\/02\/Jose-Dias-Toffoli-min.jpg?w=150&amp;quality=70&amp;strip=all 150w\" sizes=\"auto, (max-width: 300px) 100vw, 300px\" data-attachment-id=\"1398180\" data-permalink=\"https:\/\/www.infomoney.com.br\/mercados\/toffoli-aceita-pedido-da-petrobras-e-mantem-decisao-do-tst-sobre-greve\/attachment\/jose-dias-toffoli-min\/\" data-orig-file=\"https:\/\/www.infomoney.com.br\/wp-content\/uploads\/2020\/02\/Jose-Dias-Toffoli-min.jpg?fit=2000%2C1228&amp;quality=70&amp;strip=all\" data-orig-size=\"2000,1228\" data-comments-opened=\"1\" data-image-meta=\"{&quot;aperture&quot;:&quot;0&quot;,&quot;credit&quot;:&quot;&quot;,&quot;camera&quot;:&quot;&quot;,&quot;caption&quot;:&quot;&quot;,&quot;created_timestamp&quot;:&quot;0&quot;,&quot;copyright&quot;:&quot;&quot;,&quot;focal_length&quot;:&quot;0&quot;,&quot;iso&quot;:&quot;0&quot;,&quot;shutter_speed&quot;:&quot;0&quot;,&quot;title&quot;:&quot;&quot;,&quot;orientation&quot;:&quot;0&quot;}\" data-image-title=\"Jose Dias Toffoli-min\" data-image-description=\"\" data-image-caption=\"&lt;p&gt;(Cr\u00e9dito: Nelson Jr.\/STF)&lt;\/p&gt;\n\" data-medium-file=\"https:\/\/www.infomoney.com.br\/wp-content\/uploads\/2020\/02\/Jose-Dias-Toffoli-min.jpg?fit=300%2C184&amp;quality=70&amp;strip=all\" data-large-file=\"https:\/\/www.infomoney.com.br\/wp-content\/uploads\/2020\/02\/Jose-Dias-Toffoli-min.jpg?fit=1280%2C786&amp;quality=70&amp;strip=all\" title=\"\"><\/p>\n<p>O ministro Dias Toffoli, do Supremo Tribunal Federal (STF), anulou, nesta quinta-feira (15), provas obtidas pela Opera\u00e7\u00e3o Lava Jato contra o advogado Rodrigo Tacla Duran, r\u00e9u por lavagem de dinheiro em processos oriundos da investiga\u00e7\u00e3o.<\/p>\n<p>Toffoli atendeu ao pedido liminar para considerar imprest\u00e1veis provas capturadas a partir da an\u00e1lise dos sistemas Drousys e My Web Day, usados pela Odebrecht para registrar pagamentos de propina. Os dados foram usados pela for\u00e7a-tarefa da Lava Jato contra Duran.<\/p>\n<p>Em outra decis\u00e3o recente sobre o caso, o Supremo anulou provas relacionadas ao acordo de leni\u00eancia da empreiteira que estavam baseadas nos dados dos sistemas. A partir do entendimento, Tacla Duran pediu a extens\u00e3o da decis\u00e3o aos processos criminais contra ele.<\/p>\n<p>Ao analisar o pedido de Duran, Toffoli deu raz\u00e3o ao investigado e anulou as provas obtidas. &#8220;Defiro o pedido constante desta peti\u00e7\u00e3o e estendo os efeitos da decis\u00e3o proferida para declarar a imprestabilidade, quanto ao ora requerente, dos elementos de prova obtidos a partir dos sistemas Drousys e My Web Day , utilizados no acordo de leni\u00eancia celebrado pela Odebrecht.&#8221;<\/p>\n<p>O advogado mora na Espanha e responde a processo por lavagem de dinheiro, no qual \u00e9 acusado de operar contas no exterior criadas pela extinta Odebrecht para pagamento de propina.<\/p>\n<h2><strong>Depoimento na C\u00e2mara<\/strong><\/h2>\n<p>Na semana passada, Dias Toffoli autorizou Tacla Duran a participar de uma sess\u00e3o da Comiss\u00e3o da Administra\u00e7\u00e3o e Servi\u00e7o P\u00fablico da C\u00e2mara dos Deputados. A decis\u00e3o garante salvo-conduto para o advogado n\u00e3o ser preso ao chegar ao Brasil.<\/p>\n<p>Ele foi convidado a prestar depoimento ap\u00f3s afirmar que foi alvo de persegui\u00e7\u00e3o por n\u00e3o aceitar amea\u00e7a de extors\u00e3o durante o processo em que \u00e9 r\u00e9u.<\/p>\n<p>Em mar\u00e7o, durante audi\u00eancia com o juiz Eduardo Appio, da 13\u00aa Vara Federal em Curitiba, Duran disse que foi procurado por uma pessoa que atuou como cabo eleitoral da campanha do ent\u00e3o candidato ao Senado Sergio Moro e um advogado ligado \u00e0 esposa dele, Rosangela Moro, que teriam oferecido um acordo de dela\u00e7\u00e3o premiada durante as investiga\u00e7\u00f5es.<\/p>\n<p>A partir das men\u00e7\u00f5es, Appio resolveu enviar o caso ao Supremo, tribunal respons\u00e1vel pela an\u00e1lise de quest\u00f5es envolvendo parlamentares com foro privilegiado.<\/p>\n<p>Ap\u00f3s o epis\u00f3dio, Moro disse que n\u00e3o teme qualquer investiga\u00e7\u00e3o e lembrou que Duran foi preso pela Lava Jato.<\/p>\n<p>The post <a rel=\"nofollow noopener\" href=\"https:\/\/www.infomoney.com.br\/politica\/toffoli-anula-provas-contra-tacla-duran-na-lava-jato\/\" target=\"_blank\">Toffoli anula provas contra Tacla Duran na Lava Jato<\/a> appeared first on <a rel=\"nofollow noopener\" href=\"https:\/\/www.infomoney.com.br\/\" target=\"_blank\">InfoMoney<\/a>.<\/p>\n","protected":false},"excerpt":{"rendered":"<p><img loading=\"lazy\" decoding=\"async\" width=\"300\" height=\"184\" src=\"https:\/\/www.infomoney.com.br\/wp-content\/uploads\/2020\/02\/Jose-Dias-Toffoli-min.jpg?fit=300%2C184&amp;quality=70&amp;strip=all\" class=\"attachment-medium size-medium wp-post-image\" alt=\"\" data-attachment-id=\"1398180\" data-permalink=\"https:\/\/www.infomoney.com.br\/mercados\/toffoli-aceita-pedido-da-petrobras-e-mantem-decisao-do-tst-sobre-greve\/attachment\/jose-dias-toffoli-min\/\" data-orig-file=\"https:\/\/www.infomoney.com.br\/wp-content\/uploads\/2020\/02\/Jose-Dias-Toffoli-min.jpg?fit=2000%2C1228&amp;quality=70&amp;strip=all\" data-orig-size=\"2000,1228\" data-comments-opened=\"1\" data-image-meta='{\"aperture\":\"0\",\"credit\":\"\",\"camera\":\"\",\"caption\":\"\",\"created_timestamp\":\"0\",\"copyright\":\"\",\"focal_length\":\"0\",\"iso\":\"0\",\"shutter_speed\":\"0\",\"title\":\"\",\"orientation\":\"0\"}' data-image-title=\"Jose Dias Toffoli-min\" data-image-description=\"\" data-image-caption=\"&lt;p&gt;(Cr\u00e9dito: Nelson Jr.\/STF)&lt;\/p&gt;\n\" data-medium-file=\"https:\/\/www.infomoney.com.br\/wp-content\/uploads\/2020\/02\/Jose-Dias-Toffoli-min.jpg?fit=300%2C184&amp;quality=70&amp;strip=all\" data-large-file=\"https:\/\/www.infomoney.com.br\/wp-content\/uploads\/2020\/02\/Jose-Dias-Toffoli-min.jpg?fit=1280%2C786&amp;quality=70&amp;strip=all\">Advogado \u00e9 r\u00e9u por lavagem de dinheiro em processos da opera\u00e7\u00e3o<\/p>\n<p>The post <a rel=\"nofollow\" href=\"https:\/\/www.infomoney.com.br\/politica\/toffoli-anula-provas-contra-tacla-duran-na-lava-jato\/\">Toffoli anula provas contra Tacla Duran na Lava Jato<\/a> appeared first on <a rel=\"nofollow\" href=\"https:\/\/www.infomoney.com.br\/\">InfoMoney<\/a>.<\/p>\n","protected":false},"author":44,"featured_media":0,"comment_status":"closed","ping_status":"closed","sticky":false,"template":"","format":"standard","meta":{"advgb_blocks_editor_width":"","advgb_blocks_columns_visual_guide":"","footnotes":""},"categories":[1066,34,118,47,449],"tags":[35],"class_list":["post-20983","post","type-post","status-publish","format-standard","hentry","category-dias-toffoli","category-g1","category-operacao-lava-jato","category-politica","category-stf","tag-g1"],"author_meta":{"display_name":"Ag\u00eancia Brasil","author_link":"https:\/\/sindaopcpb.org.br\/author\/agencia-brasil\/"},"featured_img":null,"coauthors":[],"tax_additional":{"categories":{"linked":["<a href=\"https:\/\/sindaopcpb.org.br\/dias-toffoli\/\" class=\"advgb-post-tax-term\">Dias Toffoli<\/a>","<a href=\"https:\/\/sindaopcpb.org.br\/g1\/\" class=\"advgb-post-tax-term\">G1<\/a>","<a href=\"https:\/\/sindaopcpb.org.br\/operacao-lava-jato\/\" class=\"advgb-post-tax-term\">Opera\u00e7\u00e3o Lava Jato<\/a>","<a href=\"https:\/\/sindaopcpb.org.br\/politica\/\" class=\"advgb-post-tax-term\">POLITICA<\/a>","<a href=\"https:\/\/sindaopcpb.org.br\/stf\/\" class=\"advgb-post-tax-term\">STF<\/a>"],"unlinked":["<span class=\"advgb-post-tax-term\">Dias Toffoli<\/span>","<span class=\"advgb-post-tax-term\">G1<\/span>","<span class=\"advgb-post-tax-term\">Opera\u00e7\u00e3o Lava Jato<\/span>","<span class=\"advgb-post-tax-term\">POLITICA<\/span>","<span class=\"advgb-post-tax-term\">STF<\/span>"]},"tags":{"linked":["<a href=\"https:\/\/sindaopcpb.org.br\/stf\/\" class=\"advgb-post-tax-term\">g1<\/a>"],"unlinked":["<span class=\"advgb-post-tax-term\">g1<\/span>"]}},"comment_count":"0","relative_dates":{"created":"Publicado 3 anos atr\u00e1s","modified":"Atualizado 3 anos atr\u00e1s"},"absolute_dates":{"created":"Publicado em 15 de junho de 2023","modified":"Atualizado em 15 de junho de 2023"},"absolute_dates_time":{"created":"Publicado em 15 de junho de 2023 18:07","modified":"Atualizado em 15 de junho de 2023 18:07"},"featured_img_caption":"","series_order":"","_links":{"self":[{"href":"https:\/\/sindaopcpb.org.br\/index.php\/wp-json\/wp\/v2\/posts\/20983","targetHints":{"allow":["GET"]}}],"collection":[{"href":"https:\/\/sindaopcpb.org.br\/index.php\/wp-json\/wp\/v2\/posts"}],"about":[{"href":"https:\/\/sindaopcpb.org.br\/index.php\/wp-json\/wp\/v2\/types\/post"}],"author":[{"embeddable":true,"href":"https:\/\/sindaopcpb.org.br\/index.php\/wp-json\/wp\/v2\/users\/44"}],"replies":[{"embeddable":true,"href":"https:\/\/sindaopcpb.org.br\/index.php\/wp-json\/wp\/v2\/comments?post=20983"}],"version-history":[{"count":1,"href":"https:\/\/sindaopcpb.org.br\/index.php\/wp-json\/wp\/v2\/posts\/20983\/revisions"}],"predecessor-version":[{"id":20984,"href":"https:\/\/sindaopcpb.org.br\/index.php\/wp-json\/wp\/v2\/posts\/20983\/revisions\/20984"}],"wp:attachment":[{"href":"https:\/\/sindaopcpb.org.br\/index.php\/wp-json\/wp\/v2\/media?parent=20983"}],"wp:term":[{"taxonomy":"category","embeddable":true,"href":"https:\/\/sindaopcpb.org.br\/index.php\/wp-json\/wp\/v2\/categories?post=20983"},{"taxonomy":"post_tag","embeddable":true,"href":"https:\/\/sindaopcpb.org.br\/index.php\/wp-json\/wp\/v2\/tags?post=20983"}],"curies":[{"name":"wp","href":"https:\/\/api.w.org\/{rel}","templated":true}]}}