{"id":20907,"date":"2023-06-15T12:10:52","date_gmt":"2023-06-15T15:10:52","guid":{"rendered":"https:\/\/g1.globo.com\/pb\/paraiba\/noticia\/2023\/06\/15\/governador-joao-azevedo-e-internado-para-fazer-cateterismo.ghtml"},"modified":"2023-06-15T12:10:52","modified_gmt":"2023-06-15T15:10:52","slug":"governador-joao-azevedo-e-internado-para-fazer-cateterismo","status":"publish","type":"post","link":"https:\/\/sindaopcpb.org.br\/index.php\/2023\/06\/15\/governador-joao-azevedo-e-internado-para-fazer-cateterismo\/","title":{"rendered":"Governador Jo\u00e3o Azev\u00eado \u00e9 internado para fazer cateterismo"},"content":{"rendered":"   <img src=\"https:\/\/s2.glbimg.com\/THIvPrmyjs-IQk2kkQ2K56HO0MU=\/i.s3.glbimg.com\/v1\/AUTH_59edd422c0c84a879bd37670ae4f538a\/internal_photos\/bs\/2022\/H\/T\/cHDK0MSrSWl5TVJTuPjw\/joao-cbn3.jpeg\" \/><br \/>     Procedimento foi previamente programado para fins de diagn\u00f3stico, segundo a PB Sa\u00fade. Jo\u00e3o Azev\u00eado em entrevista para a CBN Para\u00edba\nWellington Faustino\/TV Cabo Branco\nO governador da Para\u00edba, Jo\u00e3o Azev\u00eado (PSB), vai ser internado, nesta quinta-feira (15), no Hospital Metropolitano Dom Jos\u00e9 Maria Pires, para fazer um cateterismo card\u00edaco eletivo.\nEm nota \u00e0 imprensa, a Funda\u00e7\u00e3o Paraibana de Gest\u00e3o em Sa\u00fade explica que o procedimento foi previamente programado para fins de diagn\u00f3stico e solicitado pelo m\u00e9dico F\u00falvio Soares Petrucci.\nO cateterismo card\u00edaco consiste no procedimento para diagnosticar ou tratar doen\u00e7as card\u00edacas, por meio da introdu\u00e7\u00e3o de um cateter, que \u00e9 um tubo flex\u00edvel extremamente fino e longo, na art\u00e9ria do bra\u00e7o ou da perna do indiv\u00edduo, que ser\u00e1 conduzido at\u00e9 o cora\u00e7\u00e3o. \n\u00c9 indicado no diagn\u00f3stico e tratamento do infarto ou da angina, sendo capaz de detectar e remover ac\u00famulos de placas de gordura, colesterol, c\u00e1lcio e outras subst\u00e2ncias encontradas no sangue, mostrar se as placas estreitaram ou bloquearam as art\u00e9rias coron\u00e1rias. \nHospital Metropolitano Dom Jos\u00e9 Maria Pires, em Santa Rita\nDivulga\u00e7\u00e3o\/Secom-PB\nV\u00eddeos mais assistidos da Para\u00edba  ","protected":false},"excerpt":{"rendered":"<p>        Procedimento foi previamente programado para fins de diagn\u00f3stico, segundo a PB Sa\u00fade. Jo\u00e3o Azev\u00eado em entrevista para a CBN Para\u00edba<br \/>\nWellington Faustino\/TV Cabo Branco<br \/>\nO governador da Para\u00edba, Jo\u00e3o Azev\u00eado (PSB), vai ser internado, nesta quinta-&#8230;<\/p>\n","protected":false},"author":2,"featured_media":0,"comment_status":"closed","ping_status":"closed","sticky":false,"template":"","format":"standard","meta":{"advgb_blocks_editor_width":"","advgb_blocks_columns_visual_guide":"","footnotes":""},"categories":[34],"tags":[35],"class_list":["post-20907","post","type-post","status-publish","format-standard","hentry","category-g1","tag-g1"],"author_meta":{"display_name":"g1 &gt; Para\u00edba","author_link":"https:\/\/sindaopcpb.org.br\/author\/g1-paraiba\/"},"featured_img":null,"coauthors":[],"tax_additional":{"categories":{"linked":["<a href=\"https:\/\/sindaopcpb.org.br\/g1\/\" class=\"advgb-post-tax-term\">G1<\/a>"],"unlinked":["<span class=\"advgb-post-tax-term\">G1<\/span>"]},"tags":{"linked":["<a href=\"https:\/\/sindaopcpb.org.br\/g1\/\" class=\"advgb-post-tax-term\">g1<\/a>"],"unlinked":["<span class=\"advgb-post-tax-term\">g1<\/span>"]}},"comment_count":"0","relative_dates":{"created":"Publicado 3 anos atr\u00e1s","modified":"Atualizado 3 anos atr\u00e1s"},"absolute_dates":{"created":"Publicado em 15 de junho de 2023","modified":"Atualizado em 15 de junho de 2023"},"absolute_dates_time":{"created":"Publicado em 15 de junho de 2023 12:10","modified":"Atualizado em 15 de junho de 2023 12:10"},"featured_img_caption":"","series_order":"","_links":{"self":[{"href":"https:\/\/sindaopcpb.org.br\/index.php\/wp-json\/wp\/v2\/posts\/20907","targetHints":{"allow":["GET"]}}],"collection":[{"href":"https:\/\/sindaopcpb.org.br\/index.php\/wp-json\/wp\/v2\/posts"}],"about":[{"href":"https:\/\/sindaopcpb.org.br\/index.php\/wp-json\/wp\/v2\/types\/post"}],"author":[{"embeddable":true,"href":"https:\/\/sindaopcpb.org.br\/index.php\/wp-json\/wp\/v2\/users\/2"}],"replies":[{"embeddable":true,"href":"https:\/\/sindaopcpb.org.br\/index.php\/wp-json\/wp\/v2\/comments?post=20907"}],"version-history":[{"count":1,"href":"https:\/\/sindaopcpb.org.br\/index.php\/wp-json\/wp\/v2\/posts\/20907\/revisions"}],"predecessor-version":[{"id":20908,"href":"https:\/\/sindaopcpb.org.br\/index.php\/wp-json\/wp\/v2\/posts\/20907\/revisions\/20908"}],"wp:attachment":[{"href":"https:\/\/sindaopcpb.org.br\/index.php\/wp-json\/wp\/v2\/media?parent=20907"}],"wp:term":[{"taxonomy":"category","embeddable":true,"href":"https:\/\/sindaopcpb.org.br\/index.php\/wp-json\/wp\/v2\/categories?post=20907"},{"taxonomy":"post_tag","embeddable":true,"href":"https:\/\/sindaopcpb.org.br\/index.php\/wp-json\/wp\/v2\/tags?post=20907"}],"curies":[{"name":"wp","href":"https:\/\/api.w.org\/{rel}","templated":true}]}}