{"id":20891,"date":"2023-06-15T10:58:19","date_gmt":"2023-06-15T13:58:19","guid":{"rendered":"https:\/\/www.infomoney.com.br\/?p=2161870"},"modified":"2023-06-15T10:58:19","modified_gmt":"2023-06-15T13:58:19","slug":"camara-aprova-punicao-a-quem-se-recusar-a-abrir-conta-ou-conceder-credito-a-pessoa-politicamente-exposta","status":"publish","type":"post","link":"https:\/\/sindaopcpb.org.br\/index.php\/2023\/06\/15\/camara-aprova-punicao-a-quem-se-recusar-a-abrir-conta-ou-conceder-credito-a-pessoa-politicamente-exposta\/","title":{"rendered":"C\u00e2mara aprova puni\u00e7\u00e3o a quem se recusar a abrir conta ou conceder cr\u00e9dito a pessoa politicamente exposta"},"content":{"rendered":"<p><img loading=\"lazy\" width=\"300\" height=\"200\" src=\"https:\/\/www.infomoney.com.br\/wp-content\/uploads\/2023\/05\/img20230517175627214MED.jpg?fit=300%2C200&amp;quality=70&amp;strip=all\" class=\"attachment-medium size-medium wp-post-image\" alt=\"\" decoding=\"async\" style=\"float:right; margin:0 0 10px 10px;\" srcset=\"https:\/\/www.infomoney.com.br\/wp-content\/uploads\/2023\/05\/img20230517175627214MED.jpg?w=1000&amp;quality=70&amp;strip=all 1000w, https:\/\/www.infomoney.com.br\/wp-content\/uploads\/2023\/05\/img20230517175627214MED.jpg?w=300&amp;quality=70&amp;strip=all 300w, https:\/\/www.infomoney.com.br\/wp-content\/uploads\/2023\/05\/img20230517175627214MED.jpg?w=768&amp;quality=70&amp;strip=all 768w, https:\/\/www.infomoney.com.br\/wp-content\/uploads\/2023\/05\/img20230517175627214MED.jpg?w=150&amp;quality=70&amp;strip=all 150w\" sizes=\"auto, (max-width: 300px) 100vw, 300px\" data-attachment-id=\"2138038\" data-permalink=\"https:\/\/www.infomoney.com.br\/politica\/pl-de-bolsonaro-entregou-29-votos-para-urgencia-do-arcabouco-fiscal-uniao-brasil-com-ministerios-no-governo-teve-11-votos-contrarios\/attachment\/img20230517175627214med\/\" data-orig-file=\"https:\/\/www.infomoney.com.br\/wp-content\/uploads\/2023\/05\/img20230517175627214MED.jpg?fit=1000%2C667&amp;quality=70&amp;strip=all\" data-orig-size=\"1000,667\" data-comments-opened=\"0\" data-image-meta=\"{&quot;aperture&quot;:&quot;0&quot;,&quot;credit&quot;:&quot;&quot;,&quot;camera&quot;:&quot;&quot;,&quot;caption&quot;:&quot;&quot;,&quot;created_timestamp&quot;:&quot;0&quot;,&quot;copyright&quot;:&quot;&quot;,&quot;focal_length&quot;:&quot;0&quot;,&quot;iso&quot;:&quot;0&quot;,&quot;shutter_speed&quot;:&quot;0&quot;,&quot;title&quot;:&quot;&quot;,&quot;orientation&quot;:&quot;0&quot;}\" data-image-title=\"C\u00e2mara dos Deputados\" data-image-description=\"\" data-image-caption=\"&lt;p&gt;O plen\u00e1rio da C\u00e2mara dos Deputados durante sess\u00e3o deliberativa extraordin\u00e1ria (Foto: Zeca Ribeiro\/C\u00e2mara dos Deputados)&lt;\/p&gt;\n\" data-medium-file=\"https:\/\/www.infomoney.com.br\/wp-content\/uploads\/2023\/05\/img20230517175627214MED.jpg?fit=300%2C200&amp;quality=70&amp;strip=all\" data-large-file=\"https:\/\/www.infomoney.com.br\/wp-content\/uploads\/2023\/05\/img20230517175627214MED.jpg?fit=1000%2C667&amp;quality=70&amp;strip=all\" title=\"\"><\/p>\n<p>A C\u00e2mara dos Deputados aprovou, nesta quarta-feira (14), projeto de lei que tipifica o crime de negar a abertura ou manuten\u00e7\u00e3o de conta e concess\u00e3o de cr\u00e9dito a pessoas politicamente expostas. O Projeto de Lei 2720\/23, da deputada Dani Cunha (Uni\u00e3o-RJ), ser\u00e1 enviado ao Senado.<\/p>\n<p>A proposta foi aprovada na forma de substitutivo do relator, deputado Claudio Cajado (PP-BA). De acordo com o texto, a pena ser\u00e1 de reclus\u00e3o de 2 a 4 anos e multa para quem negar a abertura de conta ou sua manuten\u00e7\u00e3o ou mesmo a concess\u00e3o de cr\u00e9dito ou outro servi\u00e7o. Essa negativa abrange at\u00e9 mesmo pessoa jur\u00eddica controlada por pessoa politicamente exposta.<\/p>\n<p>Al\u00e9m das pessoas politicamente expostas, em geral pol\u00edticos eleitos e detentores de altos cargos nos tr\u00eas Poderes (Executivo, Legislativo e Judici\u00e1rio) e nas tr\u00eas esferas de governo (federal, estadual e municipal), o projeto abrange as pessoas que estejam respondendo a investiga\u00e7\u00e3o preliminar, termo circunstanciado, inqu\u00e9rito ou a qualquer outro procedimento investigat\u00f3rio de infra\u00e7\u00e3o penal, civil ou administrativa, ou pessoas que figuram como r\u00e9s em processo judicial em curso (sem tr\u00e2nsito em julgado).<\/p>\n<p>Para o deputado Claudio Cajado, o projeto permite \u00e0s pessoas politicamente expostas \u201cterem acesso ao fundamento usado para a recusa do exerc\u00edcio de direitos que qualquer cidad\u00e3o tem\u201d. &#8220;Se a pessoa \u00e9 devedora, tem cadastro negativo, h\u00e1 uma justificativa cab\u00edvel, l\u00f3gica e coerente. Por\u00e9m, o fato de ela ser parente de um pol\u00edtico n\u00e3o \u00e9 justificativa e, na vida real, isso est\u00e1 acontecendo&#8221;, afirmou.<\/p>\n<p>J\u00e1 a autora, deputada Dani Cunha, ressaltou que a proposta tem o objetivo de encerrar discrimina\u00e7\u00e3o. &#8220;Se voc\u00ea tem hoje um pedido para abrir uma conta em uma institui\u00e7\u00e3o financeira negado, \u00e9 preciso haver um motivo&#8221;, disse.<\/p>\n<h2><strong>Empresas e familiares<\/strong><\/h2>\n<p>No caso das pessoas politicamente expostas, as normas do projeto alcan\u00e7am ainda as pessoas jur\u00eddicas das quais elas participam, os familiares e os estreitos colaboradores.<\/p>\n<p>S\u00e3o considerados familiares os parentes, na linha direta, at\u00e9 o segundo grau, o c\u00f4njuge, o companheiro, a companheira, o enteado e a enteada.<\/p>\n<p>J\u00e1 os estreitos colaboradores s\u00e3o classificados como:<\/p>\n<p>-pessoas naturais que s\u00e3o conhecidas por terem sociedade ou propriedade conjunta em pessoas jur\u00eddicas de direito<br \/>-privado ou em arranjos sem personalidade jur\u00eddica com os politicamente expostos;<br \/>-pessoas naturais que figurem como mandat\u00e1rias, ainda que por instrumento particular, de pessoas politicamente expostas;<br \/>-pessoas naturais que possuam qualquer outro tipo de estreita rela\u00e7\u00e3o de conhecimento p\u00fablico com uma pessoa exposta politicamente;<br \/>-pessoas naturais que t\u00eam o controle de pessoas jur\u00eddicas de direito privado ou em arranjos sem personalidade jur\u00eddica, conhecidos por terem sido criados para o benef\u00edcio de uma pessoa exposta politicamente.<\/p>\n<h2><strong>Pessoas politicamente expostas<\/strong><\/h2>\n<p>O substitutivo lista grupos de autoridades consideradas como pessoas politicamente expostas:<\/p>\n<p>-detentores de mandatos eletivos dos poderes Executivo e Legislativo da Uni\u00e3o;<br \/>-ministro de Estado ou equiparado;<br \/>-ocupante de Cargo de Natureza Especial ou equivalente no Poder Executivo da Uni\u00e3o;<br \/>-presidente, vice-presidente e diretor, ou equivalentes, de entidades da administra\u00e7\u00e3o p\u00fablica indireta no Poder Executivo da Uni\u00e3o;<br \/>-ocupante de cargos de Dire\u00e7\u00e3o e Assessoramento Superior (DAS) de n\u00edvel 6 ou equivalente no Poder Executivo da Uni\u00e3o;<br \/>-membros do Supremo Tribunal Federal, do Conselho Nacional de Justi\u00e7a, dos tribunais superiores, dos tribunais regionais federais, dos tribunais regionais do Trabalho, dos tribunais regionais eleitorais, do Conselho Superior da Justi\u00e7a do Trabalho e do Conselho da Justi\u00e7a Federal;<br \/>-membros do Conselho Nacional do Minist\u00e9rio P\u00fablico, procurador-geral da Rep\u00fablica, vice-procurador-geral da Rep\u00fablica, procurador-geral do Trabalho, procurador-geral da Justi\u00e7a Militar, subprocuradores-gerais da Rep\u00fablica e procuradores-gerais de Justi\u00e7a dos estados e do Distrito Federal;<br \/>-membros do Tribunal de Contas da Uni\u00e3o, procurador-geral e subprocuradores-gerais do Minist\u00e9rio P\u00fablico junto ao Tribunal de Contas da Uni\u00e3o;<br \/>-presidentes e tesoureiros nacionais, ou equivalentes, de partidos pol\u00edticos;<br \/>-governadores, vice-governadores, secret\u00e1rios de estado e do Distrito Federal, deputados estaduais e distritais, presidentes, ou equivalentes, de entidades da administra\u00e7\u00e3o p\u00fablica indireta estadual e distrital e presidentes de tribunais militares, de Justi\u00e7a, de Contas ou equivalentes de estado e do Distrito Federal;<br \/>-prefeitos, vice-prefeitos, vereadores, secret\u00e1rios municipais, presidentes ou equivalentes de entidades da administra\u00e7\u00e3o p\u00fablica indireta municipal e presidentes de tribunais de contas de munic\u00edpios ou equivalentes.<br \/>Para a identifica\u00e7\u00e3o das pessoas expostas politicamente, dever\u00e1 ser consultado o Cadastro Nacional de Pessoas Expostas Politicamente (CNPEP), dispon\u00edvel no Portal da Transpar\u00eancia, ou outras bases de dados oficiais publicizadas pelo poder p\u00fablico.<\/p>\n<h2><strong>No exterior<\/strong><\/h2>\n<p>O texto de Claudio Cajado tamb\u00e9m considera politicamente expostas e abrangidas pelo projeto aquelas pessoas que sejam, no exterior:<\/p>\n<p>-chefes de Estado ou de governo;<br \/>-pol\u00edticos de escal\u00f5es superiores;<br \/>-ocupantes de cargos governamentais de escal\u00f5es superiores;<br \/>-oficiais generais;<br \/>-membros de escal\u00f5es superiores do Poder Judici\u00e1rio;<br \/>-executivos de escal\u00f5es superiores de empresas p\u00fablicas;<br \/>&#8211; dirigentes de partidos pol\u00edticos.<\/p>\n<p>De igual forma, o texto considera pessoas expostas politicamente os dirigentes de escal\u00f5es superiores de entidades de direito internacional p\u00fablico ou privado, como \u00f3rg\u00e3os das Na\u00e7\u00f5es Unidas, por exemplo.<\/p>\n<p>Quanto \u00e0 identifica\u00e7\u00e3o das pessoas politicamente expostas no exterior ou dessas entidades, devem ser consultadas fontes abertas e bases de dados p\u00fablicas e privadas.<\/p>\n<p>Em todos os casos, a condi\u00e7\u00e3o de pessoa exposta politicamente perdurar\u00e1 por cinco anos, contados da data em que a pessoa deixou de figurar nas posi\u00e7\u00f5es listadas.<\/p>\n<h2><strong>Procedimentos do banco<\/strong><\/h2>\n<p>O PL 2720\/23 muda a lei sobre o processo administrativo sancionador das institui\u00e7\u00f5es financeiras (Lei 13.506\/17) para exigir a apresenta\u00e7\u00e3o de documento escrito ao solicitante abrangido pelo projeto para quem tenha sido negada a abertura ou manuten\u00e7\u00e3o de conta ou a concess\u00e3o de empr\u00e9stimo.<\/p>\n<p>O documento deve conter motiva\u00e7\u00e3o id\u00f4nea para a negativa. Quanto ao cr\u00e9dito, o documento deve conter motiva\u00e7\u00e3o t\u00e9cnica id\u00f4nea e objetiva para a recusa, n\u00e3o podendo alegar recusa somente pela condi\u00e7\u00e3o de pessoa politicamente exposta do pleiteante ou ainda pelo fato de a pessoa figurar como r\u00e9 de processo judicial em curso ou ter decis\u00e3o de condena\u00e7\u00e3o sem tr\u00e2nsito em julgado proferida em seu desfavor.<\/p>\n<p>Se o representante legal da institui\u00e7\u00e3o financeira se recusar a apresentar ao solicitante esses documentos, responder\u00e1 por eventuais danos morais e patrimoniais causados, sem preju\u00edzo de responsabiliza\u00e7\u00e3o penal.<\/p>\n<p>Esses documentos dever\u00e3o ser entregues em cinco dias \u00fateis, sob pena de multa di\u00e1ria de R$ 10 mil.<\/p>\n<p>O texto explicita que n\u00e3o \u00e9 considerada motiva\u00e7\u00e3o t\u00e9cnica id\u00f4nea a negativa ocorrida somente em raz\u00e3o da condi\u00e7\u00e3o de a pessoa ser politicamente exposta ou por ter contra ela decis\u00e3o de condena\u00e7\u00e3o sem tr\u00e2nsito em julgado.<\/p>\n<p>As regras valem ainda para as empresas administradoras de quaisquer meios de pagamento, notadamente as administradoras de cart\u00e3o de cr\u00e9dito.<\/p>\n<h2><strong>Cr\u00edticas<\/strong><\/h2>\n<p>Para a deputada Fernanda Melchionna (Psol-RS), os atuais obst\u00e1culos a transa\u00e7\u00f5es financeiras s\u00e3o justificados. &#8220;A pessoa politicamente exposta \u00e9 monitorada pelos \u00f3rg\u00e3os de controle para evitar o enriquecimento il\u00edcito e a lavagem de dinheiro&#8221;, ressaltou.<\/p>\n<p>Para ela, a proposta cria privil\u00e9gios. &#8220;Al\u00e9m disso, vai dificultar o controle sobre essas pessoas ao criar pena de pris\u00e3o para quem se recusar a abrir contas e conceder cr\u00e9dito&#8221;, disse Melchionna.<\/p>\n<p>Para o deputado Marcel van Hattem (Novo-RS), a aprova\u00e7\u00e3o do projeto vai ter como consequ\u00eancia o aumento da taxa de juros. &#8220;A qualquer estelionat\u00e1rio, r\u00e9u condenado em segunda inst\u00e2ncia, a qualquer pessoa criminosa est\u00e1 sendo garantida a abertura de conta no banco e inclusive a concess\u00e3o de cr\u00e9dito&#8221;, alertou.<\/p>\n<p>O deputado Abilio Brunini (PL-MT) tamb\u00e9m falou contra a proposta. &#8220;A discrimina\u00e7\u00e3o contra as pessoas j\u00e1 \u00e9 crime, agora fazer uma lei especial para os pol\u00edticos n\u00e3o d\u00e1&#8221;, declarou.<\/p>\n<p>Para a deputada Erika Kokay (PT-DF), a C\u00e2mara est\u00e1 legislando em causa pr\u00f3pria. &#8220;Esta proposta cria uma redoma injustific\u00e1vel ao redor das pessoas politicamente expostas&#8221;, afirmou.<\/p>\n<p>As cr\u00edticas foram rebatidas pelo l\u00edder do Uni\u00e3o Brasil, deputado Elmar Nascimento (BA). Ele afirmou que n\u00e3o se trata de criar privil\u00e9gios, mas de garantir que as pessoas que pretendem entrar na vida p\u00fablica n\u00e3o sejam intimidadas por regras financeiras.<\/p>\n<p>&#8220;\u00c9 inadmiss\u00edvel uma filha de um s\u00f3cio nosso, um sobrinho nosso, sem qualquer tipo de problema, ter a sua conta sustada simplesmente por que \u00e9 filho, sobrinho, ou parente de um pol\u00edtico&#8221;, disse. Essas regras, segundo ele, afastam as pessoas da vida p\u00fablica.<\/p>\n<p>The post <a rel=\"nofollow noopener\" href=\"https:\/\/www.infomoney.com.br\/politica\/camara-aprova-punicao-a-quem-se-recusar-a-abrir-conta-ou-conceder-credito-a-pessoa-politicamente-exposta\/\" target=\"_blank\">C\u00e2mara aprova puni\u00e7\u00e3o a quem se recusar a abrir conta ou conceder cr\u00e9dito a pessoa politicamente exposta<\/a> appeared first on <a rel=\"nofollow noopener\" href=\"https:\/\/www.infomoney.com.br\/\" target=\"_blank\">InfoMoney<\/a>.<\/p>\n","protected":false},"excerpt":{"rendered":"<p><img loading=\"lazy\" decoding=\"async\" width=\"300\" height=\"200\" src=\"https:\/\/www.infomoney.com.br\/wp-content\/uploads\/2023\/05\/img20230517175627214MED.jpg?fit=300%2C200&amp;quality=70&amp;strip=all\" class=\"attachment-medium size-medium wp-post-image\" alt=\"\" data-attachment-id=\"2138038\" data-permalink=\"https:\/\/www.infomoney.com.br\/politica\/pl-de-bolsonaro-entregou-29-votos-para-urgencia-do-arcabouco-fiscal-uniao-brasil-com-ministerios-no-governo-teve-11-votos-contrarios\/attachment\/img20230517175627214med\/\" data-orig-file=\"https:\/\/www.infomoney.com.br\/wp-content\/uploads\/2023\/05\/img20230517175627214MED.jpg?fit=1000%2C667&amp;quality=70&amp;strip=all\" data-orig-size=\"1000,667\" data-comments-opened=\"0\" data-image-meta='{\"aperture\":\"0\",\"credit\":\"\",\"camera\":\"\",\"caption\":\"\",\"created_timestamp\":\"0\",\"copyright\":\"\",\"focal_length\":\"0\",\"iso\":\"0\",\"shutter_speed\":\"0\",\"title\":\"\",\"orientation\":\"0\"}' data-image-title=\"C\u00e2mara dos Deputados\" data-image-description=\"\" data-image-caption=\"&lt;p&gt;O plen\u00e1rio da C\u00e2mara dos Deputados durante sess\u00e3o deliberativa extraordin\u00e1ria (Foto: Zeca Ribeiro\/C\u00e2mara dos Deputados)&lt;\/p&gt;\n\" data-medium-file=\"https:\/\/www.infomoney.com.br\/wp-content\/uploads\/2023\/05\/img20230517175627214MED.jpg?fit=300%2C200&amp;quality=70&amp;strip=all\" data-large-file=\"https:\/\/www.infomoney.com.br\/wp-content\/uploads\/2023\/05\/img20230517175627214MED.jpg?fit=1000%2C667&amp;quality=70&amp;strip=all\">Projeto que tipifica crimes de discrimina\u00e7\u00e3o seguir\u00e1 para an\u00e1lise do Senado<\/p>\n<p>The post <a rel=\"nofollow\" href=\"https:\/\/www.infomoney.com.br\/politica\/camara-aprova-punicao-a-quem-se-recusar-a-abrir-conta-ou-conceder-credito-a-pessoa-politicamente-exposta\/\">C\u00e2mara aprova puni\u00e7\u00e3o a quem se recusar a abrir conta ou conceder cr\u00e9dito a pessoa politicamente exposta<\/a> appeared first on <a rel=\"nofollow\" href=\"https:\/\/www.infomoney.com.br\/\">InfoMoney<\/a>.<\/p>\n","protected":false},"author":47,"featured_media":0,"comment_status":"closed","ping_status":"closed","sticky":false,"template":"","format":"standard","meta":{"advgb_blocks_editor_width":"","advgb_blocks_columns_visual_guide":"","footnotes":""},"categories":[276,359,1484,34,47],"tags":[35,50],"class_list":["post-20891","post","type-post","status-publish","format-standard","hentry","category-camara-dos-deputados","category-congresso-nacional","category-crimes","category-g1","category-politica","tag-g1","tag-projeto-de-lei"],"author_meta":{"display_name":"luispereira","author_link":"https:\/\/sindaopcpb.org.br\/author\/luispereira\/"},"featured_img":null,"coauthors":[],"tax_additional":{"categories":{"linked":["<a href=\"https:\/\/sindaopcpb.org.br\/camara-dos-deputados\/\" class=\"advgb-post-tax-term\">C\u00e2mara dos Deputados<\/a>","<a href=\"https:\/\/sindaopcpb.org.br\/congresso-nacional\/\" class=\"advgb-post-tax-term\">Congresso Nacional<\/a>","<a href=\"https:\/\/sindaopcpb.org.br\/crimes\/\" class=\"advgb-post-tax-term\">Crimes<\/a>","<a href=\"https:\/\/sindaopcpb.org.br\/g1\/\" class=\"advgb-post-tax-term\">G1<\/a>","<a href=\"https:\/\/sindaopcpb.org.br\/politica\/\" class=\"advgb-post-tax-term\">POLITICA<\/a>"],"unlinked":["<span class=\"advgb-post-tax-term\">C\u00e2mara dos Deputados<\/span>","<span class=\"advgb-post-tax-term\">Congresso Nacional<\/span>","<span class=\"advgb-post-tax-term\">Crimes<\/span>","<span class=\"advgb-post-tax-term\">G1<\/span>","<span class=\"advgb-post-tax-term\">POLITICA<\/span>"]},"tags":{"linked":["<a href=\"https:\/\/sindaopcpb.org.br\/politica\/\" class=\"advgb-post-tax-term\">g1<\/a>","<a href=\"https:\/\/sindaopcpb.org.br\/politica\/\" class=\"advgb-post-tax-term\">projeto de lei<\/a>"],"unlinked":["<span class=\"advgb-post-tax-term\">g1<\/span>","<span class=\"advgb-post-tax-term\">projeto de lei<\/span>"]}},"comment_count":"0","relative_dates":{"created":"Publicado 3 anos atr\u00e1s","modified":"Atualizado 3 anos atr\u00e1s"},"absolute_dates":{"created":"Publicado em 15 de junho de 2023","modified":"Atualizado em 15 de junho de 2023"},"absolute_dates_time":{"created":"Publicado em 15 de junho de 2023 10:58","modified":"Atualizado em 15 de junho de 2023 10:58"},"featured_img_caption":"","series_order":"","_links":{"self":[{"href":"https:\/\/sindaopcpb.org.br\/index.php\/wp-json\/wp\/v2\/posts\/20891","targetHints":{"allow":["GET"]}}],"collection":[{"href":"https:\/\/sindaopcpb.org.br\/index.php\/wp-json\/wp\/v2\/posts"}],"about":[{"href":"https:\/\/sindaopcpb.org.br\/index.php\/wp-json\/wp\/v2\/types\/post"}],"author":[{"embeddable":true,"href":"https:\/\/sindaopcpb.org.br\/index.php\/wp-json\/wp\/v2\/users\/47"}],"replies":[{"embeddable":true,"href":"https:\/\/sindaopcpb.org.br\/index.php\/wp-json\/wp\/v2\/comments?post=20891"}],"version-history":[{"count":1,"href":"https:\/\/sindaopcpb.org.br\/index.php\/wp-json\/wp\/v2\/posts\/20891\/revisions"}],"predecessor-version":[{"id":20892,"href":"https:\/\/sindaopcpb.org.br\/index.php\/wp-json\/wp\/v2\/posts\/20891\/revisions\/20892"}],"wp:attachment":[{"href":"https:\/\/sindaopcpb.org.br\/index.php\/wp-json\/wp\/v2\/media?parent=20891"}],"wp:term":[{"taxonomy":"category","embeddable":true,"href":"https:\/\/sindaopcpb.org.br\/index.php\/wp-json\/wp\/v2\/categories?post=20891"},{"taxonomy":"post_tag","embeddable":true,"href":"https:\/\/sindaopcpb.org.br\/index.php\/wp-json\/wp\/v2\/tags?post=20891"}],"curies":[{"name":"wp","href":"https:\/\/api.w.org\/{rel}","templated":true}]}}