{"id":20879,"date":"2023-06-15T09:38:45","date_gmt":"2023-06-15T12:38:45","guid":{"rendered":"https:\/\/www.infomoney.com.br\/?p=2161430"},"modified":"2023-06-15T09:38:45","modified_gmt":"2023-06-15T12:38:45","slug":"camara-aprova-mp-do-novo-programa-mais-medicos","status":"publish","type":"post","link":"https:\/\/sindaopcpb.org.br\/index.php\/2023\/06\/15\/camara-aprova-mp-do-novo-programa-mais-medicos\/","title":{"rendered":"C\u00e2mara aprova MP do novo programa Mais M\u00e9dicos"},"content":{"rendered":"<p><img loading=\"lazy\" width=\"300\" height=\"200\" src=\"https:\/\/www.infomoney.com.br\/wp-content\/uploads\/2023\/05\/img20230517175627214MED.jpg?fit=300%2C200&amp;quality=70&amp;strip=all\" class=\"attachment-medium size-medium wp-post-image\" alt=\"\" decoding=\"async\" style=\"float:right; margin:0 0 10px 10px;\" srcset=\"https:\/\/www.infomoney.com.br\/wp-content\/uploads\/2023\/05\/img20230517175627214MED.jpg?w=1000&amp;quality=70&amp;strip=all 1000w, https:\/\/www.infomoney.com.br\/wp-content\/uploads\/2023\/05\/img20230517175627214MED.jpg?w=300&amp;quality=70&amp;strip=all 300w, https:\/\/www.infomoney.com.br\/wp-content\/uploads\/2023\/05\/img20230517175627214MED.jpg?w=768&amp;quality=70&amp;strip=all 768w, https:\/\/www.infomoney.com.br\/wp-content\/uploads\/2023\/05\/img20230517175627214MED.jpg?w=150&amp;quality=70&amp;strip=all 150w\" sizes=\"auto, (max-width: 300px) 100vw, 300px\" data-attachment-id=\"2138038\" data-permalink=\"https:\/\/www.infomoney.com.br\/politica\/pl-de-bolsonaro-entregou-29-votos-para-urgencia-do-arcabouco-fiscal-uniao-brasil-com-ministerios-no-governo-teve-11-votos-contrarios\/attachment\/img20230517175627214med\/\" data-orig-file=\"https:\/\/www.infomoney.com.br\/wp-content\/uploads\/2023\/05\/img20230517175627214MED.jpg?fit=1000%2C667&amp;quality=70&amp;strip=all\" data-orig-size=\"1000,667\" data-comments-opened=\"0\" data-image-meta=\"{&quot;aperture&quot;:&quot;0&quot;,&quot;credit&quot;:&quot;&quot;,&quot;camera&quot;:&quot;&quot;,&quot;caption&quot;:&quot;&quot;,&quot;created_timestamp&quot;:&quot;0&quot;,&quot;copyright&quot;:&quot;&quot;,&quot;focal_length&quot;:&quot;0&quot;,&quot;iso&quot;:&quot;0&quot;,&quot;shutter_speed&quot;:&quot;0&quot;,&quot;title&quot;:&quot;&quot;,&quot;orientation&quot;:&quot;0&quot;}\" data-image-title=\"C\u00e2mara dos Deputados\" data-image-description=\"\" data-image-caption=\"&lt;p&gt;O plen\u00e1rio da C\u00e2mara dos Deputados durante sess\u00e3o deliberativa extraordin\u00e1ria (Foto: Zeca Ribeiro\/C\u00e2mara dos Deputados)&lt;\/p&gt;\n\" data-medium-file=\"https:\/\/www.infomoney.com.br\/wp-content\/uploads\/2023\/05\/img20230517175627214MED.jpg?fit=300%2C200&amp;quality=70&amp;strip=all\" data-large-file=\"https:\/\/www.infomoney.com.br\/wp-content\/uploads\/2023\/05\/img20230517175627214MED.jpg?fit=1000%2C667&amp;quality=70&amp;strip=all\" title=\"\"><\/p>\n<p>A C\u00e2mara dos Deputados aprovou nesta quarta-feira (14) a Medida Provis\u00f3ria 1165\/23, que muda o programa Mais M\u00e9dicos para permitir a prorroga\u00e7\u00e3o de contratos e criar indeniza\u00e7\u00f5es de incentivo ao exerc\u00edcio da atividade em \u00e1reas de dif\u00edcil fixa\u00e7\u00e3o. A MP ser\u00e1 enviada ao Senado.<\/p>\n<p>Segundo o parecer da relatora, senadora Zenaide Maia (PSD-RN), em vez da dispensa definitiva de revalida\u00e7\u00e3o do diploma para o m\u00e9dico intercambista, ele poder\u00e1 participar do programa por quatro anos sem a necessidade dessa revalida\u00e7\u00e3o. Antes da MP, o per\u00edodo era de tr\u00eas anos.<\/p>\n<p>Com a mudan\u00e7a proposta pela relatora, essa regra se aplica ainda \u00e0 recontrata\u00e7\u00e3o dos m\u00e9dicos participantes de ciclos ocorridos at\u00e9 dezembro de 2022, independentemente do per\u00edodo de atua\u00e7\u00e3o desses profissionais no Mais M\u00e9dicos. O acesso dever\u00e1 ocorrer por meio de editais a serem abertos depois da edi\u00e7\u00e3o da MP, em mar\u00e7o de 2023.<\/p>\n<p>Dessa forma, aqueles que j\u00e1 tenham participado por mais de quatro anos somente poder\u00e3o ser recontratados com a revalida\u00e7\u00e3o do diploma.<\/p>\n<p>M\u00e9dico intercambista \u00e9 aquele que, independentemente da nacionalidade brasileira ou estrangeira, tem registro profissional apenas no exterior.<\/p>\n<h2><strong>Prazo do visto<\/strong><\/h2>\n<p>Segundo o texto aprovado, o prazo do visto para o intercambista estrangeiro aumenta de tr\u00eas para quatro anos, prorrog\u00e1vel por igual per\u00edodo. Continua a exig\u00eancia, entretanto, de atua\u00e7\u00e3o exclusiva em atividades de ensino, pesquisa e extens\u00e3o no \u00e2mbito do projeto Mais M\u00e9dicos para o Brasil.<\/p>\n<p>A fim de conferir agilidade na aloca\u00e7\u00e3o de m\u00e9dicos em caso de vagas n\u00e3o providas, o Minist\u00e9rio da Sa\u00fade poder\u00e1 implantar crit\u00e9rio de sele\u00e7\u00e3o para redistribui\u00e7\u00e3o de m\u00e9dicos inscritos no mesmo estado com vagas n\u00e3o preenchidas.<\/p>\n<h2><strong>Revalida<br \/><\/strong><\/h2>\n<p>O exame do Revalida, uma das etapas para obten\u00e7\u00e3o do registro para o exerc\u00edcio da medicina no Brasil por parte dos formados no exterior, passa de periodicidade semestral para quadrimestral.<\/p>\n<p>Um acordo entre governo e oposi\u00e7\u00e3o levou \u00e0 aprova\u00e7\u00e3o em Plen\u00e1rio de um <span class=\"termoGlossario\">destaque<\/span> do PL para retirar dispositivo que permitiria, aos candidatos aprovados em avalia\u00e7\u00f5es peri\u00f3dicas referentes ao per\u00edodo de 48 meses de atua\u00e7\u00e3o, contarem com dispensa da prova pr\u00e1tica de habilidades cl\u00ednicas. Assim, eles continuar\u00e3o a ter de fazer esse exame pr\u00e1tico.<\/p>\n<p>O texto determina que todas as novas regras introduzidas na <a class=\"linkLegislacao\" href=\"https:\/\/www2.camara.gov.br\/legin\/fed\/lei\/2013\/lei-12871-22-outubro-2013-777279-norma-pl.html\" rel=\"nofollow noopener\" target=\"_blank\">Lei 12.871\/13<\/a> ser\u00e3o aplic\u00e1veis tamb\u00e9m aos m\u00e9dicos selecionados em editais publicados em 2022 e com termos de ades\u00e3o efetivado em 2023 ou \u00e0queles que passaram a fazer parte do programa por for\u00e7a de decis\u00e3o judicial em 2023.<\/p>\n<p>&#8220;Fizemos um grande acordo para vota\u00e7\u00e3o&#8221;, disse o l\u00edder do governo, deputado Jos\u00e9 Guimar\u00e3es (PT-CE).<\/p>\n<p>Para o deputado Dorinaldo Malafaia (PDT-AP), o acordo mostra o empenho dos parlamentares em aperfei\u00e7oar a pol\u00edtica p\u00fablica. &#8220;Tivemos o m\u00e1ximo de democracia para acatar altera\u00e7\u00f5es e cr\u00edticas. Esta vers\u00e3o contempla os anseios da oposi\u00e7\u00e3o, aqui temos um pacto pelo Brasil&#8221;, disse.<\/p>\n<p>Malafaia destacou ainda que o novo programa elimina intermedia\u00e7\u00e3o de contrata\u00e7\u00e3o dos m\u00e9dicos e d\u00e1 prioridade \u00e0 contrata\u00e7\u00e3o de m\u00e9dicos brasileiros. &#8220;Essa reformula\u00e7\u00e3o \u00e9 muito superior ao programa de 2013&#8221;, disse.<\/p>\n<p>O deputado Dr. Frederico (Patriota-MG) afirmou que manter as regras atuais do Revalida foi fundamental para aprovar a proposta. &#8220;A gente quer levar qualidade de atendimento aos que precisam e, para isso, o Revalida \u00e9 o m\u00ednimo&#8221;, disse.<\/p>\n<h2><strong>Abordagem familiar<\/strong><\/h2>\n<p>Alguns objetivos tamb\u00e9m mudam a fim de qualificar a abordagem familiar e comunit\u00e1ria para que o profissional consiga interagir com as caracter\u00edsticas culturais e tradicionais de cada territ\u00f3rio atendido.<\/p>\n<p>Segundo o governo, na \u00e9poca de cria\u00e7\u00e3o do programa, mais de 4 mil munic\u00edpios foram contemplados com Aten\u00e7\u00e3o Prim\u00e1ria \u00e0 Sa\u00fade (APS) por cerca de 18.240 m\u00e9dicos e, desde 2017, o n\u00famero de profissionais diminuiu para chegar hoje a cerca de 8,6 mil m\u00e9dicos. Nos distritos sanit\u00e1rios ind\u00edgenas, a cobertura de 100% deles foi reduzida a 58%.<\/p>\n<p>Esses distritos sanit\u00e1rios, as comunidades remanescentes de quilombos e as comunidades ribeirinhas ser\u00e3o consideradas regi\u00f5es priorit\u00e1rias.<\/p>\n<p>Tamb\u00e9m para ajudar a diminuir a defici\u00eancia de profissionais, o texto de Zenaide Maia incluiu a possibilidade de uso de recursos de telessa\u00fade quando necess\u00e1rio.<\/p>\n<h2><strong>Incentivo<\/strong><\/h2>\n<p>Outra novidade inclu\u00edda pela MP \u00e9 o pagamento de uma indeniza\u00e7\u00e3o para incentivar o m\u00e9dico participante a ficar mais tempo atuando em \u00e1reas vulner\u00e1veis ou de dif\u00edcil fixa\u00e7\u00e3o listadas pelo Minist\u00e9rio da Sa\u00fade.<\/p>\n<p>Est\u00e1 previsto o pagamento de tr\u00eas tipos de bolsas: bolsa-forma\u00e7\u00e3o, bolsa-supervis\u00e3o e bolsa-tutoria.<\/p>\n<p>Para fazer jus \u00e0 indeniza\u00e7\u00e3o, o m\u00e9dico participante deve cumprir os prazos da lei do Mais M\u00e9dicos (<a class=\"linkLegislacao\" href=\"https:\/\/www2.camara.gov.br\/legin\/fed\/lei\/2013\/lei-12871-22-outubro-2013-777279-norma-pl.html\" rel=\"nofollow noopener\" target=\"_blank\">Lei 12.871\/13<\/a>), ser aprovado em todas as atividades educacionais oferecidas pelo projeto, cumprir os deveres estabelecidos pelo Minist\u00e9rio da Sa\u00fade e atuar de forma ininterrupta no projeto.<\/p>\n<p>O valor ser\u00e1 de:<\/p>\n<ul>\n<li>20% do total recebido com bolsas no per\u00edodo de 48 meses se atuar em \u00e1rea de vulnerabilidade indicada em ato do minist\u00e9rio; ou<\/li>\n<li>10% do valor total recebido no per\u00edodo de 48 meses se atuar nos demais munic\u00edpios.<\/li>\n<\/ul>\n<p>A op\u00e7\u00e3o por uma das seguintes formas de recebimento da indeniza\u00e7\u00e3o ser\u00e1 feita pelo m\u00e9dico no ato de ades\u00e3o ao programa: 30% do total da indeniza\u00e7\u00e3o ap\u00f3s 36 meses de perman\u00eancia, contados da entrada em exerc\u00edcio; ou 70% da indeniza\u00e7\u00e3o ap\u00f3s 48 meses de perman\u00eancia.<\/p>\n<p>Poder\u00e1 optar ainda por pagamento em parcela \u00fanica ap\u00f3s 48 meses de atua\u00e7\u00e3o.<\/p>\n<h2><strong>M\u00e9dico do Fies<\/strong><\/h2>\n<p>Para m\u00e9dicos cuja gradua\u00e7\u00e3o tenha sido financiada pelo Fundo de Financiamento Estudantil (<span class=\"termoGlossario\">Fies<\/span>), a MP traz uma indeniza\u00e7\u00e3o maior a ser paga no lugar da outra.<\/p>\n<p>O valor total ser\u00e1 de 80% do recebido em bolsas se atuar em \u00e1rea de vulnerabilidade por 48 meses ou de 40% se atuar nas demais \u00e1reas por igual per\u00edodo.<\/p>\n<p>De acordo com o Poder Executivo, a indeniza\u00e7\u00e3o maior para esse grupo justifica-se porque \u201cm\u00e9dicos benefici\u00e1rios do Fies t\u00eam at\u00e9 30% mais chances de atuar em munic\u00edpios menores e de baixo <span class=\"termoGlossario\">IDH<\/span>\u201d.<\/p>\n<p>Antes de sua ades\u00e3o, ser\u00e1 informado aos candidatos \u00e0 indeniza\u00e7\u00e3o o n\u00famero de vagas dispon\u00edveis e as regras do regulamento para eles pedirem essa indeniza\u00e7\u00e3o, a ser paga em quatro parcelas:<\/p>\n<ul>\n<li>10% do total da indeniza\u00e7\u00e3o ap\u00f3s 12 meses de exerc\u00edcio cont\u00ednuo no projeto;<\/li>\n<li>10% do total ap\u00f3s 24 meses de exerc\u00edcio cont\u00ednuo;<\/li>\n<li>10% do total da indeniza\u00e7\u00e3o ap\u00f3s 36 meses de exerc\u00edcio cont\u00ednuo; e<\/li>\n<li>70% do total da indeniza\u00e7\u00e3o ap\u00f3s 48 meses de exerc\u00edcio cont\u00ednuo.<\/li>\n<\/ul>\n<h2><strong>Pagamento<\/strong><\/h2>\n<p>O n\u00famero de vagas dispon\u00edveis anualmente ser\u00e1 estabelecido pelo Minist\u00e9rio da Sa\u00fade; e a indeniza\u00e7\u00e3o poder\u00e1 ser paga a cada participante somente uma vez. Ambas as indeniza\u00e7\u00f5es e as bolsas ser\u00e3o pagas por banco federal contratado com dispensa de licita\u00e7\u00e3o.<\/p>\n<div id=\"image-container-971644\" class=\"image-container\">\n<div class=\"midia-creditos\">\n<p>Para fins de efetivo exerc\u00edcio necess\u00e1rio ao recebimento da indeniza\u00e7\u00e3o, a MP permite a contagem dos per\u00edodos de licen\u00e7a-maternidade, licen\u00e7a-paternidade e afastamento por at\u00e9 seis meses devido a viol\u00eancia dom\u00e9stica, conforme decis\u00e3o judicial, exclu\u00eddos os demais afastamentos.<\/p>\n<h2><strong>Indeniza\u00e7\u00e3o adicional<\/strong><\/h2>\n<p>A MP 1165\/23 prev\u00ea o pagamento de mais uma indeniza\u00e7\u00e3o ao m\u00e9dico graduado com financiamento do Fies caso ele, ao participar de programa de resid\u00eancia em Medicina de Fam\u00edlia e Comunidade pelos 24 meses sem interrup\u00e7\u00e3o, obtenha o t\u00edtulo de especialista.<\/p>\n<p>A indeniza\u00e7\u00e3o por forma\u00e7\u00e3o em especialidades estrat\u00e9gicas para o Sistema \u00danico de Sa\u00fade (SUS) ser\u00e1 no valor equivalente ao saldo devedor do m\u00e9dico junto ao Fies no momento de ingresso no programa de resid\u00eancia.<\/p>\n<p>De igual forma, caber\u00e1 ao Minist\u00e9rio da Sa\u00fade fixar o n\u00famero de vagas dispon\u00edveis para recebimento dessa indeniza\u00e7\u00e3o, condicionado a requerimento do interessado de acordo com regras do regulamento.<\/p>\n<p>Essa indeniza\u00e7\u00e3o poder\u00e1 ser recebida somente uma vez por participante. Da mesma forma que a indeniza\u00e7\u00e3o geral relacionada ao Fies, ou seja, sem v\u00ednculo com o programa de resid\u00eancia, o m\u00e9dico candidato dever\u00e1 ter conhecimento pr\u00e9vio do n\u00famero de vagas para seu pagamento.<\/p>\n<h2><strong>Impacto or\u00e7ament\u00e1rio<\/strong><\/h2>\n<p>Quanto ao or\u00e7amento estimado, o governo projetou gastos de R$ 712,5 milh\u00f5es em 2023 e de cerca de R$ 3 bilh\u00f5es para os pr\u00f3ximos anos, segundo o texto original da MP.<\/p>\n<p>Os recursos dever\u00e3o vir do or\u00e7amento do Minist\u00e9rio da Sa\u00fade.<\/p>\n<h2><strong>Licen\u00e7a-maternidade<\/strong><\/h2>\n<p>Para as m\u00e9dicas participantes que estiverem recebendo licen\u00e7a-maternidade pelo INSS, a medida prev\u00ea o pagamento de uma complementa\u00e7\u00e3o desse valor equivalente \u00e0 diferen\u00e7a entre a bolsa e o benef\u00edcio previdenci\u00e1rio pago pelo \u00f3rg\u00e3o. O complemento ser\u00e1 pago por seis meses.<\/p>\n<p>Para os m\u00e9dicos, o texto concede licen\u00e7a-paternidade de 20 dias consecutivos, tanto pelo nascimento quanto pela ado\u00e7\u00e3o de filhos.<\/p>\n<h2><strong>Pessoas com defici\u00eancia<\/strong><\/h2>\n<p>Outro benef\u00edcio inclu\u00eddo pela relatora \u00e9 a concess\u00e3o de hor\u00e1rio especial sem compensa\u00e7\u00e3o de carga ao m\u00e9dico participante com defici\u00eancia ou que tenha c\u00f4njuge, filho ou dependente com defici\u00eancia, comprovadas por junta m\u00e9dica oficial.<\/p>\n<p>Ainda segundo o texto aprovado, o regulamento do Mais M\u00e9dicos definir\u00e1 a reserva de vagas para m\u00e9dicos com defici\u00eancia ou pertencentes a grupos \u00e9tnico-raciais, bem como crit\u00e9rios e normas pertinentes.<\/p>\n<h2><strong>V\u00ednculo empregat\u00edcio<\/strong><\/h2>\n<p>A medida provis\u00f3ria especifica que as bolsas e as indeniza\u00e7\u00f5es n\u00e3o representam v\u00ednculo empregat\u00edcio com a Uni\u00e3o e n\u00e3o implicam incorpora\u00e7\u00e3o aos vencimentos para quaisquer efeitos legais, al\u00e9m de n\u00e3o serem tribut\u00e1veis pelo Imposto de Renda.<\/p>\n<p>Quanto ao pagamento de contribui\u00e7\u00e3o social \u00e0 Previd\u00eancia, o relat\u00f3rio prev\u00ea a dispensa somente a partir de 1\u00ba de janeiro de 2024.<\/p>\n<h2><strong>Prova de t\u00edtulo<\/strong><\/h2>\n<p>Em rela\u00e7\u00e3o aos m\u00e9dicos intercambistas que tenham obtido a revalida\u00e7\u00e3o de seus diplomas no Brasil, a MP permite a contagem do tempo de atua\u00e7\u00e3o no Mais M\u00e9dicos como prova de t\u00edtulo de especialista em Medicina de Fam\u00edlia e Comunidade.<\/p>\n<p>Esse tempo valer\u00e1 ainda para cumprir requisitos de provas de concurso p\u00fablico, de exames de t\u00edtulo de especialista ou para quaisquer outros processos seletivos que exijam comprova\u00e7\u00e3o de experi\u00eancia em servi\u00e7o no \u00e2mbito da aten\u00e7\u00e3o prim\u00e1ria \u00e0 sa\u00fade.<\/p>\n<p>Entretanto, o texto aprovado especifica que isso valer\u00e1 apenas para os profissionais que tenham seus diplomas revalidados.<\/p>\n<h2><strong>Forma\u00e7\u00e3o<\/strong><\/h2>\n<p>Quanto \u00e0 forma\u00e7\u00e3o dos m\u00e9dicos participantes, a MP muda a lei para permitir cursos de aperfei\u00e7oamento ou de p\u00f3s-gradua\u00e7\u00e3o lato ou stricto sensu ofertados por institui\u00e7\u00f5es de ensino e pesquisa.<\/p>\n<p>O prazo dessa forma\u00e7\u00e3o passa de at\u00e9 tr\u00eas para at\u00e9 quatro anos.<\/p>\n<p>Nesse sentido, uma das a\u00e7\u00f5es de aperfei\u00e7oamento na \u00e1rea de aten\u00e7\u00e3o b\u00e1sica em sa\u00fade em regi\u00f5es priorit\u00e1rias para o SUS ser\u00e1 a Resid\u00eancia de Medicina de Fam\u00edlia e Comunidade em institui\u00e7\u00e3o credenciada pela Comiss\u00e3o Nacional de Resid\u00eancia M\u00e9dica, segundo a matriz de compet\u00eancia da especialidade.<\/p>\n<\/div>\n<\/div>\n<p>The post <a rel=\"nofollow noopener\" href=\"https:\/\/www.infomoney.com.br\/politica\/camara-aprova-mp-do-novo-programa-mais-medicos\/\" target=\"_blank\">C\u00e2mara aprova MP do novo programa Mais M\u00e9dicos<\/a> appeared first on <a rel=\"nofollow noopener\" href=\"https:\/\/www.infomoney.com.br\/\" target=\"_blank\">InfoMoney<\/a>.<\/p>\n","protected":false},"excerpt":{"rendered":"<p><img loading=\"lazy\" decoding=\"async\" width=\"300\" height=\"200\" src=\"https:\/\/www.infomoney.com.br\/wp-content\/uploads\/2023\/05\/img20230517175627214MED.jpg?fit=300%2C200&amp;quality=70&amp;strip=all\" class=\"attachment-medium size-medium wp-post-image\" alt=\"\" data-attachment-id=\"2138038\" data-permalink=\"https:\/\/www.infomoney.com.br\/politica\/pl-de-bolsonaro-entregou-29-votos-para-urgencia-do-arcabouco-fiscal-uniao-brasil-com-ministerios-no-governo-teve-11-votos-contrarios\/attachment\/img20230517175627214med\/\" data-orig-file=\"https:\/\/www.infomoney.com.br\/wp-content\/uploads\/2023\/05\/img20230517175627214MED.jpg?fit=1000%2C667&amp;quality=70&amp;strip=all\" data-orig-size=\"1000,667\" data-comments-opened=\"0\" data-image-meta='{\"aperture\":\"0\",\"credit\":\"\",\"camera\":\"\",\"caption\":\"\",\"created_timestamp\":\"0\",\"copyright\":\"\",\"focal_length\":\"0\",\"iso\":\"0\",\"shutter_speed\":\"0\",\"title\":\"\",\"orientation\":\"0\"}' data-image-title=\"C\u00e2mara dos Deputados\" data-image-description=\"\" data-image-caption=\"&lt;p&gt;O plen\u00e1rio da C\u00e2mara dos Deputados durante sess\u00e3o deliberativa extraordin\u00e1ria (Foto: Zeca Ribeiro\/C\u00e2mara dos Deputados)&lt;\/p&gt;\n\" data-medium-file=\"https:\/\/www.infomoney.com.br\/wp-content\/uploads\/2023\/05\/img20230517175627214MED.jpg?fit=300%2C200&amp;quality=70&amp;strip=all\" data-large-file=\"https:\/\/www.infomoney.com.br\/wp-content\/uploads\/2023\/05\/img20230517175627214MED.jpg?fit=1000%2C667&amp;quality=70&amp;strip=all\">Texto agora seguir\u00e1 para o Senado<\/p>\n<p>The post <a rel=\"nofollow\" href=\"https:\/\/www.infomoney.com.br\/politica\/camara-aprova-mp-do-novo-programa-mais-medicos\/\">C\u00e2mara aprova MP do novo programa Mais M\u00e9dicos<\/a> appeared first on <a rel=\"nofollow\" href=\"https:\/\/www.infomoney.com.br\/\">InfoMoney<\/a>.<\/p>\n","protected":false},"author":52,"featured_media":0,"comment_status":"closed","ping_status":"closed","sticky":false,"template":"","format":"standard","meta":{"advgb_blocks_editor_width":"","advgb_blocks_columns_visual_guide":"","footnotes":""},"categories":[276,359,34,1158,432,47],"tags":[35],"class_list":["post-20879","post","type-post","status-publish","format-standard","hentry","category-camara-dos-deputados","category-congresso-nacional","category-g1","category-mais-medicos","category-medida-provisoria","category-politica","tag-g1"],"author_meta":{"display_name":"Marcos Mortari","author_link":"https:\/\/sindaopcpb.org.br\/author\/marcos-mortari\/"},"featured_img":null,"coauthors":[],"tax_additional":{"categories":{"linked":["<a href=\"https:\/\/sindaopcpb.org.br\/camara-dos-deputados\/\" class=\"advgb-post-tax-term\">C\u00e2mara dos Deputados<\/a>","<a href=\"https:\/\/sindaopcpb.org.br\/congresso-nacional\/\" class=\"advgb-post-tax-term\">Congresso Nacional<\/a>","<a href=\"https:\/\/sindaopcpb.org.br\/g1\/\" class=\"advgb-post-tax-term\">G1<\/a>","<a href=\"https:\/\/sindaopcpb.org.br\/mais-medicos\/\" class=\"advgb-post-tax-term\">Mais M\u00e9dicos<\/a>","<a href=\"https:\/\/sindaopcpb.org.br\/medida-provisoria\/\" class=\"advgb-post-tax-term\">Medida Provis\u00f3ria<\/a>","<a href=\"https:\/\/sindaopcpb.org.br\/politica\/\" class=\"advgb-post-tax-term\">POLITICA<\/a>"],"unlinked":["<span class=\"advgb-post-tax-term\">C\u00e2mara dos Deputados<\/span>","<span class=\"advgb-post-tax-term\">Congresso Nacional<\/span>","<span class=\"advgb-post-tax-term\">G1<\/span>","<span class=\"advgb-post-tax-term\">Mais M\u00e9dicos<\/span>","<span class=\"advgb-post-tax-term\">Medida Provis\u00f3ria<\/span>","<span class=\"advgb-post-tax-term\">POLITICA<\/span>"]},"tags":{"linked":["<a href=\"https:\/\/sindaopcpb.org.br\/politica\/\" class=\"advgb-post-tax-term\">g1<\/a>"],"unlinked":["<span class=\"advgb-post-tax-term\">g1<\/span>"]}},"comment_count":"0","relative_dates":{"created":"Publicado 3 anos atr\u00e1s","modified":"Atualizado 3 anos atr\u00e1s"},"absolute_dates":{"created":"Publicado em 15 de junho de 2023","modified":"Atualizado em 15 de junho de 2023"},"absolute_dates_time":{"created":"Publicado em 15 de junho de 2023 09:38","modified":"Atualizado em 15 de junho de 2023 09:38"},"featured_img_caption":"","series_order":"","_links":{"self":[{"href":"https:\/\/sindaopcpb.org.br\/index.php\/wp-json\/wp\/v2\/posts\/20879","targetHints":{"allow":["GET"]}}],"collection":[{"href":"https:\/\/sindaopcpb.org.br\/index.php\/wp-json\/wp\/v2\/posts"}],"about":[{"href":"https:\/\/sindaopcpb.org.br\/index.php\/wp-json\/wp\/v2\/types\/post"}],"author":[{"embeddable":true,"href":"https:\/\/sindaopcpb.org.br\/index.php\/wp-json\/wp\/v2\/users\/52"}],"replies":[{"embeddable":true,"href":"https:\/\/sindaopcpb.org.br\/index.php\/wp-json\/wp\/v2\/comments?post=20879"}],"version-history":[{"count":1,"href":"https:\/\/sindaopcpb.org.br\/index.php\/wp-json\/wp\/v2\/posts\/20879\/revisions"}],"predecessor-version":[{"id":20880,"href":"https:\/\/sindaopcpb.org.br\/index.php\/wp-json\/wp\/v2\/posts\/20879\/revisions\/20880"}],"wp:attachment":[{"href":"https:\/\/sindaopcpb.org.br\/index.php\/wp-json\/wp\/v2\/media?parent=20879"}],"wp:term":[{"taxonomy":"category","embeddable":true,"href":"https:\/\/sindaopcpb.org.br\/index.php\/wp-json\/wp\/v2\/categories?post=20879"},{"taxonomy":"post_tag","embeddable":true,"href":"https:\/\/sindaopcpb.org.br\/index.php\/wp-json\/wp\/v2\/tags?post=20879"}],"curies":[{"name":"wp","href":"https:\/\/api.w.org\/{rel}","templated":true}]}}