{"id":20851,"date":"2023-06-15T06:44:49","date_gmt":"2023-06-15T09:44:49","guid":{"rendered":"https:\/\/g1.globo.com\/pb\/paraiba\/sao-joao\/2023\/noticia\/2023\/06\/15\/sao-joao-2023-de-campina-grande-tem-show-de-leo-santana-nesta-quinta-15.ghtml"},"modified":"2023-06-15T06:44:49","modified_gmt":"2023-06-15T09:44:49","slug":"sao-joao-2023-de-campina-grande-tem-show-de-leo-santana-nesta-quinta-15","status":"publish","type":"post","link":"https:\/\/sindaopcpb.org.br\/index.php\/2023\/06\/15\/sao-joao-2023-de-campina-grande-tem-show-de-leo-santana-nesta-quinta-15\/","title":{"rendered":"S\u00e3o Jo\u00e3o 2023 de Campina Grande tem show de Leo Santana nesta quinta (15)"},"content":{"rendered":"   <img src=\"https:\/\/s2.glbimg.com\/j9_q3hEOMn9hlkTzPzvdr4WHBF4=\/i.s3.glbimg.com\/v1\/AUTH_59edd422c0c84a879bd37670ae4f538a\/internal_photos\/bs\/2019\/H\/c\/iofzWQQM2BRlaNZxBUaw\/leo-santana.jpg\" \/><br \/>     Shows no palco principal do Parque do Povo come\u00e7am por volta das 20h.  L\u00e9o Santana lota Parque do Povo em grava\u00e7\u00e3o de CD durante S\u00e3o Jo\u00e3o 2019 em Campina Grande\nEmanuel Tadeu \/Divulga\u00e7\u00e3o\nO S\u00e3o Jo\u00e3o 2023 de Campina Grande ter\u00e1 shows de Leo Santana, Magnificos e Samya Maia nesta quinta-feira (15). O evento come\u00e7ou no dia 1\u00ba de junho e acontece at\u00e9 o dia 2 de julho, no Parque do Povo.\nCompartilhe no WhatsApp\nCompartilhe no Telegram\nA previs\u00e3o \u00e9 que os shows no palco principal do Parque do Povo comecem de 20h. Confira abaixo os hor\u00e1rios dos shows:\n Leo Santana - 00h\nMagnificos - 22h\nSamya Maia - 20h\nEntre as principais atra\u00e7\u00f5es de renome nacional confirmadas na programa\u00e7\u00e3o do S\u00e3o Jo\u00e3o 2023 de Campina Grande tamb\u00e9m est\u00e3o L\u00e9o Santana, Mari Fernandez, Z\u00e9 Vaqueiro e Alok.\nLEIA TAMB\u00c9M:\n    Lista de estreantes vai de Jo\u00e3o Gomes ao pagode do Menos \u00e9 Mais\n    Saiba todas as informa\u00e7\u00f5es sobre o S\u00e3o Jo\u00e3o 2023 na Para\u00edba\nEst\u00e3o tamb\u00e9m nomes como Elba Ramalho, que mais uma vez se apresenta na v\u00e9spera de S\u00e3o Jo\u00e3o, e os de Fagner e Roberta Miranda, que v\u00e3o se apresentar no dia 24 de junho, dia de S\u00e3o Jo\u00e3o. \nV\u00eddeos mais assistidos do g1 Para\u00edba  ","protected":false},"excerpt":{"rendered":"<p>        Shows no palco principal do Parque do Povo come\u00e7am por volta das 20h.  L\u00e9o Santana lota Parque do Povo em grava\u00e7\u00e3o de CD durante S\u00e3o Jo\u00e3o 2019 em Campina Grande<br \/>\nEmanuel Tadeu \/Divulga\u00e7\u00e3o<br \/>\nO S\u00e3o Jo\u00e3o 2023 de Campina Grande ter\u00e1 shows de Leo Santa&#8230;<\/p>\n","protected":false},"author":2,"featured_media":0,"comment_status":"closed","ping_status":"closed","sticky":false,"template":"","format":"standard","meta":{"advgb_blocks_editor_width":"","advgb_blocks_columns_visual_guide":"","footnotes":""},"categories":[34],"tags":[35],"class_list":["post-20851","post","type-post","status-publish","format-standard","hentry","category-g1","tag-g1"],"author_meta":{"display_name":"g1 &gt; Para\u00edba","author_link":"https:\/\/sindaopcpb.org.br\/author\/g1-paraiba\/"},"featured_img":null,"coauthors":[],"tax_additional":{"categories":{"linked":["<a href=\"https:\/\/sindaopcpb.org.br\/g1\/\" class=\"advgb-post-tax-term\">G1<\/a>"],"unlinked":["<span class=\"advgb-post-tax-term\">G1<\/span>"]},"tags":{"linked":["<a href=\"https:\/\/sindaopcpb.org.br\/g1\/\" class=\"advgb-post-tax-term\">g1<\/a>"],"unlinked":["<span class=\"advgb-post-tax-term\">g1<\/span>"]}},"comment_count":"0","relative_dates":{"created":"Publicado 3 anos atr\u00e1s","modified":"Atualizado 3 anos atr\u00e1s"},"absolute_dates":{"created":"Publicado em 15 de junho de 2023","modified":"Atualizado em 15 de junho de 2023"},"absolute_dates_time":{"created":"Publicado em 15 de junho de 2023 06:44","modified":"Atualizado em 15 de junho de 2023 06:44"},"featured_img_caption":"","series_order":"","_links":{"self":[{"href":"https:\/\/sindaopcpb.org.br\/index.php\/wp-json\/wp\/v2\/posts\/20851","targetHints":{"allow":["GET"]}}],"collection":[{"href":"https:\/\/sindaopcpb.org.br\/index.php\/wp-json\/wp\/v2\/posts"}],"about":[{"href":"https:\/\/sindaopcpb.org.br\/index.php\/wp-json\/wp\/v2\/types\/post"}],"author":[{"embeddable":true,"href":"https:\/\/sindaopcpb.org.br\/index.php\/wp-json\/wp\/v2\/users\/2"}],"replies":[{"embeddable":true,"href":"https:\/\/sindaopcpb.org.br\/index.php\/wp-json\/wp\/v2\/comments?post=20851"}],"version-history":[{"count":3,"href":"https:\/\/sindaopcpb.org.br\/index.php\/wp-json\/wp\/v2\/posts\/20851\/revisions"}],"predecessor-version":[{"id":20982,"href":"https:\/\/sindaopcpb.org.br\/index.php\/wp-json\/wp\/v2\/posts\/20851\/revisions\/20982"}],"wp:attachment":[{"href":"https:\/\/sindaopcpb.org.br\/index.php\/wp-json\/wp\/v2\/media?parent=20851"}],"wp:term":[{"taxonomy":"category","embeddable":true,"href":"https:\/\/sindaopcpb.org.br\/index.php\/wp-json\/wp\/v2\/categories?post=20851"},{"taxonomy":"post_tag","embeddable":true,"href":"https:\/\/sindaopcpb.org.br\/index.php\/wp-json\/wp\/v2\/tags?post=20851"}],"curies":[{"name":"wp","href":"https:\/\/api.w.org\/{rel}","templated":true}]}}