{"id":20847,"date":"2023-06-15T07:41:12","date_gmt":"2023-06-15T10:41:12","guid":{"rendered":"https:\/\/g1.globo.com\/pb\/paraiba\/noticia\/2023\/06\/15\/the-flash-estreia-nos-cinemas-da-paraiba.ghtml"},"modified":"2023-06-15T07:41:12","modified_gmt":"2023-06-15T10:41:12","slug":"the-flash-estreia-nos-cinemas-da-paraiba","status":"publish","type":"post","link":"https:\/\/sindaopcpb.org.br\/index.php\/2023\/06\/15\/the-flash-estreia-nos-cinemas-da-paraiba\/","title":{"rendered":"&#8216;The Flash&#8217; estreia nos cinemas da Para\u00edba"},"content":{"rendered":"   <img src=\"https:\/\/s2.glbimg.com\/mw9h1O1zMAcMzX8Chb0mPPu4_gY=\/i.s3.glbimg.com\/v1\/AUTH_59edd422c0c84a879bd37670ae4f538a\/internal_photos\/bs\/2023\/X\/I\/aE26b6QaOqsUL7IirTaQ\/flash-divulgacao.jpg\" \/><br \/>     Longa tem exibi\u00e7\u00f5es em salas de cinema de Jo\u00e3o Pessoa, Campina Grande e Guarabira. Cena de 'The Flash', com Ezra Miller\nDivulga\u00e7\u00e3o\/Cortesia Warner Bros. Pictures e DC Comics\nO filme \u2018The Flash\u2019 estreia nesta quinta-feira (15) em cinemas da Para\u00edba. O longa tem exibi\u00e7\u00f5es em  salas de cinema de Jo\u00e3o Pessoa, Campina Grande e Guarabira.\nConfira o guia Qual \u00e9 a Boa\nEm \"The Flash\", o super her\u00f3i protagonista ultrapassa seus pr\u00f3prios poderes. Ezra Miller estrela como Barry Allen e d\u00e1 sequ\u00eancia ao longa-metragem independente do DC Super Hero. \nA hist\u00f3ria de passa pela viagem que Barry Allen faz para o passado. O objetivo dele \u00e9 evitar a morte da m\u00e3e, mas a aventura acaba causando transtornos no multiverso. \nDiretor de \"The Flash\" diz que super-her\u00f3i \u00e9 profundamente humano\ng1 j\u00e1 viu:\n'The Flash' abra\u00e7a nostalgia com performance eficiente de Ezra Miller\nAssista ao trailer de The Flash\nO filme est\u00e1 em cartaz nos Cin\u00e9polis do Mana\u00edra e Mangabeira Shopping, e no Centerplex do Mag Shopping, em Jo\u00e3o Pessoa; no Cinesercla do Partage Shopping, em Campina Grande; e no Cinemaxxi do Shopping Cidade Luz, em Guarabira. \nEzra Miller interpreta o super-her\u00f3i The Flash nos cinemas\nDivulga\u00e7\u00e3o\/Warner Bros. Entertainment Inc. via AP\nV\u00eddeos mais assistidos do g1 Para\u00edba  ","protected":false},"excerpt":{"rendered":"<p>        Longa tem exibi\u00e7\u00f5es em salas de cinema de Jo\u00e3o Pessoa, Campina Grande e Guarabira. Cena de &#8216;The Flash&#8217;, com Ezra Miller<br \/>\nDivulga\u00e7\u00e3o\/Cortesia Warner Bros. Pictures e DC Comics<br \/>\nO filme \u2018The Flash\u2019 estreia nesta quinta-feira (15) em cinemas da Para&#8230;<\/p>\n","protected":false},"author":2,"featured_media":0,"comment_status":"closed","ping_status":"closed","sticky":false,"template":"","format":"standard","meta":{"advgb_blocks_editor_width":"","advgb_blocks_columns_visual_guide":"","footnotes":""},"categories":[34],"tags":[35],"class_list":["post-20847","post","type-post","status-publish","format-standard","hentry","category-g1","tag-g1"],"author_meta":{"display_name":"g1 &gt; Para\u00edba","author_link":"https:\/\/sindaopcpb.org.br\/author\/g1-paraiba\/"},"featured_img":null,"coauthors":[],"tax_additional":{"categories":{"linked":["<a href=\"https:\/\/sindaopcpb.org.br\/g1\/\" class=\"advgb-post-tax-term\">G1<\/a>"],"unlinked":["<span class=\"advgb-post-tax-term\">G1<\/span>"]},"tags":{"linked":["<a href=\"https:\/\/sindaopcpb.org.br\/g1\/\" class=\"advgb-post-tax-term\">g1<\/a>"],"unlinked":["<span class=\"advgb-post-tax-term\">g1<\/span>"]}},"comment_count":"0","relative_dates":{"created":"Publicado 3 anos atr\u00e1s","modified":"Atualizado 3 anos atr\u00e1s"},"absolute_dates":{"created":"Publicado em 15 de junho de 2023","modified":"Atualizado em 15 de junho de 2023"},"absolute_dates_time":{"created":"Publicado em 15 de junho de 2023 07:41","modified":"Atualizado em 15 de junho de 2023 07:41"},"featured_img_caption":"","series_order":"","_links":{"self":[{"href":"https:\/\/sindaopcpb.org.br\/index.php\/wp-json\/wp\/v2\/posts\/20847","targetHints":{"allow":["GET"]}}],"collection":[{"href":"https:\/\/sindaopcpb.org.br\/index.php\/wp-json\/wp\/v2\/posts"}],"about":[{"href":"https:\/\/sindaopcpb.org.br\/index.php\/wp-json\/wp\/v2\/types\/post"}],"author":[{"embeddable":true,"href":"https:\/\/sindaopcpb.org.br\/index.php\/wp-json\/wp\/v2\/users\/2"}],"replies":[{"embeddable":true,"href":"https:\/\/sindaopcpb.org.br\/index.php\/wp-json\/wp\/v2\/comments?post=20847"}],"version-history":[{"count":1,"href":"https:\/\/sindaopcpb.org.br\/index.php\/wp-json\/wp\/v2\/posts\/20847\/revisions"}],"predecessor-version":[{"id":20848,"href":"https:\/\/sindaopcpb.org.br\/index.php\/wp-json\/wp\/v2\/posts\/20847\/revisions\/20848"}],"wp:attachment":[{"href":"https:\/\/sindaopcpb.org.br\/index.php\/wp-json\/wp\/v2\/media?parent=20847"}],"wp:term":[{"taxonomy":"category","embeddable":true,"href":"https:\/\/sindaopcpb.org.br\/index.php\/wp-json\/wp\/v2\/categories?post=20847"},{"taxonomy":"post_tag","embeddable":true,"href":"https:\/\/sindaopcpb.org.br\/index.php\/wp-json\/wp\/v2\/tags?post=20847"}],"curies":[{"name":"wp","href":"https:\/\/api.w.org\/{rel}","templated":true}]}}