{"id":20794,"date":"2023-06-14T15:53:00","date_gmt":"2023-06-14T18:53:00","guid":{"rendered":"https:\/\/www.infomoney.com.br\/?p=2160965"},"modified":"2023-06-14T15:53:00","modified_gmt":"2023-06-14T18:53:00","slug":"alckmin-diz-que-governo-vai-defender-manutencao-da-substituicao-tributaria-em-reforma","status":"publish","type":"post","link":"https:\/\/sindaopcpb.org.br\/index.php\/2023\/06\/14\/alckmin-diz-que-governo-vai-defender-manutencao-da-substituicao-tributaria-em-reforma\/","title":{"rendered":"Alckmin diz que governo vai defender manuten\u00e7\u00e3o da substitui\u00e7\u00e3o tribut\u00e1ria em reforma"},"content":{"rendered":"<p><img loading=\"lazy\" width=\"300\" height=\"225\" src=\"https:\/\/www.infomoney.com.br\/wp-content\/uploads\/2022\/11\/3.-lula-ccbb_mcamgo_abr_101120221818-17.jpg?fit=300%2C225&amp;quality=70&amp;strip=all\" class=\"attachment-medium size-medium wp-post-image\" alt=\"\" decoding=\"async\" style=\"float:right; margin:0 0 10px 10px;\" srcset=\"https:\/\/www.infomoney.com.br\/wp-content\/uploads\/2022\/11\/3.-lula-ccbb_mcamgo_abr_101120221818-17.jpg?w=1024&amp;quality=70&amp;strip=all 1024w, https:\/\/www.infomoney.com.br\/wp-content\/uploads\/2022\/11\/3.-lula-ccbb_mcamgo_abr_101120221818-17.jpg?w=300&amp;quality=70&amp;strip=all 300w, https:\/\/www.infomoney.com.br\/wp-content\/uploads\/2022\/11\/3.-lula-ccbb_mcamgo_abr_101120221818-17.jpg?w=768&amp;quality=70&amp;strip=all 768w, https:\/\/www.infomoney.com.br\/wp-content\/uploads\/2022\/11\/3.-lula-ccbb_mcamgo_abr_101120221818-17.jpg?w=150&amp;quality=70&amp;strip=all 150w\" sizes=\"auto, (max-width: 300px) 100vw, 300px\" data-attachment-id=\"1987723\" data-permalink=\"https:\/\/www.infomoney.com.br\/politica\/alckmin-governo-lula-vai-fechar-contas-no-azul-e-reduzir-divida-mas-nao-em-24h\/attachment\/3-lula-ccbb_mcamgo_abr_101120221818-17\/\" data-orig-file=\"https:\/\/www.infomoney.com.br\/wp-content\/uploads\/2022\/11\/3.-lula-ccbb_mcamgo_abr_101120221818-17.jpg?fit=1024%2C768&amp;quality=70&amp;strip=all\" data-orig-size=\"1024,768\" data-comments-opened=\"0\" data-image-meta=\"{&quot;aperture&quot;:&quot;2.8&quot;,&quot;credit&quot;:&quot;Marcelo Camargo\\\/Ag\\u00eancia Brasil&quot;,&quot;camera&quot;:&quot;Canon EOS-1D X&quot;,&quot;caption&quot;:&quot;O vice-presidente eleito, Geraldo Alckmin, durante reuni\\u00e3o com parlamentares das bancadas aliadas na sede do governo de transi\\u00e7\\u00e3o no Centro Cultural Banco do Brasil (CCBB).&quot;,&quot;created_timestamp&quot;:&quot;1668078950&quot;,&quot;copyright&quot;:&quot;Ag\\u00eancia Brasil\\\/EBC&quot;,&quot;focal_length&quot;:&quot;160&quot;,&quot;iso&quot;:&quot;2000&quot;,&quot;shutter_speed&quot;:&quot;0.004&quot;,&quot;title&quot;:&quot;&quot;,&quot;orientation&quot;:&quot;0&quot;}\" data-image-title=\"Geraldo Alckmin\" data-image-description=\"\" data-image-caption=\"&lt;p&gt;O vice-presidente eleito, Geraldo Alckmin (PSB), no CCBB, em Bras\u00edlia (Foto: Marcelo Camargo\/Ag\u00eancia Brasil)&lt;\/p&gt;\n\" data-medium-file=\"https:\/\/www.infomoney.com.br\/wp-content\/uploads\/2022\/11\/3.-lula-ccbb_mcamgo_abr_101120221818-17.jpg?fit=300%2C225&amp;quality=70&amp;strip=all\" data-large-file=\"https:\/\/www.infomoney.com.br\/wp-content\/uploads\/2022\/11\/3.-lula-ccbb_mcamgo_abr_101120221818-17.jpg?fit=1024%2C768&amp;quality=70&amp;strip=all\" title=\"\"><\/p>\n<p>O vice-presidente da Rep\u00fablica e ministro do Desenvolvimento, Ind\u00fastria, Com\u00e9rcio e Servi\u00e7os, Geraldo Alckmin, afirmou, nesta quarta-feira (14), que o governo vai defender a manuten\u00e7\u00e3o do regime de substitui\u00e7\u00e3o tribut\u00e1ria durante a tramita\u00e7\u00e3o no Congresso da reforma do sistema de cobran\u00e7a de impostos no Pa\u00eds. O modelo transfere para o in\u00edcio da cadeia produtiva, ou seja, para o produtor, o recolhimento de impostos das demais fases at\u00e9 o consumidor final.<\/p>\n<p>A medida ajuda no combate \u00e0 sonega\u00e7\u00e3o. Pela reforma, cinco impostos ser\u00e3o substitu\u00eddos por um Imposto de Valor Agregado (IVA) dual.<\/p>\n<p>De acordo com Alckmin, o presidente da Rep\u00fablica, Luiz In\u00e1cio Lula da Silva, ouviu de empres\u00e1rios do setor varejista com quem se reuniu nesta quarta uma preocupa\u00e7\u00e3o em manter o regime de substitui\u00e7\u00e3o na reforma tribut\u00e1ria.<\/p>\n<p>&#8220;O relator incluiu a manuten\u00e7\u00e3o da substitui\u00e7\u00e3o tribut\u00e1ria no seu trabalho e o governo vai defender&#8221;, disse o vice-presidente a jornalistas no Pal\u00e1cio do Planalto. &#8220;\u00c9 sempre ouvir, ter di\u00e1logo, para a gente poder avan\u00e7ar&#8221;, acrescentou, sobre a interlocu\u00e7\u00e3o com empres\u00e1rios.<\/p>\n<p>The post <a rel=\"nofollow noopener\" href=\"https:\/\/www.infomoney.com.br\/politica\/alckmin-diz-que-governo-vai-defender-manutencao-da-substituicao-tributaria-em-reforma\/\" target=\"_blank\">Alckmin diz que governo vai defender manuten\u00e7\u00e3o da substitui\u00e7\u00e3o tribut\u00e1ria em reforma<\/a> appeared first on <a rel=\"nofollow noopener\" href=\"https:\/\/www.infomoney.com.br\/\" target=\"_blank\">InfoMoney<\/a>.<\/p>\n","protected":false},"excerpt":{"rendered":"<p><img loading=\"lazy\" decoding=\"async\" width=\"300\" height=\"225\" src=\"https:\/\/www.infomoney.com.br\/wp-content\/uploads\/2022\/11\/3.-lula-ccbb_mcamgo_abr_101120221818-17.jpg?fit=300%2C225&amp;quality=70&amp;strip=all\" class=\"attachment-medium size-medium wp-post-image\" alt=\"\" data-attachment-id=\"1987723\" data-permalink=\"https:\/\/www.infomoney.com.br\/politica\/alckmin-governo-lula-vai-fechar-contas-no-azul-e-reduzir-divida-mas-nao-em-24h\/attachment\/3-lula-ccbb_mcamgo_abr_101120221818-17\/\" data-orig-file=\"https:\/\/www.infomoney.com.br\/wp-content\/uploads\/2022\/11\/3.-lula-ccbb_mcamgo_abr_101120221818-17.jpg?fit=1024%2C768&amp;quality=70&amp;strip=all\" data-orig-size=\"1024,768\" data-comments-opened=\"0\" data-image-meta='{\"aperture\":\"2.8\",\"credit\":\"Marcelo Camargo\\\/Ag\\u00eancia Brasil\",\"camera\":\"Canon EOS-1D X\",\"caption\":\"O vice-presidente eleito, Geraldo Alckmin, durante reuni\\u00e3o com parlamentares das bancadas aliadas na sede do governo de transi\\u00e7\\u00e3o no Centro Cultural Banco do Brasil (CCBB).\",\"created_timestamp\":\"1668078950\",\"copyright\":\"Ag\\u00eancia Brasil\\\/EBC\",\"focal_length\":\"160\",\"iso\":\"2000\",\"shutter_speed\":\"0.004\",\"title\":\"\",\"orientation\":\"0\"}' data-image-title=\"Geraldo Alckmin\" data-image-description=\"\" data-image-caption=\"&lt;p&gt;O vice-presidente eleito, Geraldo Alckmin (PSB), no CCBB, em Bras\u00edlia (Foto: Marcelo Camargo\/Ag\u00eancia Brasil)&lt;\/p&gt;\n\" data-medium-file=\"https:\/\/www.infomoney.com.br\/wp-content\/uploads\/2022\/11\/3.-lula-ccbb_mcamgo_abr_101120221818-17.jpg?fit=300%2C225&amp;quality=70&amp;strip=all\" data-large-file=\"https:\/\/www.infomoney.com.br\/wp-content\/uploads\/2022\/11\/3.-lula-ccbb_mcamgo_abr_101120221818-17.jpg?fit=1024%2C768&amp;quality=70&amp;strip=all\">Pela reforma, cinco impostos ser\u00e3o substitu\u00eddos por um Imposto de Valor Agregado (IVA) dual<\/p>\n<p>The post <a rel=\"nofollow\" href=\"https:\/\/www.infomoney.com.br\/politica\/alckmin-diz-que-governo-vai-defender-manutencao-da-substituicao-tributaria-em-reforma\/\">Alckmin diz que governo vai defender manuten\u00e7\u00e3o da substitui\u00e7\u00e3o tribut\u00e1ria em reforma<\/a> appeared first on <a rel=\"nofollow\" href=\"https:\/\/www.infomoney.com.br\/\">InfoMoney<\/a>.<\/p>\n","protected":false},"author":43,"featured_media":0,"comment_status":"closed","ping_status":"closed","sticky":false,"template":"","format":"standard","meta":{"advgb_blocks_editor_width":"","advgb_blocks_columns_visual_guide":"","footnotes":""},"categories":[34,340,556,47,191],"tags":[35],"class_list":["post-20794","post","type-post","status-publish","format-standard","hentry","category-g1","category-geraldo-alckmin","category-impostos","category-politica","category-reforma-tributaria","tag-g1"],"author_meta":{"display_name":"Estad\u00e3o Conte\u00fado","author_link":"https:\/\/sindaopcpb.org.br\/author\/estadao-conteudo\/"},"featured_img":null,"coauthors":[],"tax_additional":{"categories":{"linked":["<a href=\"https:\/\/sindaopcpb.org.br\/g1\/\" class=\"advgb-post-tax-term\">G1<\/a>","<a href=\"https:\/\/sindaopcpb.org.br\/geraldo-alckmin\/\" class=\"advgb-post-tax-term\">Geraldo Alckmin<\/a>","<a href=\"https:\/\/sindaopcpb.org.br\/impostos\/\" class=\"advgb-post-tax-term\">Impostos<\/a>","<a href=\"https:\/\/sindaopcpb.org.br\/politica\/\" class=\"advgb-post-tax-term\">POLITICA<\/a>","<a href=\"https:\/\/sindaopcpb.org.br\/reforma-tributaria\/\" class=\"advgb-post-tax-term\">reforma tribut\u00e1ria<\/a>"],"unlinked":["<span class=\"advgb-post-tax-term\">G1<\/span>","<span class=\"advgb-post-tax-term\">Geraldo Alckmin<\/span>","<span class=\"advgb-post-tax-term\">Impostos<\/span>","<span class=\"advgb-post-tax-term\">POLITICA<\/span>","<span class=\"advgb-post-tax-term\">reforma tribut\u00e1ria<\/span>"]},"tags":{"linked":["<a href=\"https:\/\/sindaopcpb.org.br\/reforma-tributaria\/\" class=\"advgb-post-tax-term\">g1<\/a>"],"unlinked":["<span class=\"advgb-post-tax-term\">g1<\/span>"]}},"comment_count":"0","relative_dates":{"created":"Publicado 3 anos atr\u00e1s","modified":"Atualizado 3 anos atr\u00e1s"},"absolute_dates":{"created":"Publicado em 14 de junho de 2023","modified":"Atualizado em 14 de junho de 2023"},"absolute_dates_time":{"created":"Publicado em 14 de junho de 2023 15:53","modified":"Atualizado em 14 de junho de 2023 15:53"},"featured_img_caption":"","series_order":"","_links":{"self":[{"href":"https:\/\/sindaopcpb.org.br\/index.php\/wp-json\/wp\/v2\/posts\/20794","targetHints":{"allow":["GET"]}}],"collection":[{"href":"https:\/\/sindaopcpb.org.br\/index.php\/wp-json\/wp\/v2\/posts"}],"about":[{"href":"https:\/\/sindaopcpb.org.br\/index.php\/wp-json\/wp\/v2\/types\/post"}],"author":[{"embeddable":true,"href":"https:\/\/sindaopcpb.org.br\/index.php\/wp-json\/wp\/v2\/users\/43"}],"replies":[{"embeddable":true,"href":"https:\/\/sindaopcpb.org.br\/index.php\/wp-json\/wp\/v2\/comments?post=20794"}],"version-history":[{"count":1,"href":"https:\/\/sindaopcpb.org.br\/index.php\/wp-json\/wp\/v2\/posts\/20794\/revisions"}],"predecessor-version":[{"id":20795,"href":"https:\/\/sindaopcpb.org.br\/index.php\/wp-json\/wp\/v2\/posts\/20794\/revisions\/20795"}],"wp:attachment":[{"href":"https:\/\/sindaopcpb.org.br\/index.php\/wp-json\/wp\/v2\/media?parent=20794"}],"wp:term":[{"taxonomy":"category","embeddable":true,"href":"https:\/\/sindaopcpb.org.br\/index.php\/wp-json\/wp\/v2\/categories?post=20794"},{"taxonomy":"post_tag","embeddable":true,"href":"https:\/\/sindaopcpb.org.br\/index.php\/wp-json\/wp\/v2\/tags?post=20794"}],"curies":[{"name":"wp","href":"https:\/\/api.w.org\/{rel}","templated":true}]}}