{"id":20790,"date":"2023-06-14T16:40:31","date_gmt":"2023-06-14T19:40:31","guid":{"rendered":"https:\/\/www.infomoney.com.br\/?p=2161099"},"modified":"2023-06-14T16:40:31","modified_gmt":"2023-06-14T19:40:31","slug":"conselho-de-etica-instaura-processo-contra-seis-deputadas-do-pt-e-do-psol","status":"publish","type":"post","link":"https:\/\/sindaopcpb.org.br\/index.php\/2023\/06\/14\/conselho-de-etica-instaura-processo-contra-seis-deputadas-do-pt-e-do-psol\/","title":{"rendered":"Conselho de \u00c9tica instaura processo contra seis deputadas do PT e do PSOL"},"content":{"rendered":"<p><img loading=\"lazy\" width=\"300\" height=\"200\" src=\"https:\/\/www.infomoney.com.br\/wp-content\/uploads\/2023\/05\/img20230523205237179MED.jpg?fit=300%2C200&amp;quality=70&amp;strip=all\" class=\"attachment-medium size-medium wp-post-image\" alt=\"\" decoding=\"async\" style=\"float:right; margin:0 0 10px 10px;\" srcset=\"https:\/\/www.infomoney.com.br\/wp-content\/uploads\/2023\/05\/img20230523205237179MED.jpg?w=1000&amp;quality=70&amp;strip=all 1000w, https:\/\/www.infomoney.com.br\/wp-content\/uploads\/2023\/05\/img20230523205237179MED.jpg?w=300&amp;quality=70&amp;strip=all 300w, https:\/\/www.infomoney.com.br\/wp-content\/uploads\/2023\/05\/img20230523205237179MED.jpg?w=768&amp;quality=70&amp;strip=all 768w, https:\/\/www.infomoney.com.br\/wp-content\/uploads\/2023\/05\/img20230523205237179MED.jpg?w=150&amp;quality=70&amp;strip=all 150w\" sizes=\"auto, (max-width: 300px) 100vw, 300px\" data-attachment-id=\"2146736\" data-permalink=\"https:\/\/www.infomoney.com.br\/politica\/apesar-de-vitoria-em-arcabouco-fiscal-lula-patina-em-articulacao-politica-no-congresso-e-enfrenta-riscos-com-medidas-provisorias\/attachment\/img20230523205237179med\/\" data-orig-file=\"https:\/\/www.infomoney.com.br\/wp-content\/uploads\/2023\/05\/img20230523205237179MED.jpg?fit=1000%2C667&amp;quality=70&amp;strip=all\" data-orig-size=\"1000,667\" data-comments-opened=\"0\" data-image-meta=\"{&quot;aperture&quot;:&quot;0&quot;,&quot;credit&quot;:&quot;&quot;,&quot;camera&quot;:&quot;&quot;,&quot;caption&quot;:&quot;&quot;,&quot;created_timestamp&quot;:&quot;0&quot;,&quot;copyright&quot;:&quot;&quot;,&quot;focal_length&quot;:&quot;0&quot;,&quot;iso&quot;:&quot;0&quot;,&quot;shutter_speed&quot;:&quot;0&quot;,&quot;title&quot;:&quot;&quot;,&quot;orientation&quot;:&quot;0&quot;}\" data-image-title=\"Plen\u00e1rio da C\u00e2mara dos Deputados\" data-image-description=\"\" data-image-caption=\"&lt;p&gt;O plen\u00e1rio da C\u00e2mara dos Deputados durante sess\u00e3o Deliberativa Extraordin\u00e1ria (Foto: Pablo Valadares\/C\u00e2mara dos Deputados)&lt;\/p&gt;\n\" data-medium-file=\"https:\/\/www.infomoney.com.br\/wp-content\/uploads\/2023\/05\/img20230523205237179MED.jpg?fit=300%2C200&amp;quality=70&amp;strip=all\" data-large-file=\"https:\/\/www.infomoney.com.br\/wp-content\/uploads\/2023\/05\/img20230523205237179MED.jpg?fit=1000%2C667&amp;quality=70&amp;strip=all\" title=\"\"><\/p>\n<p>O Conselho de \u00c9tica e Decoro Parlamentar da C\u00e2mara dos Deputados instaurou nesta quarta-feira (14) processos disciplinares contra as deputadas C\u00e9lia Xakriab\u00e1 (Psol-MG), S\u00e2mia Bomfim (PSOL-SP), Tal\u00edria Petrone (PSOL-RJ), Erika Kokay (PT-DF), Fernanda Melchionna (PSOL-RS) e Juliana Cardoso (PT-SP). Todas as representa\u00e7\u00f5es foram apresentadas pelo PL. O partido diz que as parlamentares quebraram o decoro parlamentar durante a aprova\u00e7\u00e3o do projeto do marco temporal de terras ind\u00edgenas (PL 490\/07) no Plen\u00e1rio da C\u00e2mara, no fim de maio.<\/p>\n<p>Na ocasi\u00e3o, as parlamentares protestaram contra o texto, que limita a demarca\u00e7\u00e3o de terras ind\u00edgenas \u00e0quelas j\u00e1 tradicionalmente ocupadas por esses povos em 5 de outubro de 1988, data da promulga\u00e7\u00e3o da Constitui\u00e7\u00e3o Federal.<\/p>\n<p>Segundo o PL, as deputadas gritaram ao microfone para os deputados favor\u00e1veis ao texto: &#8220;Assassinos! Assassinos do nosso povo ind\u00edgena!&#8221;. Apesar de os microfones terem sido cortados, o PL reclama que as deputadas continuaram ofendendo os parlamentares que fazem oposi\u00e7\u00e3o ao governo, principalmente o deputado Z\u00e9 Trov\u00e3o (PL-SC), autor do requerimento de urg\u00eancia para a vota\u00e7\u00e3o do projeto do marco temporal em Plen\u00e1rio. O PL acrescenta que as deputadas usaram as redes sociais para &#8220;manchar a honra de diversos deputados&#8221;.<\/p>\n<p>Primeiramente, o presidente do PL, Valdemar Costa Neto, apresentou uma representa\u00e7\u00e3o conjunta contra as seis deputadas, pedindo a abertura de processo contra elas de forma coletiva. No dia 2 de junho, ele pediu a retirada de tramita\u00e7\u00e3o da representa\u00e7\u00e3o, o que foi feito ontem, pela Mesa Diretora da C\u00e2mara. No entanto, em seguida, foram recebidas pela Mesa as representa\u00e7\u00f5es de forma individualizada, contra cada uma das seis parlamentares.<\/p>\n<h2><strong>Representa\u00e7\u00f5es espec\u00edficas<\/strong><\/h2>\n<p>Foram instaurados os seguintes processos:<br \/>&#8211; Processo 8\/23, referente \u00e0 Representa\u00e7\u00e3o 9\/23, contra a deputada C\u00e9lia Xakriab\u00e1. A lista tr\u00edplice sorteada para a relatoria inclui os deputados Paulo Magalh\u00e3es (PSD-BA), Jorge Solla (PT-BA) e Jack Rocha (PT-ES).<\/p>\n<ul>\n<li>Processo 9\/23, referente \u00e0 Representa\u00e7\u00e3o 10\/23, contra a deputada S\u00e2mia Bomfim. A lista tr\u00edplice sorteada para a relatoria inclui os deputados Washington Quaqu\u00e1 (PT-RJ), Gutemberg Reis (MDB-RJ) e Miguel \u00c2ngelo (PT-MG).<\/p>\n<\/li>\n<li>\n<p>Processo 10\/23, referente \u00e0 Representa\u00e7\u00e3o 11\/23, contra a deputada Tal\u00edria Petrone. A lista tr\u00edplice sorteada para a relatoria inclui os deputados Sidney Leite (PSD-AM), Delegado Fabio Costa (PP-AL) e Rafael Simoes (Uni\u00e3o-MG).<\/p>\n<\/li>\n<li>\n<p>Processo 11\/23, referente \u00e0 Representa\u00e7\u00e3o 12\/23, contra a deputada Erika Kokay. A lista tr\u00edplice sorteada para a relatoria inclui os deputados Bruno Ganem (PODE-SP), Ricardo Ayres (Republicanos-TO) e Ac\u00e1cio Favacho (MDB-AP).<\/p>\n<\/li>\n<li>\n<p>Processo 12\/23, referente \u00e0 Representa\u00e7\u00e3o 13\/23, contra a deputada Fernanda Melchiona. A lista tr\u00edplice sorteada para a relatoria inclui os deputados Gabriel Mota (Republicanos-RR), Ricardo Maia (MDB-BA) e Alex Manente (Cidadania-SP).<\/p>\n<\/li>\n<li>\n<p>Processo 13\/23, referente \u00e0 Representa\u00e7\u00e3o 14\/23, contra a deputada Juliana Cardoso. Na reuni\u00e3o do dia 30 de maio, j\u00e1 foi instaurado processo (referente \u00e0 Representa\u00e7\u00e3o 5\/23) contra Juliana Cardoso pelo mesmo motivo. Segundo o presidente do Conselho, a nova representa\u00e7\u00e3o ser\u00e1 apensada \u00e0 Representa\u00e7\u00e3o 5\/23, com mesmo relator, o deputado Gabriel Mota (Republicanos-RR).<\/p>\n<\/li>\n<\/ul>\n<p>Das listas tr\u00edplices de cada processo, um nome ser\u00e1 escolhido relator pelo presidente do Conselho de \u00c9tica, Leur Lomanto J\u00fanior (Uni\u00e3o-BA).<\/p>\n<h2><strong>Protestos<\/strong><\/h2>\n<p>As deputadas representadas, al\u00e9m de outros parlamentares, protestaram na reuni\u00e3o de hoje com cartazes que traziam os dizeres \u201cN\u00e3o v\u00e3o nos calar\u201d; \u201cN\u00e3o v\u00e3o nos intimidar\u201d; e \u201cBasta de machismo\u201d.<\/p>\n<p>Fernanda Melchionna destacou que homens tamb\u00e9m se insurgiram contra os homens favor\u00e1veis ao marco temporal e n\u00e3o houve representa\u00e7\u00f5es contra eles. Para ela, trata-se de uma \u201cca\u00e7a \u00e0s bruxas\u201d.<\/p>\n<p>S\u00e2mia Bonfim afirmou que as representa\u00e7\u00f5es foram aceitas em tempo recorde. \u201cForam quatro horas entre o protocolo e chegar aqui na pauta do Conselho de \u00c9tica. Isso nunca tinha acontecido na hist\u00f3ria do Congresso Nacional\u201d, apontou.<\/p>\n<p>Ela defendeu o direito de as deputadas se expressarem e acrescentou que todos os dias as parlamentares s\u00e3o ofendidas, sofrem viol\u00eancia pol\u00edtica e at\u00e9 s\u00e3o amea\u00e7adas de morte e, mesmo assim, n\u00e3o h\u00e1 puni\u00e7\u00e3o no conselho.\u00a0Na vis\u00e3o dela, a extrema direita se incomoda com o empoderamento feminino e tenta intimidar as parlamentares.<\/p>\n<p>Para C\u00e9lia Xakriab\u00e1, n\u00e3o h\u00e1 democracia com o silenciamento de mulheres eleitas democraticamente. \u201cParlamentar significa direito de falar. Por que n\u00e3o possa falar de genoc\u00eddio, de etnoc\u00eddio legislado?\u201d, questionou.<\/p>\n<p>\u201cN\u00e3o houve nenhuma indigna\u00e7\u00e3o dos deputados quando no microfone de aparte me chamaram de imbecil. Isso est\u00e1 registrado nos v\u00eddeos. Ou quando outros deputados falam com parlamentares chamando-as de abortistas ou vagabundas, mesmo n\u00e3o estando com microfone aberto\u201d, afirmou Juliana Cardoso.<\/p>\n<h2><strong>Viol\u00eancia pol\u00edtica<\/strong><\/h2>\n<p>Jack Rocha (PT-ES) lembrou que a coordena\u00e7\u00e3o da Bancada Feminina da C\u00e2mara emitiu nota suprapartid\u00e1ria no in\u00edcio do m\u00eas dizendo que as representa\u00e7\u00f5es configuram viol\u00eancia pol\u00edtica contra as deputadas e que &#8220;s\u00e3o uma tentativa de silenciar as parlamentares, de impedir o exerc\u00edcio dos seus mandatos e de obstaculizar seus direitos pol\u00edticos&#8221;<\/p>\n<p>Pela legisla\u00e7\u00e3o, \u00e9 considerada viol\u00eancia pol\u00edtica contra as mulheres toda a\u00e7\u00e3o, conduta ou omiss\u00e3o com a finalidade de impedir, obstaculizar ou restringir os direitos pol\u00edticos delas.<\/p>\n<p>\u201c\u00c9 viol\u00eancia pol\u00edtica de g\u00eanero sim, \u00e9 viol\u00eancia contra os povos ind\u00edgenas, \u00e9 transformar o conselho em instrumento daqueles que acham que podem calar a voz das mulheres no Parlamento, eliminar o outro porque pensa de forma diferente\u201d, reiterou a deputada Erika Kokay. Conforme ela, as deputados n\u00e3o podem ser processadas por expor o que pensam.<\/p>\n<h2><strong>Defesa dos processos<\/strong><\/h2>\n<p>O deputado Domingos S\u00e1vio (PL-MG) afirmou que n\u00e3o importa se era homem ou mulher, mas era preciso respeito na discuss\u00e3o. Para ele, n\u00e3o pode se transformar em v\u00edtimas as deputadas que atacaram outros parlamentares, chamando-os de assassinos. Ele acredita que as deputadas faltaram com a \u00e9tica na ocasi\u00e3o. O deputado Marcos Pollon (PL-MS), por sua vez, declarou que n\u00e3o se pode aceitar como discuss\u00e3o pol\u00edtica chamar um colega de assassino.<\/p>\n<p>O deputado Gustavo Gayer (PL-GO) afirmou que no conselho era preciso deixar o \u201clado hist\u00e9rico e militante\u201d de fora, e que as deputadas n\u00e3o expressavam arrependimento. \u00a0O deputado Abilio Brunini (PL-MT) pediu que o Conselho de \u00c9tica ajude a criar ambiente harm\u00f4nico no Parlamento independentemente do g\u00eanero.<\/p>\n<h2><strong>Celeridade dos processos<\/strong><\/h2>\n<p>O deputado Chico Alencar (Psol-RJ) questionou a celeridade no envio das representa\u00e7\u00f5es ao conselho, diante de tantos outros que continuam na Mesa Diretora . Ele afirmou que, por exemplo, no dia 2 de fevereiro protocolou representa\u00e7\u00f5es contra parlamentares que, por meio de suas redes sociais, se manifestaram em favor dos atos antidemocr\u00e1ticos de 8 de janeiro \u2013 representa\u00e7\u00f5es que ainda estariam \u201cna gaveta\u201d. Ele pediu isonomia no tratamento dos casos. Para ele, est\u00e1 havendo persegui\u00e7\u00e3o pol\u00edtica, com uma \u201ceiva de machismo\u201d, n\u00e3o s\u00f3 pela pressa no envio dos processos, como pelo m\u00e9rito das representa\u00e7\u00f5es.<\/p>\n<p>Alencar pediu recusa pelo presidente do conselho das representa\u00e7\u00f5es contra as deputadas, citando precedente ocorrido na legislatura passada, quando o deputado Paulo Azi (Uni\u00e3o-BA), ent\u00e3o presidente do \u00f3rg\u00e3o, n\u00e3o aceitou representa\u00e7\u00e3o do Psol contra o presidente da Casa, Arthur Lira (PP-AL). J\u00e1 o deputado Cabo Gilberto (PL-PB) pediu que a decis\u00e3o fosse colegiada, e que o presidente n\u00e3o retirasse as representa\u00e7\u00f5es de pauta.<\/p>\n<p>Leur Lomanto J\u00fanior declarou que colocaria em pauta todas as representa\u00e7\u00f5es chegadas ao \u00f3rg\u00e3o 24 horas depois. Ele afirmou que n\u00e3o tem controle sobre a ordem das representa\u00e7\u00f5es enviadas pela Mesa Diretora ao colegiado. Al\u00e9m disso, alegou que, como j\u00e1 foi designado relator para o caso da deputada Juliana Cardoso, n\u00e3o se sentiria confort\u00e1vel em tratar as outras deputadas de forma diferenciada. Ele se comprometeu, por\u00e9m, a se reunir com Lira para questionar por que representa\u00e7\u00f5es apresentadas antes pelo Psol n\u00e3o foram encaminhadas ao conselho. Ele prometeu dar tratamento igual a todos os partidos no \u00f3rg\u00e3o.<\/p>\n<h2><strong>Designa\u00e7\u00f5es de relator<\/strong><\/h2>\n<p>O presidente do conselho tamb\u00e9m informou os relatores de processos disciplinares\u00a0 instaurados no dia 30 de maio contra seis deputados:<\/p>\n<ul>\n<li>o deputado Ricardo Maia (MDB-BA) foi designado relator do processo (Representa\u00e7\u00e3o 2\/23) contra M\u00e1rcio Jerry (PCdoB-MA), apresentado pelo PL \u00a0por quebra de decoro. Ele \u00e9 acusado de importuna\u00e7\u00e3o sexual contra a deputada Julia Zanatta (PL-SC) durante audi\u00eancia com o ministro da Justi\u00e7a, Fl\u00e1vio Dino.<\/p>\n<\/li>\n<li>\n<p>o deputado Alexandre Leite (Uni\u00e3o-SP) ser\u00e1 o relator do processo (Representa\u00e7\u00e3o 3\/23) contra Nikolas Ferreira (PL-MG), apresentado por quatro partidos: Psol, PDT, PT e PSB.\u00a0As legendas afirmam que Ferreira faltou com o decoro ao usar uma peruca loira para, no Dia Internacional da Mulher, &#8220;fazer um discurso de cunho flagrantemente discriminat\u00f3rio e transf\u00f3bico&#8221;. Na ocasi\u00e3o, ele foi repreendido pelo presidente da C\u00e2mara dos Deputados, Arthur Lira.<\/p>\n<\/li>\n<li>\n<p>o deputado Albuquerque (Republicanos-RR) foi escolhido relator do processo (Representa\u00e7\u00e3o 4\/23) contra Jos\u00e9 Medeiros (PL-MT), apresentado pelo PT por quebra de decoro durante a sess\u00e3o que comemorava o Dia da Mulher. Medeiros \u00e9 acusado de intimidar a deputada Gleisi Hoffmann (PT-PR) e de xingar e agredir o deputado Miguel \u00c2ngelo (PT-MG) quando este foi defender a parlamentar paranaense.<\/p>\n<\/li>\n<li>\n<p>o deputado Gabriel Mota (Republicanos-RR) foi designado relator da Representa\u00e7\u00e3o 5\/23, do PP, contra a deputada Juliana Cardoso, por chamar de \u201cassassinos\u201d os parlamentares favor\u00e1veis \u00e0 urg\u00eancia do projeto que dificulta a demarca\u00e7\u00e3o de terras ind\u00edgenas.<\/p>\n<\/li>\n<li>\n<p>o deputado Rafael Simoes (Uni\u00e3o-MG) foi designado relator da Representa\u00e7\u00e3o 6\/23, do PL, contra a deputada Tal\u00edria Petrone (Psol-RJ), acusada de quebra de decoro parlamentar por, durante reuni\u00e3o da CPI do MST, ter acusado o relator do colegiado, deputado Ricardo Salles (PL-SP), de fraudar mapas e ter rela\u00e7\u00e3o com o garimpo.<\/p>\n<\/li>\n<li>\n<p>o deputado Josenildo (PDT-AP) foi designado relator da Representa\u00e7\u00e3o 7\/23, do PT, contra o deputado Eduardo Bolsonaro, por desentendimento com o deputado Marcon (PT-RS), em reuni\u00e3o da Comiss\u00e3o de Trabalho. A confus\u00e3o come\u00e7ou ap\u00f3s Marcon ter questionado a facada desferida contra o ex-presidente Jair Bolsonaro em 2018. Eduardo Bolsonaro (PL-SP) levantou, xingou e amea\u00e7ou o petista. Os dois foram contidos por colegas.<\/p>\n<\/li>\n<\/ul>\n<p>N\u00e3o foi designado o relator do processo (Representa\u00e7\u00e3o 1\/23) contra Carla Zambelli (PL-SP), apresentado pelo PSB. O partido acusa a deputada de quebra de decoro parlamentar por ter xingado e constrangido o deputado Duarte (PSB-MA) durante audi\u00eancia com o ministro da Justi\u00e7a, Fl\u00e1vio Dino. A lista tr\u00edplice sorteada no dia 30 inclui os deputados Ricardo Maia (MDB-BA), Jo\u00e3o Le\u00e3o (PP-BA) e Washington Quaqu\u00e1 (PT-RJ).<\/p>\n<p>The post <a rel=\"nofollow noopener\" href=\"https:\/\/www.infomoney.com.br\/politica\/conselho-de-etica-instaura-processo-contra-seis-deputadas-do-pt-e-do-psol\/\" target=\"_blank\">Conselho de \u00c9tica instaura processo contra seis deputadas do PT e do PSOL<\/a> appeared first on <a rel=\"nofollow noopener\" href=\"https:\/\/www.infomoney.com.br\/\" target=\"_blank\">InfoMoney<\/a>.<\/p>\n","protected":false},"excerpt":{"rendered":"<p><img loading=\"lazy\" decoding=\"async\" width=\"300\" height=\"200\" src=\"https:\/\/www.infomoney.com.br\/wp-content\/uploads\/2023\/05\/img20230523205237179MED.jpg?fit=300%2C200&amp;quality=70&amp;strip=all\" class=\"attachment-medium size-medium wp-post-image\" alt=\"\" data-attachment-id=\"2146736\" data-permalink=\"https:\/\/www.infomoney.com.br\/politica\/apesar-de-vitoria-em-arcabouco-fiscal-lula-patina-em-articulacao-politica-no-congresso-e-enfrenta-riscos-com-medidas-provisorias\/attachment\/img20230523205237179med\/\" data-orig-file=\"https:\/\/www.infomoney.com.br\/wp-content\/uploads\/2023\/05\/img20230523205237179MED.jpg?fit=1000%2C667&amp;quality=70&amp;strip=all\" data-orig-size=\"1000,667\" data-comments-opened=\"0\" data-image-meta='{\"aperture\":\"0\",\"credit\":\"\",\"camera\":\"\",\"caption\":\"\",\"created_timestamp\":\"0\",\"copyright\":\"\",\"focal_length\":\"0\",\"iso\":\"0\",\"shutter_speed\":\"0\",\"title\":\"\",\"orientation\":\"0\"}' data-image-title=\"Plen\u00e1rio da C\u00e2mara dos Deputados\" data-image-description=\"\" data-image-caption=\"&lt;p&gt;O plen\u00e1rio da C\u00e2mara dos Deputados durante sess\u00e3o Deliberativa Extraordin\u00e1ria (Foto: Pablo Valadares\/C\u00e2mara dos Deputados)&lt;\/p&gt;\n\" data-medium-file=\"https:\/\/www.infomoney.com.br\/wp-content\/uploads\/2023\/05\/img20230523205237179MED.jpg?fit=300%2C200&amp;quality=70&amp;strip=all\" data-large-file=\"https:\/\/www.infomoney.com.br\/wp-content\/uploads\/2023\/05\/img20230523205237179MED.jpg?fit=1000%2C667&amp;quality=70&amp;strip=all\">PL diz que as parlamentares quebraram o decoro ao xingar colegas em vota\u00e7\u00e3o; bancada feminina aponta viol\u00eancia pol\u00edtica de g\u00eanero<\/p>\n<p>The post <a rel=\"nofollow\" href=\"https:\/\/www.infomoney.com.br\/politica\/conselho-de-etica-instaura-processo-contra-seis-deputadas-do-pt-e-do-psol\/\">Conselho de \u00c9tica instaura processo contra seis deputadas do PT e do PSOL<\/a> appeared first on <a rel=\"nofollow\" href=\"https:\/\/www.infomoney.com.br\/\">InfoMoney<\/a>.<\/p>\n","protected":false},"author":47,"featured_media":0,"comment_status":"closed","ping_status":"closed","sticky":false,"template":"","format":"standard","meta":{"advgb_blocks_editor_width":"","advgb_blocks_columns_visual_guide":"","footnotes":""},"categories":[276,34,513,47,975],"tags":[35],"class_list":["post-20790","post","type-post","status-publish","format-standard","hentry","category-camara-dos-deputados","category-g1","category-poder-legislativo","category-politica","category-psol","tag-g1"],"author_meta":{"display_name":"luispereira","author_link":"https:\/\/sindaopcpb.org.br\/author\/luispereira\/"},"featured_img":null,"coauthors":[],"tax_additional":{"categories":{"linked":["<a href=\"https:\/\/sindaopcpb.org.br\/camara-dos-deputados\/\" class=\"advgb-post-tax-term\">C\u00e2mara dos Deputados<\/a>","<a href=\"https:\/\/sindaopcpb.org.br\/g1\/\" class=\"advgb-post-tax-term\">G1<\/a>","<a href=\"https:\/\/sindaopcpb.org.br\/poder-legislativo\/\" class=\"advgb-post-tax-term\">Poder Legislativo<\/a>","<a href=\"https:\/\/sindaopcpb.org.br\/politica\/\" class=\"advgb-post-tax-term\">POLITICA<\/a>","<a href=\"https:\/\/sindaopcpb.org.br\/psol\/\" class=\"advgb-post-tax-term\">PSOL<\/a>"],"unlinked":["<span class=\"advgb-post-tax-term\">C\u00e2mara dos Deputados<\/span>","<span class=\"advgb-post-tax-term\">G1<\/span>","<span class=\"advgb-post-tax-term\">Poder Legislativo<\/span>","<span class=\"advgb-post-tax-term\">POLITICA<\/span>","<span class=\"advgb-post-tax-term\">PSOL<\/span>"]},"tags":{"linked":["<a href=\"https:\/\/sindaopcpb.org.br\/psol\/\" class=\"advgb-post-tax-term\">g1<\/a>"],"unlinked":["<span class=\"advgb-post-tax-term\">g1<\/span>"]}},"comment_count":"0","relative_dates":{"created":"Publicado 3 anos atr\u00e1s","modified":"Atualizado 3 anos atr\u00e1s"},"absolute_dates":{"created":"Publicado em 14 de junho de 2023","modified":"Atualizado em 14 de junho de 2023"},"absolute_dates_time":{"created":"Publicado em 14 de junho de 2023 16:40","modified":"Atualizado em 14 de junho de 2023 16:40"},"featured_img_caption":"","series_order":"","_links":{"self":[{"href":"https:\/\/sindaopcpb.org.br\/index.php\/wp-json\/wp\/v2\/posts\/20790","targetHints":{"allow":["GET"]}}],"collection":[{"href":"https:\/\/sindaopcpb.org.br\/index.php\/wp-json\/wp\/v2\/posts"}],"about":[{"href":"https:\/\/sindaopcpb.org.br\/index.php\/wp-json\/wp\/v2\/types\/post"}],"author":[{"embeddable":true,"href":"https:\/\/sindaopcpb.org.br\/index.php\/wp-json\/wp\/v2\/users\/47"}],"replies":[{"embeddable":true,"href":"https:\/\/sindaopcpb.org.br\/index.php\/wp-json\/wp\/v2\/comments?post=20790"}],"version-history":[{"count":1,"href":"https:\/\/sindaopcpb.org.br\/index.php\/wp-json\/wp\/v2\/posts\/20790\/revisions"}],"predecessor-version":[{"id":20791,"href":"https:\/\/sindaopcpb.org.br\/index.php\/wp-json\/wp\/v2\/posts\/20790\/revisions\/20791"}],"wp:attachment":[{"href":"https:\/\/sindaopcpb.org.br\/index.php\/wp-json\/wp\/v2\/media?parent=20790"}],"wp:term":[{"taxonomy":"category","embeddable":true,"href":"https:\/\/sindaopcpb.org.br\/index.php\/wp-json\/wp\/v2\/categories?post=20790"},{"taxonomy":"post_tag","embeddable":true,"href":"https:\/\/sindaopcpb.org.br\/index.php\/wp-json\/wp\/v2\/tags?post=20790"}],"curies":[{"name":"wp","href":"https:\/\/api.w.org\/{rel}","templated":true}]}}