{"id":20775,"date":"2023-06-14T15:36:00","date_gmt":"2023-06-14T18:36:00","guid":{"rendered":"https:\/\/www.infomoney.com.br\/?p=2160860"},"modified":"2023-06-14T15:36:00","modified_gmt":"2023-06-14T18:36:00","slug":"alckmin-alerta-que-juro-real-esta-subindo-no-brasil-com-manutencao-da-selic-e-desinflacao","status":"publish","type":"post","link":"https:\/\/sindaopcpb.org.br\/index.php\/2023\/06\/14\/alckmin-alerta-que-juro-real-esta-subindo-no-brasil-com-manutencao-da-selic-e-desinflacao\/","title":{"rendered":"Alckmin alerta que juro real est\u00e1 subindo no Brasil com manuten\u00e7\u00e3o da Selic e desinfla\u00e7\u00e3o"},"content":{"rendered":"<p><img loading=\"lazy\" width=\"300\" height=\"225\" src=\"https:\/\/www.infomoney.com.br\/wp-content\/uploads\/2022\/11\/5.-08112022-pzzb1660.jpg?fit=300%2C225&amp;quality=70&amp;strip=all\" class=\"attachment-medium size-medium wp-post-image\" alt=\"\" decoding=\"async\" style=\"float:right; margin:0 0 10px 10px;\" srcset=\"https:\/\/www.infomoney.com.br\/wp-content\/uploads\/2022\/11\/5.-08112022-pzzb1660.jpg?w=1024&amp;quality=70&amp;strip=all 1024w, https:\/\/www.infomoney.com.br\/wp-content\/uploads\/2022\/11\/5.-08112022-pzzb1660.jpg?w=300&amp;quality=70&amp;strip=all 300w, https:\/\/www.infomoney.com.br\/wp-content\/uploads\/2022\/11\/5.-08112022-pzzb1660.jpg?w=768&amp;quality=70&amp;strip=all 768w, https:\/\/www.infomoney.com.br\/wp-content\/uploads\/2022\/11\/5.-08112022-pzzb1660.jpg?w=150&amp;quality=70&amp;strip=all 150w\" sizes=\"auto, (max-width: 300px) 100vw, 300px\" data-attachment-id=\"1987727\" data-permalink=\"https:\/\/www.infomoney.com.br\/politica\/alckmin-governo-lula-vai-fechar-contas-no-azul-e-reduzir-divida-mas-nao-em-24h\/attachment\/5-08112022-pzzb1660\/\" data-orig-file=\"https:\/\/www.infomoney.com.br\/wp-content\/uploads\/2022\/11\/5.-08112022-pzzb1660.jpg?fit=1024%2C768&amp;quality=70&amp;strip=all\" data-orig-size=\"1024,768\" data-comments-opened=\"0\" data-image-meta=\"{&quot;aperture&quot;:&quot;2.8&quot;,&quot;credit&quot;:&quot;Fabio Rodrigues-Pozzebom\\\/ Ag\\u00eancia Brasil&quot;,&quot;camera&quot;:&quot;Canon EOS 7D Mark II&quot;,&quot;caption&quot;:&quot;O vice-presidente eleito e coordenador da Transi\\u00e7\\u00e3o, Geraldo Alckmin, apresentou em coletiva nomes que compor\\u00e3o os grupos t\\u00e9cnicos da transi\\u00e7\\u00e3o&quot;,&quot;created_timestamp&quot;:&quot;1667924107&quot;,&quot;copyright&quot;:&quot;Ag\\u00eancia Brasil\\\/EBC&quot;,&quot;focal_length&quot;:&quot;190&quot;,&quot;iso&quot;:&quot;1250&quot;,&quot;shutter_speed&quot;:&quot;0.005&quot;,&quot;title&quot;:&quot;&quot;,&quot;orientation&quot;:&quot;0&quot;}\" data-image-title=\"Geraldo Alckmin\" data-image-description=\"\" data-image-caption=\"&lt;p&gt;O vice-presidente eleito, Geraldo Alckmin (PSB), no CCBB, em Bras\u00edlia (Foto: Fabio Rodrigues-Pozzebom\/ Ag\u00eancia Brasil)&lt;\/p&gt;\n\" data-medium-file=\"https:\/\/www.infomoney.com.br\/wp-content\/uploads\/2022\/11\/5.-08112022-pzzb1660.jpg?fit=300%2C225&amp;quality=70&amp;strip=all\" data-large-file=\"https:\/\/www.infomoney.com.br\/wp-content\/uploads\/2022\/11\/5.-08112022-pzzb1660.jpg?fit=1024%2C768&amp;quality=70&amp;strip=all\" title=\"\"><\/p>\n<p>Em um tom mais ameno que o usualmente adotado pelos petistas, o vice-presidente Geraldo Alckmin (PSB) engrossou a campanha para o Banco Central relaxar a pol\u00edtica monet\u00e1ria ao alertar que o juro real est\u00e1 em alta no Brasil com a manuten\u00e7\u00e3o da Selic em 13,75% e o processo de desinfla\u00e7\u00e3o em andamento.<\/p>\n<p>&#8220;\u00c0 medida que fica parada em 13,75% a Selic e a infla\u00e7\u00e3o est\u00e1 caindo, o juro real est\u00e1 subindo no Brasil sem raz\u00e3o para isso, porque n\u00e3o h\u00e1 demanda crescente. Pelo contr\u00e1rio&#8221;, disparou Alckmin ap\u00f3s reuni\u00e3o com o presidente Luiz In\u00e1cio Lula da Silva e l\u00edderes do varejo. &#8220;A quest\u00e3o dos juros \u00e9 extremamente preocupante&#8221;, seguiu, reiterando que os juros futuros t\u00eam apontado para baixo.<\/p>\n<p>Alckmin voltou a dizer que o atual n\u00edvel da taxa de juros prejudica a atividade econ\u00f4mica e o emprego no Pa\u00eds. Tamb\u00e9m afirmou que o presidente Luiz In\u00e1cio Lula da Silva tem &#8220;obsess\u00e3o&#8221; em gerar emprego e aumentar a renda.<\/p>\n<p>Questionado sobre a prorroga\u00e7\u00e3o da desonera\u00e7\u00e3o da folha de pagamento para 17 setores da economia, medida aprovada pelo Senado que causou desconforto no Minist\u00e9rio da Fazenda, Alckmin evitou tecer coment\u00e1rios e disse que o tema n\u00e3o foi abordado na reuni\u00e3o desta quarta-feira.<\/p>\n<p>The post <a rel=\"nofollow noopener\" href=\"https:\/\/www.infomoney.com.br\/politica\/alckmin-alerta-que-juro-real-esta-subindo-no-brasil-com-manutencao-da-selic-e-desinflacao\/\" target=\"_blank\">Alckmin alerta que juro real est\u00e1 subindo no Brasil com manuten\u00e7\u00e3o da Selic e desinfla\u00e7\u00e3o<\/a> appeared first on <a rel=\"nofollow noopener\" href=\"https:\/\/www.infomoney.com.br\/\" target=\"_blank\">InfoMoney<\/a>.<\/p>\n","protected":false},"excerpt":{"rendered":"<p><img loading=\"lazy\" decoding=\"async\" width=\"300\" height=\"225\" src=\"https:\/\/www.infomoney.com.br\/wp-content\/uploads\/2022\/11\/5.-08112022-pzzb1660.jpg?fit=300%2C225&amp;quality=70&amp;strip=all\" class=\"attachment-medium size-medium wp-post-image\" alt=\"\" data-attachment-id=\"1987727\" data-permalink=\"https:\/\/www.infomoney.com.br\/politica\/alckmin-governo-lula-vai-fechar-contas-no-azul-e-reduzir-divida-mas-nao-em-24h\/attachment\/5-08112022-pzzb1660\/\" data-orig-file=\"https:\/\/www.infomoney.com.br\/wp-content\/uploads\/2022\/11\/5.-08112022-pzzb1660.jpg?fit=1024%2C768&amp;quality=70&amp;strip=all\" data-orig-size=\"1024,768\" data-comments-opened=\"0\" data-image-meta='{\"aperture\":\"2.8\",\"credit\":\"Fabio Rodrigues-Pozzebom\\\/ Ag\\u00eancia Brasil\",\"camera\":\"Canon EOS 7D Mark II\",\"caption\":\"O vice-presidente eleito e coordenador da Transi\\u00e7\\u00e3o, Geraldo Alckmin, apresentou em coletiva nomes que compor\\u00e3o os grupos t\\u00e9cnicos da transi\\u00e7\\u00e3o\",\"created_timestamp\":\"1667924107\",\"copyright\":\"Ag\\u00eancia Brasil\\\/EBC\",\"focal_length\":\"190\",\"iso\":\"1250\",\"shutter_speed\":\"0.005\",\"title\":\"\",\"orientation\":\"0\"}' data-image-title=\"Geraldo Alckmin\" data-image-description=\"\" data-image-caption=\"&lt;p&gt;O vice-presidente eleito, Geraldo Alckmin (PSB), no CCBB, em Bras\u00edlia (Foto: Fabio Rodrigues-Pozzebom\/ Ag\u00eancia Brasil)&lt;\/p&gt;\n\" data-medium-file=\"https:\/\/www.infomoney.com.br\/wp-content\/uploads\/2022\/11\/5.-08112022-pzzb1660.jpg?fit=300%2C225&amp;quality=70&amp;strip=all\" data-large-file=\"https:\/\/www.infomoney.com.br\/wp-content\/uploads\/2022\/11\/5.-08112022-pzzb1660.jpg?fit=1024%2C768&amp;quality=70&amp;strip=all\">Alckmin voltou a dizer que situa\u00e7\u00e3o observada atualmente prejudica a atividade econ\u00f4mica e o emprego no Pa\u00eds<\/p>\n<p>The post <a rel=\"nofollow\" href=\"https:\/\/www.infomoney.com.br\/politica\/alckmin-alerta-que-juro-real-esta-subindo-no-brasil-com-manutencao-da-selic-e-desinflacao\/\">Alckmin alerta que juro real est\u00e1 subindo no Brasil com manuten\u00e7\u00e3o da Selic e desinfla\u00e7\u00e3o<\/a> appeared first on <a rel=\"nofollow\" href=\"https:\/\/www.infomoney.com.br\/\">InfoMoney<\/a>.<\/p>\n","protected":false},"author":43,"featured_media":0,"comment_status":"closed","ping_status":"closed","sticky":false,"template":"","format":"standard","meta":{"advgb_blocks_editor_width":"","advgb_blocks_columns_visual_guide":"","footnotes":""},"categories":[34,340,542,47,281,282],"tags":[35],"class_list":["post-20775","post","type-post","status-publish","format-standard","hentry","category-g1","category-geraldo-alckmin","category-mdic","category-politica","category-politica-monetaria","category-taxa-de-juros","tag-g1"],"author_meta":{"display_name":"Estad\u00e3o Conte\u00fado","author_link":"https:\/\/sindaopcpb.org.br\/author\/estadao-conteudo\/"},"featured_img":null,"coauthors":[],"tax_additional":{"categories":{"linked":["<a href=\"https:\/\/sindaopcpb.org.br\/g1\/\" class=\"advgb-post-tax-term\">G1<\/a>","<a href=\"https:\/\/sindaopcpb.org.br\/geraldo-alckmin\/\" class=\"advgb-post-tax-term\">Geraldo Alckmin<\/a>","<a href=\"https:\/\/sindaopcpb.org.br\/mdic\/\" class=\"advgb-post-tax-term\">MDIC<\/a>","<a href=\"https:\/\/sindaopcpb.org.br\/politica\/\" class=\"advgb-post-tax-term\">POLITICA<\/a>","<a href=\"https:\/\/sindaopcpb.org.br\/politica-monetaria\/\" class=\"advgb-post-tax-term\">Pol\u00edtica Monet\u00e1ria<\/a>","<a href=\"https:\/\/sindaopcpb.org.br\/taxa-de-juros\/\" class=\"advgb-post-tax-term\">Taxa de Juros<\/a>"],"unlinked":["<span class=\"advgb-post-tax-term\">G1<\/span>","<span class=\"advgb-post-tax-term\">Geraldo Alckmin<\/span>","<span class=\"advgb-post-tax-term\">MDIC<\/span>","<span class=\"advgb-post-tax-term\">POLITICA<\/span>","<span class=\"advgb-post-tax-term\">Pol\u00edtica Monet\u00e1ria<\/span>","<span class=\"advgb-post-tax-term\">Taxa de Juros<\/span>"]},"tags":{"linked":["<a href=\"https:\/\/sindaopcpb.org.br\/taxa-de-juros\/\" class=\"advgb-post-tax-term\">g1<\/a>"],"unlinked":["<span class=\"advgb-post-tax-term\">g1<\/span>"]}},"comment_count":"0","relative_dates":{"created":"Publicado 3 anos atr\u00e1s","modified":"Atualizado 3 anos atr\u00e1s"},"absolute_dates":{"created":"Publicado em 14 de junho de 2023","modified":"Atualizado em 14 de junho de 2023"},"absolute_dates_time":{"created":"Publicado em 14 de junho de 2023 15:36","modified":"Atualizado em 14 de junho de 2023 15:36"},"featured_img_caption":"","series_order":"","_links":{"self":[{"href":"https:\/\/sindaopcpb.org.br\/index.php\/wp-json\/wp\/v2\/posts\/20775","targetHints":{"allow":["GET"]}}],"collection":[{"href":"https:\/\/sindaopcpb.org.br\/index.php\/wp-json\/wp\/v2\/posts"}],"about":[{"href":"https:\/\/sindaopcpb.org.br\/index.php\/wp-json\/wp\/v2\/types\/post"}],"author":[{"embeddable":true,"href":"https:\/\/sindaopcpb.org.br\/index.php\/wp-json\/wp\/v2\/users\/43"}],"replies":[{"embeddable":true,"href":"https:\/\/sindaopcpb.org.br\/index.php\/wp-json\/wp\/v2\/comments?post=20775"}],"version-history":[{"count":1,"href":"https:\/\/sindaopcpb.org.br\/index.php\/wp-json\/wp\/v2\/posts\/20775\/revisions"}],"predecessor-version":[{"id":20776,"href":"https:\/\/sindaopcpb.org.br\/index.php\/wp-json\/wp\/v2\/posts\/20775\/revisions\/20776"}],"wp:attachment":[{"href":"https:\/\/sindaopcpb.org.br\/index.php\/wp-json\/wp\/v2\/media?parent=20775"}],"wp:term":[{"taxonomy":"category","embeddable":true,"href":"https:\/\/sindaopcpb.org.br\/index.php\/wp-json\/wp\/v2\/categories?post=20775"},{"taxonomy":"post_tag","embeddable":true,"href":"https:\/\/sindaopcpb.org.br\/index.php\/wp-json\/wp\/v2\/tags?post=20775"}],"curies":[{"name":"wp","href":"https:\/\/api.w.org\/{rel}","templated":true}]}}