{"id":20748,"date":"2023-06-14T11:22:16","date_gmt":"2023-06-14T14:22:16","guid":{"rendered":"https:\/\/www.infomoney.com.br\/?p=2160403"},"modified":"2023-06-14T11:22:16","modified_gmt":"2023-06-14T14:22:16","slug":"ex-chefe-do-gsi-de-lula-mandou-omitir-alertas-da-abin-sobre-ameacas-de-ataques-golpistas-diz-jornal","status":"publish","type":"post","link":"https:\/\/sindaopcpb.org.br\/index.php\/2023\/06\/14\/ex-chefe-do-gsi-de-lula-mandou-omitir-alertas-da-abin-sobre-ameacas-de-ataques-golpistas-diz-jornal\/","title":{"rendered":"Ex-chefe do GSI de Lula mandou omitir alertas da Abin sobre amea\u00e7as de ataques golpistas, diz jornal"},"content":{"rendered":"<p><img loading=\"lazy\" width=\"300\" height=\"179\" src=\"https:\/\/www.infomoney.com.br\/wp-content\/uploads\/2023\/01\/manifestacao_mcamgo_abr_080120231818-13.jpg?fit=300%2C179&amp;quality=70&amp;strip=all\" class=\"attachment-medium size-medium wp-post-image\" alt=\"\" decoding=\"async\" style=\"float:right; margin:0 0 10px 10px;\" srcset=\"https:\/\/www.infomoney.com.br\/wp-content\/uploads\/2023\/01\/manifestacao_mcamgo_abr_080120231818-13.jpg?w=1170&amp;quality=70&amp;strip=all 1170w, https:\/\/www.infomoney.com.br\/wp-content\/uploads\/2023\/01\/manifestacao_mcamgo_abr_080120231818-13.jpg?w=300&amp;quality=70&amp;strip=all 300w, https:\/\/www.infomoney.com.br\/wp-content\/uploads\/2023\/01\/manifestacao_mcamgo_abr_080120231818-13.jpg?w=768&amp;quality=70&amp;strip=all 768w, https:\/\/www.infomoney.com.br\/wp-content\/uploads\/2023\/01\/manifestacao_mcamgo_abr_080120231818-13.jpg?w=150&amp;quality=70&amp;strip=all 150w\" sizes=\"auto, (max-width: 300px) 100vw, 300px\" data-attachment-id=\"2025218\" data-permalink=\"https:\/\/www.infomoney.com.br\/manifestantes-invadem-congresso-stf-e-palacio-do-planalto\/\" data-orig-file=\"https:\/\/www.infomoney.com.br\/wp-content\/uploads\/2023\/01\/manifestacao_mcamgo_abr_080120231818-13.jpg?fit=1170%2C700&amp;quality=70&amp;strip=all\" data-orig-size=\"1170,700\" data-comments-opened=\"0\" data-image-meta=\"{&quot;aperture&quot;:&quot;2.8&quot;,&quot;credit&quot;:&quot;Marcelo Camargo\\\/Ag\\u00eancia Brasil&quot;,&quot;camera&quot;:&quot;Canon EOS-1D X&quot;,&quot;caption&quot;:&quot;Manifestantes invadem Congresso, STF e Pal\\u00e1cio do Planalto.&quot;,&quot;created_timestamp&quot;:&quot;1673194135&quot;,&quot;copyright&quot;:&quot;Ag\\u00eancia Brasil\\\/EBC&quot;,&quot;focal_length&quot;:&quot;200&quot;,&quot;iso&quot;:&quot;250&quot;,&quot;shutter_speed&quot;:&quot;0.000125&quot;,&quot;title&quot;:&quot;Manifestantes invadem Congresso, STF e Pal\\u00e1cio do Planalto.&quot;,&quot;orientation&quot;:&quot;0&quot;}\" data-image-title=\"Manifestantes invadem Congresso, STF e Pal\u00e1cio do Planalto.\" data-image-description=\"\" data-image-caption=\"&lt;p&gt;Bolsonaristas  invadem Congresso, STF e Pal\u00e1cio do Planalto (Foto: Ag\u00eancia Brasil)&lt;\/p&gt;\n\" data-medium-file=\"https:\/\/www.infomoney.com.br\/wp-content\/uploads\/2023\/01\/manifestacao_mcamgo_abr_080120231818-13.jpg?fit=300%2C179&amp;quality=70&amp;strip=all\" data-large-file=\"https:\/\/www.infomoney.com.br\/wp-content\/uploads\/2023\/01\/manifestacao_mcamgo_abr_080120231818-13.jpg?fit=1170%2C700&amp;quality=70&amp;strip=all\" title=\"\"><\/p>\n<p>O ex-ministro do Gabinete de Seguran\u00e7a Institucional (GSI), Gon\u00e7alves Dias, mandou omitir alertas recebidos sobre amea\u00e7as de ataques em 8 de janeiro. A informa\u00e7\u00e3o \u00e9 do jornal <em>Folha de S. Paulo<\/em> e foi divulgada nesta quarta-feira (14). De acordo com a publica\u00e7\u00e3o, 11 alertas foram suprimidos ap\u00f3s ordem do ex-chefe do GSI.<\/p>\n<p>De acordo com o jornal, o general da reserva determinou \u00e0 diretoria da Ag\u00eancia Brasileira de Intelig\u00eancia (Abin) que fosse retirado do relat\u00f3rio entregue ao Congresso as notifica\u00e7\u00f5es sobre os riscos de ataque de v\u00e2ndalos na capital federal.\u00a0 A solicita\u00e7\u00e3o\u00a0 da documenta\u00e7\u00e3o foi feita pela Comiss\u00e3o de Atividades de Controle de Intelig\u00eancia, com registros de comunica\u00e7\u00e3o ocorrida entre os dias 2 e 8 de janeiro.<\/p>\n<p>Enviado ao Congresso em 20 de janeiro, o relat\u00f3rio continha diferentes mensagens enviadas por aplicativo de mensagem a diferentes \u00f3rg\u00e3os do governo, mas n\u00e3o havia na rela\u00e7\u00e3o de informes qualquer notifica\u00e7\u00e3o direcionada a Gon\u00e7alves Dias, segundo a Abin. \u00c0 \u00e9poca, a ag\u00eancia era comandada pelo oficial de intelig\u00eancia Saulo Moura da Cunha. Ele deixou o posto em mar\u00e7o, e no m\u00eas seguinte passou a ocupar um cargo no GSI, durante a gest\u00e3o de Gon\u00e7alves Dias. Saulo pediu exonera\u00e7\u00e3o em 1\u00ba de junho.<\/p>\n<p>Segundo a Folha, que revelou a exist\u00eancia de alertas produzidos e encaminhados ao comando do GSI, o general da reserva mandou emitir essas informa\u00e7\u00f5es de uma minuta submetida previamente a ele, utilizando o argumento de que tal troca de mensagens n\u00e3o ocorreu por meio de canais oficiais. Dessa forma, os alertas enviados ao ent\u00e3o ministro s\u00f3 chegaram ao Congresso no m\u00eas passado, por meio de um novo relat\u00f3rio produzido pela Abin.<\/p>\n<p>O advogado de Gon\u00e7alves Dias, Andr\u00e9 Callegari, afirmou ao jornal que o tema est\u00e1 sob sigilo e que o general tem respondido a todos os questionamentos apresentados no \u00e2mbito das investiga\u00e7\u00f5es sobre as invas\u00f5es dos v\u00e2ndalos a pr\u00e9dios p\u00fablicos em 8 de janeiro. O ex-chefe do GSI deixou o cargo em 19 de abril, ap\u00f3s imagens vazadas do circuito de seguran\u00e7a do Planalto mostrar intera\u00e7\u00e3o dele e de outros membros da seguran\u00e7a do governo com os invasores.<\/p>\n<p>&nbsp;<\/p>\n<p>The post <a rel=\"nofollow noopener\" href=\"https:\/\/www.infomoney.com.br\/politica\/ex-chefe-do-gsi-de-lula-mandou-omitir-alertas-da-abin-sobre-ameacas-de-ataques-golpistas-diz-jornal\/\" target=\"_blank\">Ex-chefe do GSI de Lula mandou omitir alertas da Abin sobre amea\u00e7as de ataques golpistas, diz jornal<\/a> appeared first on <a rel=\"nofollow noopener\" href=\"https:\/\/www.infomoney.com.br\/\" target=\"_blank\">InfoMoney<\/a>.<\/p>\n","protected":false},"excerpt":{"rendered":"<p><img loading=\"lazy\" decoding=\"async\" width=\"300\" height=\"179\" src=\"https:\/\/www.infomoney.com.br\/wp-content\/uploads\/2023\/01\/manifestacao_mcamgo_abr_080120231818-13.jpg?fit=300%2C179&amp;quality=70&amp;strip=all\" class=\"attachment-medium size-medium wp-post-image\" alt=\"\" data-attachment-id=\"2025218\" data-permalink=\"https:\/\/www.infomoney.com.br\/manifestantes-invadem-congresso-stf-e-palacio-do-planalto\/\" data-orig-file=\"https:\/\/www.infomoney.com.br\/wp-content\/uploads\/2023\/01\/manifestacao_mcamgo_abr_080120231818-13.jpg?fit=1170%2C700&amp;quality=70&amp;strip=all\" data-orig-size=\"1170,700\" data-comments-opened=\"0\" data-image-meta='{\"aperture\":\"2.8\",\"credit\":\"Marcelo Camargo\\\/Ag\\u00eancia Brasil\",\"camera\":\"Canon EOS-1D X\",\"caption\":\"Manifestantes invadem Congresso, STF e Pal\\u00e1cio do Planalto.\",\"created_timestamp\":\"1673194135\",\"copyright\":\"Ag\\u00eancia Brasil\\\/EBC\",\"focal_length\":\"200\",\"iso\":\"250\",\"shutter_speed\":\"0.000125\",\"title\":\"Manifestantes invadem Congresso, STF e Pal\\u00e1cio do Planalto.\",\"orientation\":\"0\"}' data-image-title=\"Manifestantes invadem Congresso, STF e Pal\u00e1cio do Planalto.\" data-image-description=\"\" data-image-caption=\"&lt;p&gt;Bolsonaristas  invadem Congresso, STF e Pal\u00e1cio do Planalto (Foto: Ag\u00eancia Brasil)&lt;\/p&gt;\n\" data-medium-file=\"https:\/\/www.infomoney.com.br\/wp-content\/uploads\/2023\/01\/manifestacao_mcamgo_abr_080120231818-13.jpg?fit=300%2C179&amp;quality=70&amp;strip=all\" data-large-file=\"https:\/\/www.infomoney.com.br\/wp-content\/uploads\/2023\/01\/manifestacao_mcamgo_abr_080120231818-13.jpg?fit=1170%2C700&amp;quality=70&amp;strip=all\">General da reserva mandou emitir essas informa\u00e7\u00f5es de uma minuta submetida previamente a ele; informa\u00e7\u00f5es s\u00e3o da Folha de S. Paulo<\/p>\n<p>The post <a rel=\"nofollow\" href=\"https:\/\/www.infomoney.com.br\/politica\/ex-chefe-do-gsi-de-lula-mandou-omitir-alertas-da-abin-sobre-ameacas-de-ataques-golpistas-diz-jornal\/\">Ex-chefe do GSI de Lula mandou omitir alertas da Abin sobre amea\u00e7as de ataques golpistas, diz jornal<\/a> appeared first on <a rel=\"nofollow\" href=\"https:\/\/www.infomoney.com.br\/\">InfoMoney<\/a>.<\/p>\n","protected":false},"author":47,"featured_media":0,"comment_status":"closed","ping_status":"closed","sticky":false,"template":"","format":"standard","meta":{"advgb_blocks_editor_width":"","advgb_blocks_columns_visual_guide":"","footnotes":""},"categories":[358,34,1177,1178,47],"tags":[35],"class_list":["post-20748","post","type-post","status-publish","format-standard","hentry","category-ataque-em-brasilia","category-g1","category-goncalves-dias","category-gsi","category-politica","tag-g1"],"author_meta":{"display_name":"luispereira","author_link":"https:\/\/sindaopcpb.org.br\/author\/luispereira\/"},"featured_img":null,"coauthors":[],"tax_additional":{"categories":{"linked":["<a href=\"https:\/\/sindaopcpb.org.br\/ataque-em-brasilia\/\" class=\"advgb-post-tax-term\">Ataque em Bras\u00edlia<\/a>","<a href=\"https:\/\/sindaopcpb.org.br\/g1\/\" class=\"advgb-post-tax-term\">G1<\/a>","<a href=\"https:\/\/sindaopcpb.org.br\/goncalves-dias\/\" class=\"advgb-post-tax-term\">Gon\u00e7alves Dias<\/a>","<a href=\"https:\/\/sindaopcpb.org.br\/gsi\/\" class=\"advgb-post-tax-term\">GSI<\/a>","<a href=\"https:\/\/sindaopcpb.org.br\/politica\/\" class=\"advgb-post-tax-term\">POLITICA<\/a>"],"unlinked":["<span class=\"advgb-post-tax-term\">Ataque em Bras\u00edlia<\/span>","<span class=\"advgb-post-tax-term\">G1<\/span>","<span class=\"advgb-post-tax-term\">Gon\u00e7alves Dias<\/span>","<span class=\"advgb-post-tax-term\">GSI<\/span>","<span class=\"advgb-post-tax-term\">POLITICA<\/span>"]},"tags":{"linked":["<a href=\"https:\/\/sindaopcpb.org.br\/politica\/\" class=\"advgb-post-tax-term\">g1<\/a>"],"unlinked":["<span class=\"advgb-post-tax-term\">g1<\/span>"]}},"comment_count":"0","relative_dates":{"created":"Publicado 3 anos atr\u00e1s","modified":"Atualizado 3 anos atr\u00e1s"},"absolute_dates":{"created":"Publicado em 14 de junho de 2023","modified":"Atualizado em 14 de junho de 2023"},"absolute_dates_time":{"created":"Publicado em 14 de junho de 2023 11:22","modified":"Atualizado em 14 de junho de 2023 11:22"},"featured_img_caption":"","series_order":"","_links":{"self":[{"href":"https:\/\/sindaopcpb.org.br\/index.php\/wp-json\/wp\/v2\/posts\/20748","targetHints":{"allow":["GET"]}}],"collection":[{"href":"https:\/\/sindaopcpb.org.br\/index.php\/wp-json\/wp\/v2\/posts"}],"about":[{"href":"https:\/\/sindaopcpb.org.br\/index.php\/wp-json\/wp\/v2\/types\/post"}],"author":[{"embeddable":true,"href":"https:\/\/sindaopcpb.org.br\/index.php\/wp-json\/wp\/v2\/users\/47"}],"replies":[{"embeddable":true,"href":"https:\/\/sindaopcpb.org.br\/index.php\/wp-json\/wp\/v2\/comments?post=20748"}],"version-history":[{"count":1,"href":"https:\/\/sindaopcpb.org.br\/index.php\/wp-json\/wp\/v2\/posts\/20748\/revisions"}],"predecessor-version":[{"id":20749,"href":"https:\/\/sindaopcpb.org.br\/index.php\/wp-json\/wp\/v2\/posts\/20748\/revisions\/20749"}],"wp:attachment":[{"href":"https:\/\/sindaopcpb.org.br\/index.php\/wp-json\/wp\/v2\/media?parent=20748"}],"wp:term":[{"taxonomy":"category","embeddable":true,"href":"https:\/\/sindaopcpb.org.br\/index.php\/wp-json\/wp\/v2\/categories?post=20748"},{"taxonomy":"post_tag","embeddable":true,"href":"https:\/\/sindaopcpb.org.br\/index.php\/wp-json\/wp\/v2\/tags?post=20748"}],"curies":[{"name":"wp","href":"https:\/\/api.w.org\/{rel}","templated":true}]}}