{"id":20661,"date":"2023-06-13T18:17:57","date_gmt":"2023-06-13T21:17:57","guid":{"rendered":"https:\/\/g1.globo.com\/pb\/paraiba\/noticia\/2023\/06\/13\/exposicao-gratuita-sobre-a-historia-das-vacinas-e-aberta-em-joao-pessoa.ghtml"},"modified":"2023-06-13T18:17:57","modified_gmt":"2023-06-13T21:17:57","slug":"exposicao-gratuita-sobre-a-historia-das-vacinas-e-aberta-em-joao-pessoa","status":"publish","type":"post","link":"https:\/\/sindaopcpb.org.br\/index.php\/2023\/06\/13\/exposicao-gratuita-sobre-a-historia-das-vacinas-e-aberta-em-joao-pessoa\/","title":{"rendered":"Exposi\u00e7\u00e3o gratuita sobre a hist\u00f3ria das vacinas \u00e9 aberta em Jo\u00e3o Pessoa"},"content":{"rendered":"   <img src=\"https:\/\/s2.glbimg.com\/PrFLpa21Cj1mNPbNQc39uIwS1b0=\/i.s3.glbimg.com\/v1\/AUTH_59edd422c0c84a879bd37670ae4f538a\/internal_photos\/bs\/2023\/A\/4\/r2JAPgQLOk12DNBLWOzw\/exposicao-sobre-vacinas.jpeg\" \/><br \/>     Exposi\u00e7\u00e3o fica aberta at\u00e9 o dia 16 de julho,  no Espa\u00e7o Cultural.  Exposi\u00e7\u00e3o conta a hist\u00f3ria das vacinas e sua jornada de produ\u00e7\u00e3o e de distribui\u00e7\u00e3o no Brasil.\nReprodu\u00e7\u00e3o: Secom\/Governo da Para\u00edba\nA Exposi\u00e7\u00e3o Vacina! foi aberta em Jo\u00e3o Pessoa nesta ter\u00e7a-feira (13), no mezanino do Espa\u00e7o Cultural. a a\u00e7\u00e3o, promovida pela Fiocruz, pretende desmistificar as vacinas com informa\u00e7\u00e3o de qualidade. A visita\u00e7\u00e3o \u00e9 gratuita, acontece de ter\u00e7a a domingo, incluindo feriados, das 9h \u00e0s 20h30, at\u00e9 o dia 16 de julho. A exposi\u00e7\u00e3o faz parte do projeto \u201cPela Reconquista das Altas Coberturas Vacinais\", com o apoio do Governo do Estado da Para\u00edba.\nDe acordo com a coordenadora do projeto e m\u00e9dica, Lurdinha Maia, \u00e9 importante falar sobre o assunto com informa\u00e7\u00f5es de f\u00e1cil entendimento e relembrar a import\u00e2ncia da vacina\u00e7\u00e3o para o combate a doen\u00e7as j\u00e1 erradicadas, como o sarampo e o t\u00e9tano. \n\u201cCom esta exposi\u00e7\u00e3o queremos trabalhar quest\u00f5es culturais e popularizar a ci\u00eancia. Por que existe um distanciamento da popula\u00e7\u00e3o em rela\u00e7\u00e3o \u00e0s vacinas? Por que as coberturas vacinais est\u00e3o baixas no pa\u00eds inteiro? Um dos fatores \u00e9 que as pessoas n\u00e3o v\u00eaem mais doen\u00e7as. Por isso mesmo que precisa vacinar para que essas doen\u00e7as n\u00e3o voltem, pois as crian\u00e7as continuam nascendo e, se n\u00e3o forem vacinadas, vai ser criado um grupo suscet\u00edvel para as doen\u00e7as e come\u00e7a tudo de novo\u201d, disse a m\u00e9dica.\nA atra\u00e7\u00e3o tem por objetivo utilizar recursos tecnol\u00f3gicos, como pain\u00e9is, aparatos interativos, jogos e multim\u00eddias para desmistificar o assunto. \u00c9 abordado a hist\u00f3ria dos imunizantes no Brasil e no mundo, a rede de produ\u00e7\u00e3o e distribui\u00e7\u00e3o, tipos de vacinas e explica\u00e7\u00f5es sobre os conceitos de v\u00edrus e bact\u00e9rias. Uma tela interativa mostra o Calend\u00e1rio de Vacina\u00e7\u00e3o dividido por faixa et\u00e1ria e ser\u00e3o disponibilizados QRCodes com mais informa\u00e7\u00f5es sobre cada tema. \nA exposi\u00e7\u00e3o \u00e9 aberta para a popula\u00e7\u00e3o em geral e oferece uma equipe de mediadores para conversar com os visitantes. S\u00e3o 16 monitores, volunt\u00e1rios e bolsistas do Projeto de Extens\u00e3o \u201cImunize a UFPB\u201d, do Centro Profissional e Tecnol\u00f3gico.\nGrupos acima de 10 pessoas e escolas devem agenda a visita\u00e7\u00e3o atrav\u00e9s do e-mail coberturavacinal@bio.fiocruz.br. Outras informa\u00e7\u00f5es podem ser consultadas atrav\u00e9s do WhatsApp: (83) 92000-7669\nV\u00eddeos mais assistidos do g1 Para\u00edba  ","protected":false},"excerpt":{"rendered":"<p>        Exposi\u00e7\u00e3o fica aberta at\u00e9 o dia 16 de julho,  no Espa\u00e7o Cultural.  Exposi\u00e7\u00e3o conta a hist\u00f3ria das vacinas e sua jornada de produ\u00e7\u00e3o e de distribui\u00e7\u00e3o no Brasil.<br \/>\nReprodu\u00e7\u00e3o: Secom\/Governo da Para\u00edba<br \/>\nA Exposi\u00e7\u00e3o Vacina! foi aberta em Jo\u00e3o Pessoa &#8230;<\/p>\n","protected":false},"author":2,"featured_media":0,"comment_status":"closed","ping_status":"closed","sticky":false,"template":"","format":"standard","meta":{"advgb_blocks_editor_width":"","advgb_blocks_columns_visual_guide":"","footnotes":""},"categories":[34],"tags":[35],"class_list":["post-20661","post","type-post","status-publish","format-standard","hentry","category-g1","tag-g1"],"author_meta":{"display_name":"g1 &gt; Para\u00edba","author_link":"https:\/\/sindaopcpb.org.br\/author\/g1-paraiba\/"},"featured_img":null,"coauthors":[],"tax_additional":{"categories":{"linked":["<a href=\"https:\/\/sindaopcpb.org.br\/g1\/\" class=\"advgb-post-tax-term\">G1<\/a>"],"unlinked":["<span class=\"advgb-post-tax-term\">G1<\/span>"]},"tags":{"linked":["<a href=\"https:\/\/sindaopcpb.org.br\/g1\/\" class=\"advgb-post-tax-term\">g1<\/a>"],"unlinked":["<span class=\"advgb-post-tax-term\">g1<\/span>"]}},"comment_count":"0","relative_dates":{"created":"Publicado 3 anos atr\u00e1s","modified":"Atualizado 3 anos atr\u00e1s"},"absolute_dates":{"created":"Publicado em 13 de junho de 2023","modified":"Atualizado em 13 de junho de 2023"},"absolute_dates_time":{"created":"Publicado em 13 de junho de 2023 18:17","modified":"Atualizado em 13 de junho de 2023 18:17"},"featured_img_caption":"","series_order":"","_links":{"self":[{"href":"https:\/\/sindaopcpb.org.br\/index.php\/wp-json\/wp\/v2\/posts\/20661","targetHints":{"allow":["GET"]}}],"collection":[{"href":"https:\/\/sindaopcpb.org.br\/index.php\/wp-json\/wp\/v2\/posts"}],"about":[{"href":"https:\/\/sindaopcpb.org.br\/index.php\/wp-json\/wp\/v2\/types\/post"}],"author":[{"embeddable":true,"href":"https:\/\/sindaopcpb.org.br\/index.php\/wp-json\/wp\/v2\/users\/2"}],"replies":[{"embeddable":true,"href":"https:\/\/sindaopcpb.org.br\/index.php\/wp-json\/wp\/v2\/comments?post=20661"}],"version-history":[{"count":1,"href":"https:\/\/sindaopcpb.org.br\/index.php\/wp-json\/wp\/v2\/posts\/20661\/revisions"}],"predecessor-version":[{"id":20662,"href":"https:\/\/sindaopcpb.org.br\/index.php\/wp-json\/wp\/v2\/posts\/20661\/revisions\/20662"}],"wp:attachment":[{"href":"https:\/\/sindaopcpb.org.br\/index.php\/wp-json\/wp\/v2\/media?parent=20661"}],"wp:term":[{"taxonomy":"category","embeddable":true,"href":"https:\/\/sindaopcpb.org.br\/index.php\/wp-json\/wp\/v2\/categories?post=20661"},{"taxonomy":"post_tag","embeddable":true,"href":"https:\/\/sindaopcpb.org.br\/index.php\/wp-json\/wp\/v2\/tags?post=20661"}],"curies":[{"name":"wp","href":"https:\/\/api.w.org\/{rel}","templated":true}]}}