{"id":20649,"date":"2023-06-13T17:42:13","date_gmt":"2023-06-13T20:42:13","guid":{"rendered":"https:\/\/www.infomoney.com.br\/?p=2159823"},"modified":"2023-06-13T17:42:13","modified_gmt":"2023-06-13T20:42:13","slug":"adiada-votacao-de-projeto-sobre-avaliacao-de-beneficios-fiscais","status":"publish","type":"post","link":"https:\/\/sindaopcpb.org.br\/index.php\/2023\/06\/13\/adiada-votacao-de-projeto-sobre-avaliacao-de-beneficios-fiscais\/","title":{"rendered":"Adiada vota\u00e7\u00e3o de projeto sobre avalia\u00e7\u00e3o de benef\u00edcios fiscais"},"content":{"rendered":"<p><img loading=\"lazy\" width=\"300\" height=\"200\" src=\"https:\/\/www.infomoney.com.br\/wp-content\/uploads\/2022\/12\/Senado_plenario.jpg?fit=300%2C200&amp;quality=70&amp;strip=all\" class=\"attachment-medium size-medium wp-post-image\" alt=\"\" decoding=\"async\" style=\"float:right; margin:0 0 10px 10px;\" srcset=\"https:\/\/www.infomoney.com.br\/wp-content\/uploads\/2022\/12\/Senado_plenario.jpg?w=799&amp;quality=70&amp;strip=all 799w, https:\/\/www.infomoney.com.br\/wp-content\/uploads\/2022\/12\/Senado_plenario.jpg?w=300&amp;quality=70&amp;strip=all 300w, https:\/\/www.infomoney.com.br\/wp-content\/uploads\/2022\/12\/Senado_plenario.jpg?w=768&amp;quality=70&amp;strip=all 768w, https:\/\/www.infomoney.com.br\/wp-content\/uploads\/2022\/12\/Senado_plenario.jpg?w=150&amp;quality=70&amp;strip=all 150w\" sizes=\"auto, (max-width: 300px) 100vw, 300px\" data-attachment-id=\"2003149\" data-permalink=\"https:\/\/www.infomoney.com.br\/politica\/pec-da-transicao-tem-dispositivo-que-permite-liberacao-de-recursos-do-orcamento-secreto-ainda-em-2022-e-pode-ajudar-bolsonaro-a-fechar-contas\/attachment\/senado_plenario-2\/\" data-orig-file=\"https:\/\/www.infomoney.com.br\/wp-content\/uploads\/2022\/12\/Senado_plenario.jpg?fit=799%2C533&amp;quality=70&amp;strip=all\" data-orig-size=\"799,533\" data-comments-opened=\"0\" data-image-meta=\"{&quot;aperture&quot;:&quot;0&quot;,&quot;credit&quot;:&quot;Jonas Pereira\\\/Ag\\u00eancia Senado&quot;,&quot;camera&quot;:&quot;&quot;,&quot;caption&quot;:&quot;&quot;,&quot;created_timestamp&quot;:&quot;0&quot;,&quot;copyright&quot;:&quot;Senado Federal do Brasil&quot;,&quot;focal_length&quot;:&quot;0&quot;,&quot;iso&quot;:&quot;0&quot;,&quot;shutter_speed&quot;:&quot;0&quot;,&quot;title&quot;:&quot;&quot;,&quot;orientation&quot;:&quot;0&quot;}\" data-image-title=\"Senado Federal\" data-image-description=\"\" data-image-caption=\"&lt;p&gt;O plen\u00e1rio do Senado Federal em sess\u00e3o deliberativa (Foto: Jonas Pereira\/Ag\u00eancia Senado)&lt;\/p&gt;\n\" data-medium-file=\"https:\/\/www.infomoney.com.br\/wp-content\/uploads\/2022\/12\/Senado_plenario.jpg?fit=300%2C200&amp;quality=70&amp;strip=all\" data-large-file=\"https:\/\/www.infomoney.com.br\/wp-content\/uploads\/2022\/12\/Senado_plenario.jpg?fit=799%2C533&amp;quality=70&amp;strip=all\" title=\"\"><\/p>\n<p>Foi novamente adiada a vota\u00e7\u00e3o em Plen\u00e1rio do projeto de lei que define mecanismos de avalia\u00e7\u00e3o e revis\u00e3o dos incentivos e benef\u00edcios fiscais concedidos a empresas pela Uni\u00e3o e que resultem em diminui\u00e7\u00e3o da arrecada\u00e7\u00e3o ou aumento de despesas. O adiamento atende a um pedido do governo. A proposta ser\u00e1 reinclu\u00edda na pauta da sess\u00e3o desta quarta-feira (14).<\/p>\n<p>O PLP 41\/2019 \u00e9 de autoria do senador Esperidi\u00e3o Amin (PP-SC) e tem o senador Oriovisto Guimar\u00e3es (Podemos-PR) como relator. De acordo com Oriovisto, o texto foi discutido com o Minist\u00e9rio da Fazenda e faltam apenas &#8220;detalhes&#8221; para ficar pronto.<\/p>\n<p>&#8220;Na \u00faltima semana, fizemos um trabalho \u00e1rduo junto \u00e0 equipe do Minist\u00e9rio da Fazenda. Chegamos a bom termo, mas estamos nos \u00faltimos detalhes das reformula\u00e7\u00f5es. J\u00e1 h\u00e1 consenso com o l\u00edder [ do governo], Jaques Wagner, e com Esperidi\u00e3o Amin&#8221;, afirmou Oriovisto.<\/p>\n<p>O texto possui dois eixos principais: a obriga\u00e7\u00e3o de avaliar os benef\u00edcios e os incentivos fiscais e a fixa\u00e7\u00e3o de metas para os benef\u00edcios, que n\u00e3o ser\u00e3o renovados caso as metas n\u00e3o sejam atingidas.<\/p>\n<p>The post <a rel=\"nofollow noopener\" href=\"https:\/\/www.infomoney.com.br\/politica\/adiada-votacao-de-projeto-sobre-avaliacao-de-beneficios-fiscais\/\" target=\"_blank\">Adiada vota\u00e7\u00e3o de projeto sobre avalia\u00e7\u00e3o de benef\u00edcios fiscais<\/a> appeared first on <a rel=\"nofollow noopener\" href=\"https:\/\/www.infomoney.com.br\/\" target=\"_blank\">InfoMoney<\/a>.<\/p>\n","protected":false},"excerpt":{"rendered":"<p><img loading=\"lazy\" decoding=\"async\" width=\"300\" height=\"200\" src=\"https:\/\/www.infomoney.com.br\/wp-content\/uploads\/2022\/12\/Senado_plenario.jpg?fit=300%2C200&amp;quality=70&amp;strip=all\" class=\"attachment-medium size-medium wp-post-image\" alt=\"\" data-attachment-id=\"2003149\" data-permalink=\"https:\/\/www.infomoney.com.br\/politica\/pec-da-transicao-tem-dispositivo-que-permite-liberacao-de-recursos-do-orcamento-secreto-ainda-em-2022-e-pode-ajudar-bolsonaro-a-fechar-contas\/attachment\/senado_plenario-2\/\" data-orig-file=\"https:\/\/www.infomoney.com.br\/wp-content\/uploads\/2022\/12\/Senado_plenario.jpg?fit=799%2C533&amp;quality=70&amp;strip=all\" data-orig-size=\"799,533\" data-comments-opened=\"0\" data-image-meta='{\"aperture\":\"0\",\"credit\":\"Jonas Pereira\\\/Ag\\u00eancia Senado\",\"camera\":\"\",\"caption\":\"\",\"created_timestamp\":\"0\",\"copyright\":\"Senado Federal do Brasil\",\"focal_length\":\"0\",\"iso\":\"0\",\"shutter_speed\":\"0\",\"title\":\"\",\"orientation\":\"0\"}' data-image-title=\"Senado Federal\" data-image-description=\"\" data-image-caption=\"&lt;p&gt;O plen\u00e1rio do Senado Federal em sess\u00e3o deliberativa (Foto: Jonas Pereira\/Ag\u00eancia Senado)&lt;\/p&gt;\n\" data-medium-file=\"https:\/\/www.infomoney.com.br\/wp-content\/uploads\/2022\/12\/Senado_plenario.jpg?fit=300%2C200&amp;quality=70&amp;strip=all\" data-large-file=\"https:\/\/www.infomoney.com.br\/wp-content\/uploads\/2022\/12\/Senado_plenario.jpg?fit=799%2C533&amp;quality=70&amp;strip=all\">Proposta ser\u00e1 reinclu\u00edda na pauta da sess\u00e3o desta quarta-feira<\/p>\n<p>The post <a rel=\"nofollow\" href=\"https:\/\/www.infomoney.com.br\/politica\/adiada-votacao-de-projeto-sobre-avaliacao-de-beneficios-fiscais\/\">Adiada vota\u00e7\u00e3o de projeto sobre avalia\u00e7\u00e3o de benef\u00edcios fiscais<\/a> appeared first on <a rel=\"nofollow\" href=\"https:\/\/www.infomoney.com.br\/\">InfoMoney<\/a>.<\/p>\n","protected":false},"author":47,"featured_media":0,"comment_status":"closed","ping_status":"closed","sticky":false,"template":"","format":"standard","meta":{"advgb_blocks_editor_width":"","advgb_blocks_columns_visual_guide":"","footnotes":""},"categories":[2849,1486,34,47,403],"tags":[35,50],"class_list":["post-20649","post","type-post","status-publish","format-standard","hentry","category-beneficios","category-empresas","category-g1","category-politica","category-senado","tag-g1","tag-projeto-de-lei"],"author_meta":{"display_name":"luispereira","author_link":"https:\/\/sindaopcpb.org.br\/author\/luispereira\/"},"featured_img":null,"coauthors":[],"tax_additional":{"categories":{"linked":["<a href=\"https:\/\/sindaopcpb.org.br\/beneficios\/\" class=\"advgb-post-tax-term\">Benef\u00edcios<\/a>","<a href=\"https:\/\/sindaopcpb.org.br\/empresas\/\" class=\"advgb-post-tax-term\">empresas<\/a>","<a href=\"https:\/\/sindaopcpb.org.br\/g1\/\" class=\"advgb-post-tax-term\">G1<\/a>","<a href=\"https:\/\/sindaopcpb.org.br\/politica\/\" class=\"advgb-post-tax-term\">POLITICA<\/a>","<a href=\"https:\/\/sindaopcpb.org.br\/senado\/\" class=\"advgb-post-tax-term\">Senado<\/a>"],"unlinked":["<span class=\"advgb-post-tax-term\">Benef\u00edcios<\/span>","<span class=\"advgb-post-tax-term\">empresas<\/span>","<span class=\"advgb-post-tax-term\">G1<\/span>","<span class=\"advgb-post-tax-term\">POLITICA<\/span>","<span class=\"advgb-post-tax-term\">Senado<\/span>"]},"tags":{"linked":["<a href=\"https:\/\/sindaopcpb.org.br\/senado\/\" class=\"advgb-post-tax-term\">g1<\/a>","<a href=\"https:\/\/sindaopcpb.org.br\/senado\/\" class=\"advgb-post-tax-term\">projeto de lei<\/a>"],"unlinked":["<span class=\"advgb-post-tax-term\">g1<\/span>","<span class=\"advgb-post-tax-term\">projeto de lei<\/span>"]}},"comment_count":"0","relative_dates":{"created":"Publicado 3 anos atr\u00e1s","modified":"Atualizado 3 anos atr\u00e1s"},"absolute_dates":{"created":"Publicado em 13 de junho de 2023","modified":"Atualizado em 13 de junho de 2023"},"absolute_dates_time":{"created":"Publicado em 13 de junho de 2023 17:42","modified":"Atualizado em 13 de junho de 2023 17:42"},"featured_img_caption":"","series_order":"","_links":{"self":[{"href":"https:\/\/sindaopcpb.org.br\/index.php\/wp-json\/wp\/v2\/posts\/20649","targetHints":{"allow":["GET"]}}],"collection":[{"href":"https:\/\/sindaopcpb.org.br\/index.php\/wp-json\/wp\/v2\/posts"}],"about":[{"href":"https:\/\/sindaopcpb.org.br\/index.php\/wp-json\/wp\/v2\/types\/post"}],"author":[{"embeddable":true,"href":"https:\/\/sindaopcpb.org.br\/index.php\/wp-json\/wp\/v2\/users\/47"}],"replies":[{"embeddable":true,"href":"https:\/\/sindaopcpb.org.br\/index.php\/wp-json\/wp\/v2\/comments?post=20649"}],"version-history":[{"count":1,"href":"https:\/\/sindaopcpb.org.br\/index.php\/wp-json\/wp\/v2\/posts\/20649\/revisions"}],"predecessor-version":[{"id":20650,"href":"https:\/\/sindaopcpb.org.br\/index.php\/wp-json\/wp\/v2\/posts\/20649\/revisions\/20650"}],"wp:attachment":[{"href":"https:\/\/sindaopcpb.org.br\/index.php\/wp-json\/wp\/v2\/media?parent=20649"}],"wp:term":[{"taxonomy":"category","embeddable":true,"href":"https:\/\/sindaopcpb.org.br\/index.php\/wp-json\/wp\/v2\/categories?post=20649"},{"taxonomy":"post_tag","embeddable":true,"href":"https:\/\/sindaopcpb.org.br\/index.php\/wp-json\/wp\/v2\/tags?post=20649"}],"curies":[{"name":"wp","href":"https:\/\/api.w.org\/{rel}","templated":true}]}}