{"id":20647,"date":"2023-06-13T17:44:06","date_gmt":"2023-06-13T20:44:06","guid":{"rendered":"https:\/\/www.infomoney.com.br\/?p=2159699"},"modified":"2023-06-13T17:44:06","modified_gmt":"2023-06-13T20:44:06","slug":"entidades-patronais-defendem-prorrogacao-de-beneficio-fiscal-do-setor-portuario","status":"publish","type":"post","link":"https:\/\/sindaopcpb.org.br\/index.php\/2023\/06\/13\/entidades-patronais-defendem-prorrogacao-de-beneficio-fiscal-do-setor-portuario\/","title":{"rendered":"Entidades patronais defendem prorroga\u00e7\u00e3o de benef\u00edcio fiscal do setor portu\u00e1rio"},"content":{"rendered":"<p><img loading=\"lazy\" width=\"300\" height=\"186\" src=\"https:\/\/www.infomoney.com.br\/wp-content\/uploads\/2022\/07\/Porto-de-Santos.jpg?fit=300%2C186&amp;quality=70&amp;strip=all\" class=\"attachment-medium size-medium wp-post-image\" alt=\"Porto de Santos\" decoding=\"async\" style=\"float:right; margin:0 0 10px 10px;\" srcset=\"https:\/\/www.infomoney.com.br\/wp-content\/uploads\/2022\/07\/Porto-de-Santos.jpg?w=2560&amp;quality=70&amp;strip=all 2560w, https:\/\/www.infomoney.com.br\/wp-content\/uploads\/2022\/07\/Porto-de-Santos.jpg?w=300&amp;quality=70&amp;strip=all 300w, https:\/\/www.infomoney.com.br\/wp-content\/uploads\/2022\/07\/Porto-de-Santos.jpg?w=768&amp;quality=70&amp;strip=all 768w, https:\/\/www.infomoney.com.br\/wp-content\/uploads\/2022\/07\/Porto-de-Santos.jpg?w=1280&amp;quality=70&amp;strip=all 1280w, https:\/\/www.infomoney.com.br\/wp-content\/uploads\/2022\/07\/Porto-de-Santos.jpg?w=1536&amp;quality=70&amp;strip=all 1536w, https:\/\/www.infomoney.com.br\/wp-content\/uploads\/2022\/07\/Porto-de-Santos.jpg?w=2048&amp;quality=70&amp;strip=all 2048w, https:\/\/www.infomoney.com.br\/wp-content\/uploads\/2022\/07\/Porto-de-Santos.jpg?w=150&amp;quality=70&amp;strip=all 150w\" sizes=\"auto, (max-width: 300px) 100vw, 300px\" data-attachment-id=\"1902060\" data-permalink=\"https:\/\/www.infomoney.com.br\/negocios\/decreto-inclui-porto-de-santos-no-programa-nacional-de-desestatizacao\/attachment\/porto-de-santos-2\/\" data-orig-file=\"https:\/\/www.infomoney.com.br\/wp-content\/uploads\/2022\/07\/Porto-de-Santos.jpg?fit=2560%2C1590&amp;quality=70&amp;strip=all\" data-orig-size=\"2560,1590\" data-comments-opened=\"0\" data-image-meta=\"{&quot;aperture&quot;:&quot;0&quot;,&quot;credit&quot;:&quot;&quot;,&quot;camera&quot;:&quot;&quot;,&quot;caption&quot;:&quot;&quot;,&quot;created_timestamp&quot;:&quot;0&quot;,&quot;copyright&quot;:&quot;&quot;,&quot;focal_length&quot;:&quot;0&quot;,&quot;iso&quot;:&quot;0&quot;,&quot;shutter_speed&quot;:&quot;0&quot;,&quot;title&quot;:&quot;&quot;,&quot;orientation&quot;:&quot;0&quot;}\" data-image-title=\"Porto de Santos\" data-image-description=\"&lt;p&gt;Imagem a\u00e9rea do porto de Santos&lt;\/p&gt;\n\" data-image-caption=\"&lt;p&gt;Imagem a\u00e9rea do porto de Santos&lt;\/p&gt;\n\" data-medium-file=\"https:\/\/www.infomoney.com.br\/wp-content\/uploads\/2022\/07\/Porto-de-Santos.jpg?fit=300%2C186&amp;quality=70&amp;strip=all\" data-large-file=\"https:\/\/www.infomoney.com.br\/wp-content\/uploads\/2022\/07\/Porto-de-Santos.jpg?fit=1280%2C795&amp;quality=70&amp;strip=all\" title=\"\"><\/p>\n<p>Entidades patronais do setor portu\u00e1rio defenderam nesta ter\u00e7a-feira (13) a prorroga\u00e7\u00e3o do Regime Tribut\u00e1rio para Incentivo \u00e0 Moderniza\u00e7\u00e3o e \u00e0 Amplia\u00e7\u00e3o da Estrutura Portu\u00e1ria (Reporto), que vence no final do ano.<\/p>\n<p>A quest\u00e3o portu\u00e1ria foi discutida na Comiss\u00e3o de Ind\u00fastria, Com\u00e9rcio e Servi\u00e7os da C\u00e2mara dos Deputados a pedido do deputado Helder Salom\u00e3o (PT-ES). Audi\u00eancia p\u00fablica debateu outros pontos do setor, como a privatiza\u00e7\u00e3o de portos e investimentos p\u00fablicos na \u00e1rea.<\/p>\n<p>Criado pela Lei 11.033\/04, o Reporto reduz impostos federais para empresas que importam m\u00e1quinas e equipamentos utilizados no setor portu\u00e1rio e ferrovi\u00e1rio. No ano passado, o Congresso Nacional derrubou um veto presidencial permitindo a prorroga\u00e7\u00e3o do benef\u00edcio at\u00e9 31 de dezembro de 2023.<\/p>\n<p>\u201cPrecisamos urgentemente renovar o Reporto para que a gente continue fazendo os investimentos t\u00e3o necess\u00e1rios\u201d, disse o diretor-presidente da Associa\u00e7\u00e3o Brasileira dos Terminais Portu\u00e1rios (ABTP), Jesualdo Silva. Segundo ele, a prorroga\u00e7\u00e3o se torna mais necess\u00e1ria com a reforma tribut\u00e1ria em discuss\u00e3o na C\u00e2mara dos Deputados (PEC 45\/19), que deve elevar a carga tribut\u00e1ria das empresas do setor em cerca de 38%.<\/p>\n<h2><strong>Privatiza\u00e7\u00e3o<\/strong><\/h2>\n<p>J\u00e1 entre os representantes dos trabalhadores portu\u00e1rios, a maior preocupa\u00e7\u00e3o \u00e9 com privatiza\u00e7\u00f5es no setor. O principal questionamento foi sobre o modelo de venda da Companhia Docas do Estado do Esp\u00edrito Santo (Codesa), ocorrido em 2022.<\/p>\n<p>Trata-se da primeira desestatiza\u00e7\u00e3o de uma autoridade portu\u00e1ria, que s\u00e3o institui\u00e7\u00f5es p\u00fablicas respons\u00e1veis por gerir os portos p\u00fablicos existentes em cada estado. Em outros pa\u00edses a privatiza\u00e7\u00e3o restringe-se \u00e0s opera\u00e7\u00f5es portu\u00e1rias, como movimenta\u00e7\u00e3o de cargas, mantendo a administra\u00e7\u00e3o do porto sob controle estatal.<\/p>\n<p>\u201cO governo entregou a autoridade portu\u00e1ria, que \u00e9 o papel do estado brasileiro de conduzir a vis\u00e3o p\u00fablica do porto, na m\u00e3o de um ente privado. Essa \u00e9 a nossa grande discord\u00e2ncia\u201d, disse o presidente da Intersindical da Orla Portu\u00e1ria do Esp\u00edrito Santo, Jos\u00e9 Adilson.<\/p>\n<p>Tanto ele como o presidente da Federa\u00e7\u00e3o Nacional dos Portu\u00e1rios (FNP), Eduardo Guterra, pediram ao secret\u00e1rio nacional de Portos e Transportes Aquavi\u00e1rios, Fabrizio Pierdomenico, tamb\u00e9m presente na audi\u00eancia p\u00fablica, a cria\u00e7\u00e3o de um grupo de trabalho para analisar os desdobramentos da privatiza\u00e7\u00e3o da Codesa.<\/p>\n<h2><strong>Novos debates<\/strong><\/h2>\n<p>O deputado Helder Salom\u00e3o defendeu a cria\u00e7\u00e3o do grupo de trabalho e prop\u00f4s o aprofundamento da discuss\u00e3o sobre a situa\u00e7\u00e3o dos portos brasileiros. \u201cEssa Casa precisa realizar outros momentos para debater o tema, visto que a atividade portu\u00e1ria e estrat\u00e9gica para o desenvolvimento nacional\u201d, disse.<\/p>\n<p>O deputado Luis Carlos Gomes (Republicanos-RJ) pediu ao governo Lula que defina o mais r\u00e1pido poss\u00edvel a sua estrat\u00e9gia para o setor portu\u00e1rio brasileiro. \u201cO setor precisa de uma resposta para ontem\u201d, disse.<\/p>\n<p>The post <a rel=\"nofollow noopener\" href=\"https:\/\/www.infomoney.com.br\/politica\/entidades-patronais-defendem-prorrogacao-de-beneficio-fiscal-do-setor-portuario\/\" target=\"_blank\">Entidades patronais defendem prorroga\u00e7\u00e3o de benef\u00edcio fiscal do setor portu\u00e1rio<\/a> appeared first on <a rel=\"nofollow noopener\" href=\"https:\/\/www.infomoney.com.br\/\" target=\"_blank\">InfoMoney<\/a>.<\/p>\n","protected":false},"excerpt":{"rendered":"<p><img loading=\"lazy\" decoding=\"async\" width=\"300\" height=\"186\" src=\"https:\/\/www.infomoney.com.br\/wp-content\/uploads\/2022\/07\/Porto-de-Santos.jpg?fit=300%2C186&amp;quality=70&amp;strip=all\" class=\"attachment-medium size-medium wp-post-image\" alt=\"Porto de Santos\" data-attachment-id=\"1902060\" data-permalink=\"https:\/\/www.infomoney.com.br\/negocios\/decreto-inclui-porto-de-santos-no-programa-nacional-de-desestatizacao\/attachment\/porto-de-santos-2\/\" data-orig-file=\"https:\/\/www.infomoney.com.br\/wp-content\/uploads\/2022\/07\/Porto-de-Santos.jpg?fit=2560%2C1590&amp;quality=70&amp;strip=all\" data-orig-size=\"2560,1590\" data-comments-opened=\"0\" data-image-meta='{\"aperture\":\"0\",\"credit\":\"\",\"camera\":\"\",\"caption\":\"\",\"created_timestamp\":\"0\",\"copyright\":\"\",\"focal_length\":\"0\",\"iso\":\"0\",\"shutter_speed\":\"0\",\"title\":\"\",\"orientation\":\"0\"}' data-image-title=\"Porto de Santos\" data-image-description=\"&lt;p&gt;Imagem a\u00e9rea do porto de Santos&lt;\/p&gt;\n\" data-image-caption=\"&lt;p&gt;Imagem a\u00e9rea do porto de Santos&lt;\/p&gt;\n\" data-medium-file=\"https:\/\/www.infomoney.com.br\/wp-content\/uploads\/2022\/07\/Porto-de-Santos.jpg?fit=300%2C186&amp;quality=70&amp;strip=all\" data-large-file=\"https:\/\/www.infomoney.com.br\/wp-content\/uploads\/2022\/07\/Porto-de-Santos.jpg?fit=1280%2C795&amp;quality=70&amp;strip=all\">Entre os representantes dos trabalhadores portu\u00e1rios a maior preocupa\u00e7\u00e3o \u00e9 com privatiza\u00e7\u00f5es no setor<\/p>\n<p>The post <a rel=\"nofollow\" href=\"https:\/\/www.infomoney.com.br\/politica\/entidades-patronais-defendem-prorrogacao-de-beneficio-fiscal-do-setor-portuario\/\">Entidades patronais defendem prorroga\u00e7\u00e3o de benef\u00edcio fiscal do setor portu\u00e1rio<\/a> appeared first on <a rel=\"nofollow\" href=\"https:\/\/www.infomoney.com.br\/\">InfoMoney<\/a>.<\/p>\n","protected":false},"author":47,"featured_media":0,"comment_status":"closed","ping_status":"closed","sticky":false,"template":"","format":"standard","meta":{"advgb_blocks_editor_width":"","advgb_blocks_columns_visual_guide":"","footnotes":""},"categories":[2849,276,34,47,4609],"tags":[35],"class_list":["post-20647","post","type-post","status-publish","format-standard","hentry","category-beneficios","category-camara-dos-deputados","category-g1","category-politica","category-portos","tag-g1"],"author_meta":{"display_name":"luispereira","author_link":"https:\/\/sindaopcpb.org.br\/author\/luispereira\/"},"featured_img":null,"coauthors":[],"tax_additional":{"categories":{"linked":["<a href=\"https:\/\/sindaopcpb.org.br\/beneficios\/\" class=\"advgb-post-tax-term\">Benef\u00edcios<\/a>","<a href=\"https:\/\/sindaopcpb.org.br\/camara-dos-deputados\/\" class=\"advgb-post-tax-term\">C\u00e2mara dos Deputados<\/a>","<a href=\"https:\/\/sindaopcpb.org.br\/g1\/\" class=\"advgb-post-tax-term\">G1<\/a>","<a href=\"https:\/\/sindaopcpb.org.br\/politica\/\" class=\"advgb-post-tax-term\">POLITICA<\/a>","<a href=\"https:\/\/sindaopcpb.org.br\/portos\/\" class=\"advgb-post-tax-term\">Portos<\/a>"],"unlinked":["<span class=\"advgb-post-tax-term\">Benef\u00edcios<\/span>","<span class=\"advgb-post-tax-term\">C\u00e2mara dos Deputados<\/span>","<span class=\"advgb-post-tax-term\">G1<\/span>","<span class=\"advgb-post-tax-term\">POLITICA<\/span>","<span class=\"advgb-post-tax-term\">Portos<\/span>"]},"tags":{"linked":["<a href=\"https:\/\/sindaopcpb.org.br\/portos\/\" class=\"advgb-post-tax-term\">g1<\/a>"],"unlinked":["<span class=\"advgb-post-tax-term\">g1<\/span>"]}},"comment_count":"0","relative_dates":{"created":"Publicado 3 anos atr\u00e1s","modified":"Atualizado 3 anos atr\u00e1s"},"absolute_dates":{"created":"Publicado em 13 de junho de 2023","modified":"Atualizado em 13 de junho de 2023"},"absolute_dates_time":{"created":"Publicado em 13 de junho de 2023 17:44","modified":"Atualizado em 13 de junho de 2023 17:44"},"featured_img_caption":"","series_order":"","_links":{"self":[{"href":"https:\/\/sindaopcpb.org.br\/index.php\/wp-json\/wp\/v2\/posts\/20647","targetHints":{"allow":["GET"]}}],"collection":[{"href":"https:\/\/sindaopcpb.org.br\/index.php\/wp-json\/wp\/v2\/posts"}],"about":[{"href":"https:\/\/sindaopcpb.org.br\/index.php\/wp-json\/wp\/v2\/types\/post"}],"author":[{"embeddable":true,"href":"https:\/\/sindaopcpb.org.br\/index.php\/wp-json\/wp\/v2\/users\/47"}],"replies":[{"embeddable":true,"href":"https:\/\/sindaopcpb.org.br\/index.php\/wp-json\/wp\/v2\/comments?post=20647"}],"version-history":[{"count":1,"href":"https:\/\/sindaopcpb.org.br\/index.php\/wp-json\/wp\/v2\/posts\/20647\/revisions"}],"predecessor-version":[{"id":20648,"href":"https:\/\/sindaopcpb.org.br\/index.php\/wp-json\/wp\/v2\/posts\/20647\/revisions\/20648"}],"wp:attachment":[{"href":"https:\/\/sindaopcpb.org.br\/index.php\/wp-json\/wp\/v2\/media?parent=20647"}],"wp:term":[{"taxonomy":"category","embeddable":true,"href":"https:\/\/sindaopcpb.org.br\/index.php\/wp-json\/wp\/v2\/categories?post=20647"},{"taxonomy":"post_tag","embeddable":true,"href":"https:\/\/sindaopcpb.org.br\/index.php\/wp-json\/wp\/v2\/tags?post=20647"}],"curies":[{"name":"wp","href":"https:\/\/api.w.org\/{rel}","templated":true}]}}