{"id":20641,"date":"2023-06-13T18:13:00","date_gmt":"2023-06-13T21:13:00","guid":{"rendered":"https:\/\/www.infomoney.com.br\/?p=2159646"},"modified":"2023-06-13T18:13:00","modified_gmt":"2023-06-13T21:13:00","slug":"para-appy-reforma-tributaria-sera-positiva-para-setor-de-alimentos-no-brasil","status":"publish","type":"post","link":"https:\/\/sindaopcpb.org.br\/index.php\/2023\/06\/13\/para-appy-reforma-tributaria-sera-positiva-para-setor-de-alimentos-no-brasil\/","title":{"rendered":"Para Appy, reforma tribut\u00e1ria ser\u00e1 positiva para setor de alimentos no Brasil"},"content":{"rendered":"<p><img loading=\"lazy\" width=\"300\" height=\"200\" src=\"https:\/\/www.infomoney.com.br\/wp-content\/uploads\/2020\/02\/BernardAppy.jpg?fit=300%2C200&amp;quality=70&amp;strip=all\" class=\"attachment-medium size-medium wp-post-image\" alt=\"Bernard Appy, diretor do Centro de Cidadania Fiscal\" decoding=\"async\" style=\"float:right; margin:0 0 10px 10px;\" srcset=\"https:\/\/www.infomoney.com.br\/wp-content\/uploads\/2020\/02\/BernardAppy.jpg?w=2048&amp;quality=70&amp;strip=all 2048w, https:\/\/www.infomoney.com.br\/wp-content\/uploads\/2020\/02\/BernardAppy.jpg?w=300&amp;quality=70&amp;strip=all 300w, https:\/\/www.infomoney.com.br\/wp-content\/uploads\/2020\/02\/BernardAppy.jpg?w=768&amp;quality=70&amp;strip=all 768w, https:\/\/www.infomoney.com.br\/wp-content\/uploads\/2020\/02\/BernardAppy.jpg?w=1280&amp;quality=70&amp;strip=all 1280w, https:\/\/www.infomoney.com.br\/wp-content\/uploads\/2020\/02\/BernardAppy.jpg?w=1536&amp;quality=70&amp;strip=all 1536w, https:\/\/www.infomoney.com.br\/wp-content\/uploads\/2020\/02\/BernardAppy.jpg?w=150&amp;quality=70&amp;strip=all 150w\" sizes=\"auto, (max-width: 300px) 100vw, 300px\" data-attachment-id=\"1398477\" data-permalink=\"https:\/\/www.infomoney.com.br\/politica\/im-entrevista-bernard-appy-um-dos-autores-da-reforma-tributaria-acompanhe-e-faca-perguntas\/attachment\/bernardappy\/\" data-orig-file=\"https:\/\/www.infomoney.com.br\/wp-content\/uploads\/2020\/02\/BernardAppy.jpg?fit=2048%2C1365&amp;quality=70&amp;strip=all\" data-orig-size=\"2048,1365\" data-comments-opened=\"1\" data-image-meta=\"{&quot;aperture&quot;:&quot;0&quot;,&quot;credit&quot;:&quot;Filipe Scotti - FIESC&quot;,&quot;camera&quot;:&quot;&quot;,&quot;caption&quot;:&quot;&quot;,&quot;created_timestamp&quot;:&quot;0&quot;,&quot;copyright&quot;:&quot;&quot;,&quot;focal_length&quot;:&quot;0&quot;,&quot;iso&quot;:&quot;0&quot;,&quot;shutter_speed&quot;:&quot;0&quot;,&quot;title&quot;:&quot;&quot;,&quot;orientation&quot;:&quot;0&quot;}\" data-image-title=\"Bernard Appy\" data-image-description=\"\" data-image-caption=\"&lt;p&gt;Bernard Appy, diretor do Centro de Cidadania Fiscal (Foto: Filipe Scotti\/FIESC)&lt;\/p&gt;\n\" data-medium-file=\"https:\/\/www.infomoney.com.br\/wp-content\/uploads\/2020\/02\/BernardAppy.jpg?fit=300%2C200&amp;quality=70&amp;strip=all\" data-large-file=\"https:\/\/www.infomoney.com.br\/wp-content\/uploads\/2020\/02\/BernardAppy.jpg?fit=1280%2C853&amp;quality=70&amp;strip=all\" title=\"\"><\/p>\n<p>O secret\u00e1rio extraordin\u00e1rio da reforma tribut\u00e1ria do Minist\u00e9rio da Fazenda, Bernard Appy, afirmou, nesta ter\u00e7a-feira (13), que a reforma tribut\u00e1ria deve ser positiva para o setor aliment\u00edcio no Pa\u00eds, trazendo maior demanda por alimentos e reduzindo burocracias e inconsist\u00eancias tribut\u00e1rias. Ele tamb\u00e9m defendeu os benef\u00edcios da proposi\u00e7\u00e3o de um &#8220;cashback&#8221; para fam\u00edlias de baixa renda.<\/p>\n<p>&#8220;Tenho certeza absoluta de que a reforma vai ser positiva para o setor de alimentos no Brasil&#8221;, pontuou Appy, afirmando que a reforma tribut\u00e1ria tem efeito positivo sobre crescimento mesmo com a proposta de al\u00edquota uniforme. &#8220;Os c\u00e1lculos demonstram que com demanda maior, mesmo se tivesse al\u00edquota uniforme, o efeito seria positivo&#8221;, disse o secret\u00e1rio durante a 3\u00aa edi\u00e7\u00e3o do F\u00f3rum da Cadeia Nacional de Abastecimento da Associa\u00e7\u00e3o Brasileira de Supermercados (Abras).<\/p>\n<p>A proposta do &#8220;cashback&#8221; tamb\u00e9m foi defendida por Appy. &#8220;Sei que tem resist\u00eancia do setor, acho que equivocada a resist\u00eancia, n\u00e3o \u00e9 incompat\u00edvel ter a desonera\u00e7\u00e3o da cesta b\u00e1sica e o cashback&#8221;, afirmou o secret\u00e1rio, que defendeu tamb\u00e9m o aumento de renda que a proposta pode trazer. &#8220;Favorece mais as fam\u00edlias de baixa renda, quando aumenta a renda das fam\u00edlias de baixa renda, aumenta a demanda por alimentos, essa \u00e9 a consequ\u00eancia, com certeza, vai ter efeito positivo sobre a demanda de alimentos&#8221;, ressaltou Appy.<\/p>\n<p>O secret\u00e1rio disse ainda que o Pa\u00eds possui sistemas operacionais avan\u00e7ados e criticou a legisla\u00e7\u00e3o tribut\u00e1ria vigente. &#8220;Temos os sistemas mais avan\u00e7ados do mundo, o que o Brasil tem \u00e9 a pior legisla\u00e7\u00e3o tribut\u00e1ria de tributos indiretos do mundo e, obviamente, a legisla\u00e7\u00e3o atrapalha o funcionamento da parte operacional&#8221;, afirmou Appy.<\/p>\n<p>Ele ressaltou tamb\u00e9m que o governo est\u00e1 trabalhando em conjunto com os Estados para idealizar a parte operacional da reforma tribut\u00e1ria.<\/p>\n<p>Appy afirmou ainda que o novo modelo \u00e9 uma reforma &#8220;ganha-ganha&#8221; por gerar crescimento de diferentes formas. &#8220;Gera crescimento por redu\u00e7\u00e3o da burocracia e litigiosidade, gera crescimento n\u00e3o t\u00e3o percept\u00edvel para voc\u00eas, mas para outros setores, que \u00e9 aumento da competitividade, e gera benef\u00edcio por conta da elimina\u00e7\u00e3o de muitas inconsist\u00eancias do sistema tribut\u00e1rio atual&#8221;, disse.<\/p>\n<h2><b>Al\u00edquota reduzida<\/b><\/h2>\n<p>O secret\u00e1rio ressaltou que o governo federal endossa as diretrizes apresentadas no relat\u00f3rio do grupo de trabalho da reforma na C\u00e2mara envolvendo al\u00edquotas reduzidas para alimentos.<\/p>\n<p>A indica\u00e7\u00e3o veio ap\u00f3s Appy ser questionado pelo presidente da Abras, Jo\u00e3o Galassi, se o governo iria apoiar uma al\u00edquota menor para os alimentos. &#8220;O governo est\u00e1 apoiando as diretrizes sinalizadas no relat\u00f3rio do grupo de trabalho&#8221;, disse Appy.<\/p>\n<p>Ele tamb\u00e9m afirmou que as diretrizes para pontos mais sens\u00edveis da Lei Complementar &#8220;muito provavelmente&#8221; devem aparecer j\u00e1 no relat\u00f3rio da reforma. &#8220;N\u00e3o estou dizendo porque n\u00e3o sou eu quem fa\u00e7o o relat\u00f3rio, \u00e9 o deputado Aguinaldo Ribeiro (PP-PB), mas acho que, pelo que senti no debate pol\u00edtico, essa \u00e9 uma possibilidade&#8221;, disse Appy.<\/p>\n<p>The post <a rel=\"nofollow noopener\" href=\"https:\/\/www.infomoney.com.br\/politica\/para-appy-reforma-tributaria-sera-positiva-para-setor-de-alimentos-no-brasil\/\" target=\"_blank\">Para Appy, reforma tribut\u00e1ria ser\u00e1 positiva para setor de alimentos no Brasil<\/a> appeared first on <a rel=\"nofollow noopener\" href=\"https:\/\/www.infomoney.com.br\/\" target=\"_blank\">InfoMoney<\/a>.<\/p>\n","protected":false},"excerpt":{"rendered":"<p><img loading=\"lazy\" decoding=\"async\" width=\"300\" height=\"200\" src=\"https:\/\/www.infomoney.com.br\/wp-content\/uploads\/2020\/02\/BernardAppy.jpg?fit=300%2C200&amp;quality=70&amp;strip=all\" class=\"attachment-medium size-medium wp-post-image\" alt=\"Bernard Appy, diretor do Centro de Cidadania Fiscal\" data-attachment-id=\"1398477\" data-permalink=\"https:\/\/www.infomoney.com.br\/politica\/im-entrevista-bernard-appy-um-dos-autores-da-reforma-tributaria-acompanhe-e-faca-perguntas\/attachment\/bernardappy\/\" data-orig-file=\"https:\/\/www.infomoney.com.br\/wp-content\/uploads\/2020\/02\/BernardAppy.jpg?fit=2048%2C1365&amp;quality=70&amp;strip=all\" data-orig-size=\"2048,1365\" data-comments-opened=\"1\" data-image-meta='{\"aperture\":\"0\",\"credit\":\"Filipe Scotti - FIESC\",\"camera\":\"\",\"caption\":\"\",\"created_timestamp\":\"0\",\"copyright\":\"\",\"focal_length\":\"0\",\"iso\":\"0\",\"shutter_speed\":\"0\",\"title\":\"\",\"orientation\":\"0\"}' data-image-title=\"Bernard Appy\" data-image-description=\"\" data-image-caption=\"&lt;p&gt;Bernard Appy, diretor do Centro de Cidadania Fiscal (Foto: Filipe Scotti\/FIESC)&lt;\/p&gt;\n\" data-medium-file=\"https:\/\/www.infomoney.com.br\/wp-content\/uploads\/2020\/02\/BernardAppy.jpg?fit=300%2C200&amp;quality=70&amp;strip=all\" data-large-file=\"https:\/\/www.infomoney.com.br\/wp-content\/uploads\/2020\/02\/BernardAppy.jpg?fit=1280%2C853&amp;quality=70&amp;strip=all\">Appy afirmou ainda que o novo modelo \u00e9 uma reforma &#8220;ganha-ganha&#8221; por gerar crescimento de diferentes formas<\/p>\n<p>The post <a rel=\"nofollow\" href=\"https:\/\/www.infomoney.com.br\/politica\/para-appy-reforma-tributaria-sera-positiva-para-setor-de-alimentos-no-brasil\/\">Para Appy, reforma tribut\u00e1ria ser\u00e1 positiva para setor de alimentos no Brasil<\/a> appeared first on <a rel=\"nofollow\" href=\"https:\/\/www.infomoney.com.br\/\">InfoMoney<\/a>.<\/p>\n","protected":false},"author":43,"featured_media":0,"comment_status":"closed","ping_status":"closed","sticky":false,"template":"","format":"standard","meta":{"advgb_blocks_editor_width":"","advgb_blocks_columns_visual_guide":"","footnotes":""},"categories":[1832,550,34,556,47,191],"tags":[35],"class_list":["post-20641","post","type-post","status-publish","format-standard","hentry","category-alimentos","category-bernard-appy","category-g1","category-impostos","category-politica","category-reforma-tributaria","tag-g1"],"author_meta":{"display_name":"Estad\u00e3o Conte\u00fado","author_link":"https:\/\/sindaopcpb.org.br\/author\/estadao-conteudo\/"},"featured_img":null,"coauthors":[],"tax_additional":{"categories":{"linked":["<a href=\"https:\/\/sindaopcpb.org.br\/alimentos\/\" class=\"advgb-post-tax-term\">alimentos<\/a>","<a href=\"https:\/\/sindaopcpb.org.br\/bernard-appy\/\" class=\"advgb-post-tax-term\">Bernard Appy<\/a>","<a href=\"https:\/\/sindaopcpb.org.br\/g1\/\" class=\"advgb-post-tax-term\">G1<\/a>","<a href=\"https:\/\/sindaopcpb.org.br\/impostos\/\" class=\"advgb-post-tax-term\">Impostos<\/a>","<a href=\"https:\/\/sindaopcpb.org.br\/politica\/\" class=\"advgb-post-tax-term\">POLITICA<\/a>","<a href=\"https:\/\/sindaopcpb.org.br\/reforma-tributaria\/\" class=\"advgb-post-tax-term\">reforma tribut\u00e1ria<\/a>"],"unlinked":["<span class=\"advgb-post-tax-term\">alimentos<\/span>","<span class=\"advgb-post-tax-term\">Bernard Appy<\/span>","<span class=\"advgb-post-tax-term\">G1<\/span>","<span class=\"advgb-post-tax-term\">Impostos<\/span>","<span class=\"advgb-post-tax-term\">POLITICA<\/span>","<span class=\"advgb-post-tax-term\">reforma tribut\u00e1ria<\/span>"]},"tags":{"linked":["<a href=\"https:\/\/sindaopcpb.org.br\/reforma-tributaria\/\" class=\"advgb-post-tax-term\">g1<\/a>"],"unlinked":["<span class=\"advgb-post-tax-term\">g1<\/span>"]}},"comment_count":"0","relative_dates":{"created":"Publicado 3 anos atr\u00e1s","modified":"Atualizado 3 anos atr\u00e1s"},"absolute_dates":{"created":"Publicado em 13 de junho de 2023","modified":"Atualizado em 13 de junho de 2023"},"absolute_dates_time":{"created":"Publicado em 13 de junho de 2023 18:13","modified":"Atualizado em 13 de junho de 2023 18:13"},"featured_img_caption":"","series_order":"","_links":{"self":[{"href":"https:\/\/sindaopcpb.org.br\/index.php\/wp-json\/wp\/v2\/posts\/20641","targetHints":{"allow":["GET"]}}],"collection":[{"href":"https:\/\/sindaopcpb.org.br\/index.php\/wp-json\/wp\/v2\/posts"}],"about":[{"href":"https:\/\/sindaopcpb.org.br\/index.php\/wp-json\/wp\/v2\/types\/post"}],"author":[{"embeddable":true,"href":"https:\/\/sindaopcpb.org.br\/index.php\/wp-json\/wp\/v2\/users\/43"}],"replies":[{"embeddable":true,"href":"https:\/\/sindaopcpb.org.br\/index.php\/wp-json\/wp\/v2\/comments?post=20641"}],"version-history":[{"count":1,"href":"https:\/\/sindaopcpb.org.br\/index.php\/wp-json\/wp\/v2\/posts\/20641\/revisions"}],"predecessor-version":[{"id":20642,"href":"https:\/\/sindaopcpb.org.br\/index.php\/wp-json\/wp\/v2\/posts\/20641\/revisions\/20642"}],"wp:attachment":[{"href":"https:\/\/sindaopcpb.org.br\/index.php\/wp-json\/wp\/v2\/media?parent=20641"}],"wp:term":[{"taxonomy":"category","embeddable":true,"href":"https:\/\/sindaopcpb.org.br\/index.php\/wp-json\/wp\/v2\/categories?post=20641"},{"taxonomy":"post_tag","embeddable":true,"href":"https:\/\/sindaopcpb.org.br\/index.php\/wp-json\/wp\/v2\/tags?post=20641"}],"curies":[{"name":"wp","href":"https:\/\/api.w.org\/{rel}","templated":true}]}}