{"id":20624,"date":"2023-06-13T16:24:11","date_gmt":"2023-06-13T19:24:11","guid":{"rendered":"https:\/\/g1.globo.com\/pb\/paraiba\/noticia\/2023\/06\/13\/joao-pessoa-tem-mutirao-para-retificacao-de-prenome-e-genero-de-pessoas-trans.ghtml"},"modified":"2023-06-13T16:24:11","modified_gmt":"2023-06-13T19:24:11","slug":"joao-pessoa-tem-mutirao-para-retificacao-de-prenome-e-genero-de-pessoas-trans","status":"publish","type":"post","link":"https:\/\/sindaopcpb.org.br\/index.php\/2023\/06\/13\/joao-pessoa-tem-mutirao-para-retificacao-de-prenome-e-genero-de-pessoas-trans\/","title":{"rendered":"Jo\u00e3o Pessoa tem mutir\u00e3o para retifica\u00e7\u00e3o de prenome e g\u00eanero de pessoas trans"},"content":{"rendered":"   <img src=\"https:\/\/s2.glbimg.com\/HOvGVHbt0GysBjRQ7vtjdnYo7xk=\/i.s3.glbimg.com\/v1\/AUTH_59edd422c0c84a879bd37670ae4f538a\/internal_photos\/bs\/2019\/9\/V\/5SHKAmTiWzRg7Kmdgiog\/2018-11-14t195017z-1-lynxnpeead1uz-rtroptp-4-usa-lgbt.jpg\" \/><br \/>     Institui\u00e7\u00e3o promove a a\u00e7\u00e3o no dia 28 de junho para atender a principal demanda de pessoas trans encaminhada \u00e0s defensorias do estado. Uma pessoa segura bandeira do movimento trans\nBrendan McDermid\/Reuters\/Arquivo\nA Defensoria P\u00fablica do Estado da Para\u00edba (DPE-PB) realizar\u00e1 no dia 28 de junho um mutir\u00e3o de retifica\u00e7\u00e3o de prenome e g\u00eanero voltado \u00e0s pessoas trans. Durante o M\u00eas do Orgulho, a institui\u00e7\u00e3o promove uma a\u00e7\u00e3o para atender a principal demanda encaminhada \u00e0s defensorias do estado.\nA a\u00e7\u00e3o ser\u00e1 realizada em Jo\u00e3o Pessoa, das 8h \u00e0s 12h, na sede da institui\u00e7\u00e3o e tem como tema \"Meu direito come\u00e7a pelo nome\" para refor\u00e7ar a necessidade do acesso \u00e0 cidadania a partir da altera\u00e7\u00e3o no registro civil.\nO evento ser\u00e1 organizado pela Coordenadoria de Defesa dos Direitos Homoafetivos, da Diversidade Sexual e do Combate da Homofobia, vinculada ao N\u00facleo Especial de Cidadania e de Direitos Humanos (NECIDH) e de acordo com a defensora p\u00fablica Rem\u00e9dios Mendes, coordenadora, apesar do do processo de retifica\u00e7\u00e3o ser poss\u00edvel desde 2018, muitas pessoas ainda encontram dificuldades.\n\"Mesmo assim, muitas pessoas nos procuram para receber orienta\u00e7\u00e3o em rela\u00e7\u00e3o ao pedido administrativo ou quando encontram dificuldades em realizar a retifica\u00e7\u00e3o no cart\u00f3rio\u201d, destaca a defensora.\nDocumentos necess\u00e1rios\nPara ter direito ao atendimento \u00e9 necess\u00e1rio apresentar: certid\u00e3o de nascimento, certid\u00e3o de casamento (se for o caso), RG e CPF, t\u00edtulo de eleitor, comprovante de resid\u00eancia e certid\u00f5es de protesto.\nOutras informa\u00e7\u00f5es sobre o mutir\u00e3o podem ser solicitadas por WhatsApp (83) 98131-7704 , das 8h \u00e0s 12h, de segunda a sexta-feira. As d\u00favidas tamb\u00e9m podem ser enviadas pelo e-mail diversidade@defensoria.pb.def.br.\nV\u00eddeos mais assistidos do g1 Para\u00edba  ","protected":false},"excerpt":{"rendered":"<p>        Institui\u00e7\u00e3o promove a a\u00e7\u00e3o no dia 28 de junho para atender a principal demanda de pessoas trans encaminhada \u00e0s defensorias do estado. Uma pessoa segura bandeira do movimento trans<br \/>\nBrendan McDermid\/Reuters\/Arquivo<br \/>\nA Defensoria P\u00fablica do Estado &#8230;<\/p>\n","protected":false},"author":2,"featured_media":0,"comment_status":"closed","ping_status":"closed","sticky":false,"template":"","format":"standard","meta":{"advgb_blocks_editor_width":"","advgb_blocks_columns_visual_guide":"","footnotes":""},"categories":[34],"tags":[35],"class_list":["post-20624","post","type-post","status-publish","format-standard","hentry","category-g1","tag-g1"],"author_meta":{"display_name":"g1 &gt; Para\u00edba","author_link":"https:\/\/sindaopcpb.org.br\/author\/g1-paraiba\/"},"featured_img":null,"coauthors":[],"tax_additional":{"categories":{"linked":["<a href=\"https:\/\/sindaopcpb.org.br\/g1\/\" class=\"advgb-post-tax-term\">G1<\/a>"],"unlinked":["<span class=\"advgb-post-tax-term\">G1<\/span>"]},"tags":{"linked":["<a href=\"https:\/\/sindaopcpb.org.br\/g1\/\" class=\"advgb-post-tax-term\">g1<\/a>"],"unlinked":["<span class=\"advgb-post-tax-term\">g1<\/span>"]}},"comment_count":"0","relative_dates":{"created":"Publicado 3 anos atr\u00e1s","modified":"Atualizado 3 anos atr\u00e1s"},"absolute_dates":{"created":"Publicado em 13 de junho de 2023","modified":"Atualizado em 13 de junho de 2023"},"absolute_dates_time":{"created":"Publicado em 13 de junho de 2023 16:24","modified":"Atualizado em 13 de junho de 2023 16:24"},"featured_img_caption":"","series_order":"","_links":{"self":[{"href":"https:\/\/sindaopcpb.org.br\/index.php\/wp-json\/wp\/v2\/posts\/20624","targetHints":{"allow":["GET"]}}],"collection":[{"href":"https:\/\/sindaopcpb.org.br\/index.php\/wp-json\/wp\/v2\/posts"}],"about":[{"href":"https:\/\/sindaopcpb.org.br\/index.php\/wp-json\/wp\/v2\/types\/post"}],"author":[{"embeddable":true,"href":"https:\/\/sindaopcpb.org.br\/index.php\/wp-json\/wp\/v2\/users\/2"}],"replies":[{"embeddable":true,"href":"https:\/\/sindaopcpb.org.br\/index.php\/wp-json\/wp\/v2\/comments?post=20624"}],"version-history":[{"count":2,"href":"https:\/\/sindaopcpb.org.br\/index.php\/wp-json\/wp\/v2\/posts\/20624\/revisions"}],"predecessor-version":[{"id":20747,"href":"https:\/\/sindaopcpb.org.br\/index.php\/wp-json\/wp\/v2\/posts\/20624\/revisions\/20747"}],"wp:attachment":[{"href":"https:\/\/sindaopcpb.org.br\/index.php\/wp-json\/wp\/v2\/media?parent=20624"}],"wp:term":[{"taxonomy":"category","embeddable":true,"href":"https:\/\/sindaopcpb.org.br\/index.php\/wp-json\/wp\/v2\/categories?post=20624"},{"taxonomy":"post_tag","embeddable":true,"href":"https:\/\/sindaopcpb.org.br\/index.php\/wp-json\/wp\/v2\/tags?post=20624"}],"curies":[{"name":"wp","href":"https:\/\/api.w.org\/{rel}","templated":true}]}}