{"id":20604,"date":"2023-06-13T13:54:52","date_gmt":"2023-06-13T16:54:52","guid":{"rendered":"https:\/\/www.infomoney.com.br\/?p=2159371"},"modified":"2023-06-13T13:54:52","modified_gmt":"2023-06-13T16:54:52","slug":"ministra-do-turismo-ganha-sobrevida-e-permanece-no-cargo-apos-reuniao-com-lula-no-planalto","status":"publish","type":"post","link":"https:\/\/sindaopcpb.org.br\/index.php\/2023\/06\/13\/ministra-do-turismo-ganha-sobrevida-e-permanece-no-cargo-apos-reuniao-com-lula-no-planalto\/","title":{"rendered":"Ministra do Turismo ganha sobrevida e permanece no cargo ap\u00f3s reuni\u00e3o com Lula no Planalto"},"content":{"rendered":"<p><img loading=\"lazy\" width=\"300\" height=\"225\" src=\"https:\/\/www.infomoney.com.br\/wp-content\/uploads\/2023\/06\/turismo_-_daniela_souza_carneiro_ccbb_2912223156.jpg?fit=300%2C225&amp;quality=70&amp;strip=all\" class=\"attachment-medium size-medium wp-post-image\" alt=\"\" decoding=\"async\" style=\"float:right; margin:0 0 10px 10px;\" srcset=\"https:\/\/www.infomoney.com.br\/wp-content\/uploads\/2023\/06\/turismo_-_daniela_souza_carneiro_ccbb_2912223156.jpg?w=1024&amp;quality=70&amp;strip=all 1024w, https:\/\/www.infomoney.com.br\/wp-content\/uploads\/2023\/06\/turismo_-_daniela_souza_carneiro_ccbb_2912223156.jpg?w=300&amp;quality=70&amp;strip=all 300w, https:\/\/www.infomoney.com.br\/wp-content\/uploads\/2023\/06\/turismo_-_daniela_souza_carneiro_ccbb_2912223156.jpg?w=768&amp;quality=70&amp;strip=all 768w, https:\/\/www.infomoney.com.br\/wp-content\/uploads\/2023\/06\/turismo_-_daniela_souza_carneiro_ccbb_2912223156.jpg?w=150&amp;quality=70&amp;strip=all 150w\" sizes=\"auto, (max-width: 300px) 100vw, 300px\" data-attachment-id=\"2159403\" data-permalink=\"https:\/\/www.infomoney.com.br\/politica\/ministra-do-turismo-ganha-sobrevida-e-permanece-no-cargo-apos-reuniao-com-lula-no-planalto\/attachment\/turismo-daniela-souza-carneiro\/\" data-orig-file=\"https:\/\/www.infomoney.com.br\/wp-content\/uploads\/2023\/06\/turismo_-_daniela_souza_carneiro_ccbb_2912223156.jpg?fit=1024%2C768&amp;quality=70&amp;strip=all\" data-orig-size=\"1024,768\" data-comments-opened=\"0\" data-image-meta=\"{&quot;aperture&quot;:&quot;2.8&quot;,&quot;credit&quot;:&quot;Jos\\u00e9 Cruz\\\/Ag\\u00eancia Brasil&quot;,&quot;camera&quot;:&quot;Canon EOS-1D X&quot;,&quot;caption&quot;:&quot;Turismo \\u2013 Daniela Souza Carneiro&quot;,&quot;created_timestamp&quot;:&quot;1672318422&quot;,&quot;copyright&quot;:&quot;Ag\\u00eancia Brasil\\\/EBC&quot;,&quot;focal_length&quot;:&quot;123&quot;,&quot;iso&quot;:&quot;2000&quot;,&quot;shutter_speed&quot;:&quot;0.003125&quot;,&quot;title&quot;:&quot;Turismo \\u2013 Daniela Souza Carneiro&quot;,&quot;orientation&quot;:&quot;1&quot;}\" data-image-title=\"Ministra do Turismo, Daniela Carneiro\" data-image-description=\"\" data-image-caption=\"&lt;p&gt;Foto: Jos\u00e9 Cruz\/Ag\u00eancia Brasil&lt;\/p&gt;\n\" data-medium-file=\"https:\/\/www.infomoney.com.br\/wp-content\/uploads\/2023\/06\/turismo_-_daniela_souza_carneiro_ccbb_2912223156.jpg?fit=300%2C225&amp;quality=70&amp;strip=all\" data-large-file=\"https:\/\/www.infomoney.com.br\/wp-content\/uploads\/2023\/06\/turismo_-_daniela_souza_carneiro_ccbb_2912223156.jpg?fit=1024%2C768&amp;quality=70&amp;strip=all\" title=\"\"><\/p>\n<p>Ap\u00f3s reuni\u00e3o no Pal\u00e1cio do Planalto na manh\u00e3 desta ter\u00e7a-feira (13), o presidente <strong>Luiz In\u00e1cio Lula da Silva (PT)<\/strong> optou por manter no cargo a ministra do Turismo, Daniela Carneiro (Uni\u00e3o Brasil-RJ).<\/p>\n<p>A decis\u00e3o afasta, por ora, as especula\u00e7\u00f5es sobre uma poss\u00edvel troca na chefia da pasta como solu\u00e7\u00e3o para desatar o n\u00f3 da articula\u00e7\u00e3o pol\u00edtica do governo no Congresso Nacional. O encontro tamb\u00e9m contou com a presen\u00e7a do ministro de Rela\u00e7\u00f5es Institucionais, Alexandre Padilha (PT).<\/p>\n<p>O fato de o Uni\u00e3o Brasil n\u00e3o ter entregado os votos esperados nas vota\u00e7\u00f5es recentes na C\u00e2mara dos Deputados tem feito aumentar a press\u00e3o para que o Planalto tome alguma provid\u00eancia. O partido atualmente conta com nomes indicados em tr\u00eas minist\u00e9rios. Al\u00e9m de Daniela, fazem parte do governo Juscelino Filho (Comunica\u00e7\u00f5es) e Waldez G\u00f3es (Integra\u00e7\u00e3o Regional), que apesar de ser do PDT foi uma indica\u00e7\u00e3o do senador Davi Alcolumbre (Uni\u00e3o Brasil-AP).<\/p>\n<p>A c\u00fapula do Uni\u00e3o Brasil, no entanto, mant\u00e9m postura de neutralidade em rela\u00e7\u00e3o ao governo Lula e alega que a ocupa\u00e7\u00e3o dos minist\u00e9rios responde a indica\u00e7\u00f5es de Alcolumbre e da pr\u00f3pria cota pessoal de Lula, como o caso de Daniela &#8211; que \u00e9 esposa do prefeito Waguinho, de Belford Roxo (RJ), um dos poucos gestores municipais da Baixada Fluminense a apoiarem o petista nas elei\u00e7\u00f5es de 2022.<\/p>\n<p>Ao mesmo tempo, Daniela n\u00e3o vive bom momento dentro do partido, o que acaba potencializando os problemas de di\u00e1logo entre o partido e o governo. Repetindo um rompimento j\u00e1 feito pelo marido, sua migra\u00e7\u00e3o para o Republicanos deve ser concretizada em breve. Diante da troca partid\u00e1ria, alas do governo sustentam que, por ser um posto vinculado ao Uni\u00e3o Brasil, a mudan\u00e7a no titular da pasta seria natural, restando ao governo trabalhar para amenizar o desgaste causado pela situa\u00e7\u00e3o.<\/p>\n<p>Na manh\u00e3 desta ter\u00e7a, rumores apontavam para que o deputado Celso Sabino (Uni\u00e3o Brasil-PA) fosse indicado pelo Planalto para o cargo, com a iminente sa\u00edda de Daniela. Nome pr\u00f3ximo ao l\u00edder da legenda, Elmar Nascimento (BA), Sabino tamb\u00e9m tem boa rela\u00e7\u00e3o com o presidente da C\u00e2mara dos Deputados, Arthur Lira (PP-AL). Por outro lado, \u00e9 visto entre petistas como aliado do ex-presidente Jair Bolsonaro (PL), o que provoca resist\u00eancia entre alguns aliados do governo.<\/p>\n<p>Atualmente a bancada do Uni\u00e3o Brasil no Congresso conta com 59 deputados federais e nove senadores. A sigla nasceu da fus\u00e3o entre PSL e Democratas, e abarca desde figuras pol\u00edticas que ascenderam nos \u00faltimos anos junto com o bolsonarismo at\u00e9 antigos caciques da centro-direita.<\/p>\n<p>Conhecida no meio pol\u00edtico como Dani do Waguinho, Daniela Carneiro foi eleita a deputada federal mais votada no Rio de Janeiro nas \u00faltimas elei\u00e7\u00f5es, com 213 mil votos. Ela teve sua indica\u00e7\u00e3o para chefiar a pasta do Turismo vista como uma escolha pessoal de Lula, ap\u00f3s o petista fechar uma alian\u00e7a com o casal ainda no segundo turno das elei\u00e7\u00f5es, na Baixada Fluminense, visando reduzir a vantagem de votos que Jair Bolsonaro possu\u00eda no Estado.<\/p>\n<p>The post <a rel=\"nofollow noopener\" href=\"https:\/\/www.infomoney.com.br\/politica\/ministra-do-turismo-ganha-sobrevida-e-permanece-no-cargo-apos-reuniao-com-lula-no-planalto\/\" target=\"_blank\">Ministra do Turismo ganha sobrevida e permanece no cargo ap\u00f3s reuni\u00e3o com Lula no Planalto<\/a> appeared first on <a rel=\"nofollow noopener\" href=\"https:\/\/www.infomoney.com.br\/\" target=\"_blank\">InfoMoney<\/a>.<\/p>\n","protected":false},"excerpt":{"rendered":"<p><img loading=\"lazy\" decoding=\"async\" width=\"300\" height=\"225\" src=\"https:\/\/www.infomoney.com.br\/wp-content\/uploads\/2023\/06\/turismo_-_daniela_souza_carneiro_ccbb_2912223156.jpg?fit=300%2C225&amp;quality=70&amp;strip=all\" class=\"attachment-medium size-medium wp-post-image\" alt=\"\" data-attachment-id=\"2159403\" data-permalink=\"https:\/\/www.infomoney.com.br\/politica\/ministra-do-turismo-ganha-sobrevida-e-permanece-no-cargo-apos-reuniao-com-lula-no-planalto\/attachment\/turismo-daniela-souza-carneiro\/\" data-orig-file=\"https:\/\/www.infomoney.com.br\/wp-content\/uploads\/2023\/06\/turismo_-_daniela_souza_carneiro_ccbb_2912223156.jpg?fit=1024%2C768&amp;quality=70&amp;strip=all\" data-orig-size=\"1024,768\" data-comments-opened=\"0\" data-image-meta='{\"aperture\":\"2.8\",\"credit\":\"Jos\\u00e9 Cruz\\\/Ag\\u00eancia Brasil\",\"camera\":\"Canon EOS-1D X\",\"caption\":\"Turismo \\u2013 Daniela Souza Carneiro\",\"created_timestamp\":\"1672318422\",\"copyright\":\"Ag\\u00eancia Brasil\\\/EBC\",\"focal_length\":\"123\",\"iso\":\"2000\",\"shutter_speed\":\"0.003125\",\"title\":\"Turismo \\u2013 Daniela Souza Carneiro\",\"orientation\":\"1\"}' data-image-title=\"Ministra do Turismo, Daniela Carneiro\" data-image-description=\"\" data-image-caption=\"&lt;p&gt;Foto: Jos\u00e9 Cruz\/Ag\u00eancia Brasil&lt;\/p&gt;\n\" data-medium-file=\"https:\/\/www.infomoney.com.br\/wp-content\/uploads\/2023\/06\/turismo_-_daniela_souza_carneiro_ccbb_2912223156.jpg?fit=300%2C225&amp;quality=70&amp;strip=all\" data-large-file=\"https:\/\/www.infomoney.com.br\/wp-content\/uploads\/2023\/06\/turismo_-_daniela_souza_carneiro_ccbb_2912223156.jpg?fit=1024%2C768&amp;quality=70&amp;strip=all\">Vista como solu\u00e7\u00e3o para desatar o n\u00f3 da articula\u00e7\u00e3o pol\u00edtica e melhorar di\u00e1logo com Congresso, mudan\u00e7a na pasta n\u00e3o se concretizou<\/p>\n<p>The post <a rel=\"nofollow\" href=\"https:\/\/www.infomoney.com.br\/politica\/ministra-do-turismo-ganha-sobrevida-e-permanece-no-cargo-apos-reuniao-com-lula-no-planalto\/\">Ministra do Turismo ganha sobrevida e permanece no cargo ap\u00f3s reuni\u00e3o com Lula no Planalto<\/a> appeared first on <a rel=\"nofollow\" href=\"https:\/\/www.infomoney.com.br\/\">InfoMoney<\/a>.<\/p>\n","protected":false},"author":47,"featured_media":0,"comment_status":"closed","ping_status":"closed","sticky":false,"template":"","format":"standard","meta":{"advgb_blocks_editor_width":"","advgb_blocks_columns_visual_guide":"","footnotes":""},"categories":[359,34,4564,422,4196,47],"tags":[35],"class_list":["post-20604","post","type-post","status-publish","format-standard","hentry","category-congresso-nacional","category-g1","category-ministerio-do-turismo","category-palacio-do-planalto","category-poder-executivo","category-politica","tag-g1"],"author_meta":{"display_name":"luispereira","author_link":"https:\/\/sindaopcpb.org.br\/author\/luispereira\/"},"featured_img":null,"coauthors":[],"tax_additional":{"categories":{"linked":["<a href=\"https:\/\/sindaopcpb.org.br\/congresso-nacional\/\" class=\"advgb-post-tax-term\">Congresso Nacional<\/a>","<a href=\"https:\/\/sindaopcpb.org.br\/g1\/\" class=\"advgb-post-tax-term\">G1<\/a>","<a href=\"https:\/\/sindaopcpb.org.br\/ministerio-do-turismo\/\" class=\"advgb-post-tax-term\">Minist\u00e9rio do Turismo<\/a>","<a href=\"https:\/\/sindaopcpb.org.br\/palacio-do-planalto\/\" class=\"advgb-post-tax-term\">Pal\u00e1cio do Planalto<\/a>","<a href=\"https:\/\/sindaopcpb.org.br\/poder-executivo\/\" class=\"advgb-post-tax-term\">Poder Executivo<\/a>","<a href=\"https:\/\/sindaopcpb.org.br\/politica\/\" class=\"advgb-post-tax-term\">POLITICA<\/a>"],"unlinked":["<span class=\"advgb-post-tax-term\">Congresso Nacional<\/span>","<span class=\"advgb-post-tax-term\">G1<\/span>","<span class=\"advgb-post-tax-term\">Minist\u00e9rio do Turismo<\/span>","<span class=\"advgb-post-tax-term\">Pal\u00e1cio do Planalto<\/span>","<span class=\"advgb-post-tax-term\">Poder Executivo<\/span>","<span class=\"advgb-post-tax-term\">POLITICA<\/span>"]},"tags":{"linked":["<a href=\"https:\/\/sindaopcpb.org.br\/politica\/\" class=\"advgb-post-tax-term\">g1<\/a>"],"unlinked":["<span class=\"advgb-post-tax-term\">g1<\/span>"]}},"comment_count":"0","relative_dates":{"created":"Publicado 3 anos atr\u00e1s","modified":"Atualizado 3 anos atr\u00e1s"},"absolute_dates":{"created":"Publicado em 13 de junho de 2023","modified":"Atualizado em 13 de junho de 2023"},"absolute_dates_time":{"created":"Publicado em 13 de junho de 2023 13:54","modified":"Atualizado em 13 de junho de 2023 13:54"},"featured_img_caption":"","series_order":"","_links":{"self":[{"href":"https:\/\/sindaopcpb.org.br\/index.php\/wp-json\/wp\/v2\/posts\/20604","targetHints":{"allow":["GET"]}}],"collection":[{"href":"https:\/\/sindaopcpb.org.br\/index.php\/wp-json\/wp\/v2\/posts"}],"about":[{"href":"https:\/\/sindaopcpb.org.br\/index.php\/wp-json\/wp\/v2\/types\/post"}],"author":[{"embeddable":true,"href":"https:\/\/sindaopcpb.org.br\/index.php\/wp-json\/wp\/v2\/users\/47"}],"replies":[{"embeddable":true,"href":"https:\/\/sindaopcpb.org.br\/index.php\/wp-json\/wp\/v2\/comments?post=20604"}],"version-history":[{"count":1,"href":"https:\/\/sindaopcpb.org.br\/index.php\/wp-json\/wp\/v2\/posts\/20604\/revisions"}],"predecessor-version":[{"id":20605,"href":"https:\/\/sindaopcpb.org.br\/index.php\/wp-json\/wp\/v2\/posts\/20604\/revisions\/20605"}],"wp:attachment":[{"href":"https:\/\/sindaopcpb.org.br\/index.php\/wp-json\/wp\/v2\/media?parent=20604"}],"wp:term":[{"taxonomy":"category","embeddable":true,"href":"https:\/\/sindaopcpb.org.br\/index.php\/wp-json\/wp\/v2\/categories?post=20604"},{"taxonomy":"post_tag","embeddable":true,"href":"https:\/\/sindaopcpb.org.br\/index.php\/wp-json\/wp\/v2\/tags?post=20604"}],"curies":[{"name":"wp","href":"https:\/\/api.w.org\/{rel}","templated":true}]}}